{"id":51181,"date":"2019-05-10T08:30:04","date_gmt":"2019-05-10T06:30:04","guid":{"rendered":"http:\/\/appelloalpopolo.it\/?p=51181"},"modified":"2019-05-10T17:54:57","modified_gmt":"2019-05-10T15:54:57","slug":"sinistra-elettorato-e-momento-populista","status":"publish","type":"post","link":"https:\/\/appelloalpopolo.it\/?p=51181","title":{"rendered":"Sinistra, elettorato e momento populista"},"content":{"rendered":"<p>Di <strong>SENSO COMUNE (Paolo Cornetti)<\/strong><\/p>\n<p>&nbsp;<\/p>\n<p>&nbsp;<\/p>\n<p class=\"p1\" style=\"text-align: justify\"><span class=\"s1\"><strong>Ormai da diversi anni l\u2019elettorato di \u201csinistra\u201d, cosiddetto puro, \u00e8 in drastica diminuzione<\/strong>\u00a0come confermano i dati elettorali dei partiti che vanno dal pi\u00f9 moderato centrosinistra alla sinistra radicale.\u00a0<\/span><\/p>\n<p class=\"p1\" style=\"text-align: justify\"><span class=\"s1\"><strong>Innanzitutto \u00e8 bene spiegare cosa si intende per \u201celettorato puro di sinistra\u201d.<\/strong>\u00a0<\/span><span class=\"s1\">Con questa definizione si fa riferimento a coloro che si riconoscono nei valori, nei metodi e in particolar modo nei simboli storici della sinistra e che votano in maniera ideologica a sinistra senza prendere in considerazione altre opzioni.\u00a0<\/span><span class=\"s1\">Oggi, come dimostrano i sondaggi, invece, prevale l\u2019elettore arrabbiato, politicamente spaesato e soprattutto molto critico nei confronti dei partiti che si richiamano a un qualsiasi tipo di simbolismo proveniente dal passato. Un elettorato, questo, non per forza ideologicamente di destra, ma che, anzi, contiene al suo interno anche diverse categorie che un tempo hanno votato a sinistra e che ora cercano il modo migliore per destabilizzare un sistema politico che li ha condotti ad una situazione di disagio sociale, cercando una risposta a tre\/quattro temi trasversali e valutati come fondamentali (sicurezza, lavoro, tasse, pensioni\u2026). Si tratta, questo, di un elettorato in cerca della novit\u00e0, di una forza prorompente diversa dalle altre: una forza, dunque, populista.<\/span><\/p>\n<p class=\"p1\" style=\"text-align: justify\"><span class=\"s1\"><strong>Questa volont\u00e0 di una grossa fetta della popolazione di abbandonare il vecchio per lanciarsi nel nuovo \u00e8 una delle caratteristiche del momento populista.<\/strong>\u00a0<\/span><span class=\"s1\">E proprio questo momento populista che stiamo vivendo sembra essere proprio ci\u00f2 che la sinistra italiana continua a non voler cogliere, illudendosi che la spinta propulsiva delle due forze che principalmente rappresentano questo tipo di novit\u00e0 possa esaurirsi con l\u2019esperienza di governo, ripristinando una sostanziale normalit\u00e0 e magari un ritorno al tanto amato bipolarismo.<\/span><\/p>\n<p class=\"p1\" style=\"text-align: justify\"><span class=\"s1\"><strong>Se da una parte \u00e8 vero che il Movimento 5 Stelle sta via via perdendo quello smalto iniziale, con ormai una parte del suo elettorato meno affezionato in preda a dubbi e perplessit\u00e0,<\/strong>\u00a0e sta iniziando ad essere visto maggiormente come una forza di sistema; se \u00e8 vero questo, dall\u2019altra la Lega continua ad acquisire consensi sempre maggiori dimostrando che il momento populista sia tutt\u2019altro che finito. \u00c8 vero, la Lega rimane il partito pi\u00f9 vecchio dell\u2019arco parlamentare italiano e quindi teoricamente dovrebbe essere considerata la cosa pi\u00f9 lontana alla novit\u00e0 politica esistente nel Paese, ma il fenomenale (dal punto di vista comunicativo) rebranding attuato da Matteo Salvini e dal suo staff a partire da fine 2013 ha fatto s\u00ec che il partito diventasse una reale e concreta novit\u00e0 agli occhi degli elettori.<\/span><\/p>\n<p class=\"p1\" style=\"text-align: justify\"><span class=\"s1\"><strong>La strategia della sinistra, pi\u00f9 o meno radicale, sembra essere quella di continuare a consolidare il proprio nucleo, quello che sopra veniva definito come \u201celettorato puro di sinistra\u201d.<\/strong>\u00a0Questo avviene in maggior misura attraverso una costante contrapposizione alle forze di governo portata avanti tramite un ricorso sempre maggiore al simbolismo. In particolare si fa continuamente riferimento a Salvini come fascista e di contro si mette in atto una propaganda \u201cantifascista\u201d, cercando di aprire una contrapposizione netta, ma sempre strettamente legata a un determinato simbolismo storico tipico della sinistra.<\/span><\/p>\n<p class=\"p1\" style=\"text-align: justify\"><span class=\"s1\"><strong>L\u2019ultimo ed esemplificativo episodio in tal senso \u00e8 avvenuto nella citt\u00e0 di Forl\u00ec il 3 maggio<\/strong>, quando Salvini ha intrattenuto i suoi sostenitori\u00a0<a href=\"https:\/\/bologna.repubblica.it\/cronaca\/2019\/05\/04\/news\/forli_il_comizio_di_salvini_dal_balcone_del_municipio_e_polemica-225451780\/\">parlando dal balcone del Municipio<\/a>.\u00a0<\/span><span class=\"s1\">Da quello stesso balcone era solito parlare Benito Mussolini e l\u2019analogia ha parecchio disturbato le coscienze dell\u2019antifascismo forlivese, una citt\u00e0 che ha iscritto nel DNA una profonda storia di resistenza partigiana e nella quale le violenze del fascismo si sono presentate nella loro forma pi\u00f9 atroce.\u00a0<\/span><span class=\"s1\">La condanna di questo gesto \u00e8 stata unanime a sinistra e non sono mancate risposte immediate di diversi esponenti politici tramite social nework e articoli nei vari quotidiani nei quali si accusava Salvini di aver volutamente imitato Mussolini.<\/span><\/p>\n<p class=\"p1\" style=\"text-align: justify\"><span class=\"s1\"><strong>Queste reazioni hanno un fine: suscitare l\u2019indignazione di coloro che si sentono antifascisti.<\/strong>\u00a0<\/span><span class=\"s1\">Ancora una volta la contrapposizione a Salvini avviene sulla questione simbolica, una questione simbolica che per\u00f2 continua a interessare soltanto il nocciolo duro dell\u2019elettorato di sinistra e ad essere ignorata da tutto il resto. Compresi coloro che un tempo votavano a sinistra.<\/span><\/p>\n<p class=\"p1\" style=\"text-align: justify\"><span class=\"s1\"><strong>\u00c8 cos\u00ec che Salvini gioca la sua partita. Provoca la sinistra tramite il simbolismo e oltre a dettare in questo modo l\u2019agenda politica<\/strong>\u00a0facendo s\u00ec che tutti parlino di lui e del tema imposto da lui, sa che al tempo stesso da questa contrapposizione simbolica la sinistra non guadagner\u00e0 consensi. Anzi, nella sua abile gestione mediatica spesso riesce a rappresentarsi come vittima della propaganda simbolica di sinistra, il ch\u00e9 porta un pubblico neutrale e lontano da determinate dinamiche a solidarizzare con lui.<\/span><\/p>\n<p class=\"p1\" style=\"text-align: justify\"><strong><span class=\"s1\">Secondo alcuni analisti il momento populista in Spagna sarebbe terminato (almeno per il momento) e la tendenza della politica italiana di guardare sempre alle dinamiche estere per capire cosa sta succedendo nel proprio paese potrebbe essere causa di una pessima lettura dell\u2019attuale campagna elettorale.\u00a0<\/span><\/strong><span class=\"s1\">Questa non dovrebbe essere per la sinistra l\u2019ora di consolidare il proprio elettorato, perch\u00e9 ci\u00f2 significa produrre una potenza di fuoco largamente insufficiente per anche solo impensierire Salvini, la Lega e il Movimento 5 Stelle. Questo dovrebbe essere il momento per esplorare nuovi campi, nuovi modi di fare politica e di cercare di attrarre la pi\u00f9 vasta fetta di popolazione possibile declinando in maniera forte, e quindi socialista, temi che sono di per s\u00e9 trasversali a partire, per esempio, dall\u2019ambiente, cavalcando, dunque, e non ostracizzando il momento populista.\u00a0\u00a0<\/span><span class=\"s1\">Il miglior modo per iniziare a farlo \u00e8 sicuramente quello di smettere di farsi dettare l\u2019agenda politica e di inseguire Salvini commentando o rispondendo ad ogni sua provocazione, azioni che causano soltanto un aumento di visibilit\u00e0 e di popolarit\u00e0 al leader della Lega.<\/span><\/p>\n<p>&nbsp;<\/p>\n<p><strong>Fonte:\u00a0<a href=\"https:\/\/www.senso-comune.it\/rivista\/penisola\/sinistra-elettorato-e-momento-populista\/\">https:\/\/www.senso-comune.it\/rivista\/penisola\/sinistra-elettorato-e-momento-populista\/<\/a><\/strong><\/p>\n","protected":false},"excerpt":{"rendered":"<p>Di SENSO COMUNE (Paolo Cornetti) &nbsp; &nbsp; Ormai da diversi anni l\u2019elettorato di \u201csinistra\u201d, cosiddetto puro, \u00e8 in drastica diminuzione\u00a0come confermano i dati elettorali dei partiti che vanno dal pi\u00f9 moderato centrosinistra alla sinistra radicale.\u00a0 Innanzitutto \u00e8 bene spiegare cosa si intende per \u201celettorato puro di sinistra\u201d.\u00a0Con questa definizione si fa riferimento a coloro che si riconoscono nei valori, nei metodi e in particolar modo nei simboli storici della sinistra e che votano in maniera&#46;&#46;&#46;<\/p>\n","protected":false},"author":92,"featured_media":33207,"comment_status":"open","ping_status":"open","sticky":false,"template":"","format":"standard","meta":{"jetpack_post_was_ever_published":false,"_jetpack_newsletter_access":"","_jetpack_dont_email_post_to_subs":false,"_jetpack_newsletter_tier_id":0,"_jetpack_memberships_contains_paywalled_content":false,"_jetpack_memberships_contains_paid_content":false,"footnotes":"","jetpack_publicize_message":"","jetpack_publicize_feature_enabled":true,"jetpack_social_post_already_shared":true,"jetpack_social_options":{"image_generator_settings":{"template":"highway","enabled":false},"version":2}},"categories":[32],"tags":[],"jetpack_publicize_connections":[],"jetpack_featured_media_url":"https:\/\/appelloalpopolo.it\/wp-content\/uploads\/2017\/07\/Senso-Comune.png","jetpack_sharing_enabled":true,"jetpack_shortlink":"https:\/\/wp.me\/p7ZaJ4-djv","_links":{"self":[{"href":"https:\/\/appelloalpopolo.it\/index.php?rest_route=\/wp\/v2\/posts\/51181"}],"collection":[{"href":"https:\/\/appelloalpopolo.it\/index.php?rest_route=\/wp\/v2\/posts"}],"about":[{"href":"https:\/\/appelloalpopolo.it\/index.php?rest_route=\/wp\/v2\/types\/post"}],"author":[{"embeddable":true,"href":"https:\/\/appelloalpopolo.it\/index.php?rest_route=\/wp\/v2\/users\/92"}],"replies":[{"embeddable":true,"href":"https:\/\/appelloalpopolo.it\/index.php?rest_route=%2Fwp%2Fv2%2Fcomments&post=51181"}],"version-history":[{"count":2,"href":"https:\/\/appelloalpopolo.it\/index.php?rest_route=\/wp\/v2\/posts\/51181\/revisions"}],"predecessor-version":[{"id":51185,"href":"https:\/\/appelloalpopolo.it\/index.php?rest_route=\/wp\/v2\/posts\/51181\/revisions\/51185"}],"wp:featuredmedia":[{"embeddable":true,"href":"https:\/\/appelloalpopolo.it\/index.php?rest_route=\/wp\/v2\/media\/33207"}],"wp:attachment":[{"href":"https:\/\/appelloalpopolo.it\/index.php?rest_route=%2Fwp%2Fv2%2Fmedia&parent=51181"}],"wp:term":[{"taxonomy":"category","embeddable":true,"href":"https:\/\/appelloalpopolo.it\/index.php?rest_route=%2Fwp%2Fv2%2Fcategories&post=51181"},{"taxonomy":"post_tag","embeddable":true,"href":"https:\/\/appelloalpopolo.it\/index.php?rest_route=%2Fwp%2Fv2%2Ftags&post=51181"}],"curies":[{"name":"wp","href":"https:\/\/api.w.org\/{rel}","templated":true}]}}