{"id":51204,"date":"2019-05-13T00:53:25","date_gmt":"2019-05-12T22:53:25","guid":{"rendered":"http:\/\/appelloalpopolo.it\/?p=51204"},"modified":"2019-05-12T17:05:37","modified_gmt":"2019-05-12T15:05:37","slug":"lerrore-tragico-delle-elites-italiane","status":"publish","type":"post","link":"https:\/\/appelloalpopolo.it\/?p=51204","title":{"rendered":"L&#8217;errore tragico delle \u00e9lites italiane"},"content":{"rendered":"<p style=\"text-align: justify;\">di GIUSEPPE MASALA<\/p>\n<p style=\"text-align: justify;\">&#8220;Il Tempo&#8221; di Roma d\u00e0 conto della presentazione tenutasi ieri a Roma del libro di David Parenzo alla quale hanno partecipato Emma Bonino e Mario Monti. Come \u00e8 facile intuire il discorso \u00e8 scivolato sull&#8217;Europa, sui nazionalismi risorgenti e sui suoi rischi.\u00a0 Emblematico quanto detto da Mario Monti che traggo testualmente dal pezzo del giornale: &#8220;Se i sovranisti vincono torneranno i conflitti e l&#8217;Europa finir\u00e0 distrutta e rasa al suolo&#8221;. Questo \u00e8 ci\u00f2 che vede l&#8217;eminente economista della Bocconi. Non \u00e8 di per s\u00e9 un discorso sbagliato: una frattura dell&#8217;Unione Europea creerebbe senza dubbio forti tensioni politiche in Europa, recriminazioni, traumi e crisi rabbiose soprattutto da parte di chi ha pi\u00f9 da perdere dalla fine della Cuccagna Europoide. E&#8217; chiaro ed evidente che c&#8217;\u00e8 un rischio di guerra se si verificasse questa eventualit\u00e0.<\/p>\n<p style=\"text-align: justify;\">L&#8217;errore previsionale di Monti non sta per\u00f2 in ci\u00f2 che ha detto ma in ci\u00f2 che non ha detto, probabilmente perch\u00e9 non riesce a vedere oltre la sua visione ideologizzata dell&#8217;Europa.\u00a0 Questa Europa \u00e8 chiaramente egemonizzata dalla Germania, di gran lunga il paese maggior beneficiario della moneta unica e dell&#8217;unificazione del mercato finanziario e dei beni. Questa \u00e8 un Europa germanizzata. Oserei dire un&#8217;Europa sottomessa ai voleri di Berlino. Un&#8217;Europa dove ora l&#8217;ultimo baluardo \u00e8 stato definitivamente fatto cadere. Mi riferisco alla Francia di fatto costretta a firmare un Trattato di Aquisgrana dove la Germania ha tutto da guadagnare e la Francia ha tutto da perdere: copertura diplomatica per l&#8217;ottenimento di un seggio permanente nel Consiglio di Sicurezza dell&#8217;Onu e esercito unico europeo dove la Francia metter\u00e0 a disposizione il suo deterrente nucleare. In cambio la Francia cosa ottiene? Tempo, nulla pi\u00f9 che tempo per mettere a posto i suoi conti con l&#8217;estero chiaramente sostenuti dai capitali dei paesi in surplus e dunque dalla Germania stessa.<\/p>\n<p style=\"text-align: justify;\">Inutile dire che anche l&#8217;uscita della Gran Bretagna toglie l&#8217;unico altro appiglio che evitava la completa <em>Germanisierung<\/em> dell&#8217;Europa. Un&#8217;Europa ridotta dunque a protettorato tedesco che economicamente ha la funzione di produttore a basso costo nella global <em>chain value<\/em> dei marchi premium tedeschi.<\/p>\n<p style=\"text-align: justify;\">Quello che non si domanda Monti che vede evidentemente in questa configurazione europea il migliore dei mondi possibili \u00e8 a che cosa serva alla Germania tutto questo. La risposta ce l&#8217;ha data il Ministro degli Esteri Heiko Maas qualche mese fa in un &#8220;articolo-manifesto&#8221; (colpevolmente ignorato dalla nostra stampa) pubblicato da Handelsblatt. La Germania persegue una politica di sganciamento dagli USA al fine di giocare un ruolo da potenza mondiale con delle alleanze a geometria variabile in giro per il mondo. Tutto scritto, nero su bianco, da Maas.<\/p>\n<p style=\"text-align: justify;\">Inutile anche sottolineare che la Germania surrettiziamente persegue una politica di potenza anche militare. Vogliamo parlare del vertice sui Balcani tenutosi una settimana fa a Berlino dove la Germania invitava caldamente paesi come la Bosnia, la Serbia e la Macedonia ad entrare nella EU? Vogliamo parlare della richiesta tedesca di costruire una &#8220;portaerei europea&#8221; aggirando cos\u00ec il divieto imposto a Berlino di riarmarsi? Vogliamo parlare della scoperta di una missione militare tedesca in Niger fatta dal governo della Merkel all&#8217;insaputa del parlamento stesso? Tutta roba emblematica.<\/p>\n<p style=\"text-align: justify;\">Sfortunatamente mi pare di capire che gli altri paesi vincitori della seconda guerra mondiale, Cina, USA, UK e Russia quel ruolo non hanno nessuna intenzione di concederlo. Per nessuna ragione al mondo. Ecco, quello che non capisce Monti \u00e8 che un&#8217;Europa unita e germanizzata \u00e8 foriera di guai al pari di una rottura della UE stessa. In un caso si rischia una guerra intraeuropea e nell&#8217;altro si rischia una guerra tra l&#8217;Europa ed il resto del mondo.<\/p>\n<p style=\"text-align: justify;\">La Verit\u00e0 vera \u00e8 che il danno \u00e8 stata la caduta del Muro di Berlino. Altro che festeggiamenti, ha riportato in Europa il fantasma di Guglielmo II: solo che il Kaiser questa volta ce l&#8217;abbiamo con il caschetto biondo anzich\u00e9 con i baffi a manubrio. Avevano ragione Andreotti e Natta a dire che riunificare la Germania avrebbe portato una montagna di guai, altro che Pace e Libert\u00e0.<\/p>\n<p><em>fonte: Facebook<\/em><\/p>\n","protected":false},"excerpt":{"rendered":"<p>di GIUSEPPE MASALA &#8220;Il Tempo&#8221; di Roma d\u00e0 conto della presentazione tenutasi ieri a Roma del libro di David Parenzo alla quale hanno partecipato Emma Bonino e Mario Monti. Come \u00e8 facile intuire il discorso \u00e8 scivolato sull&#8217;Europa, sui nazionalismi risorgenti e sui suoi rischi.\u00a0 Emblematico quanto detto da Mario Monti che traggo testualmente dal pezzo del giornale: &#8220;Se i sovranisti vincono torneranno i conflitti e l&#8217;Europa finir\u00e0 distrutta e rasa al suolo&#8221;. Questo \u00e8&#46;&#46;&#46;<\/p>\n","protected":false},"author":4,"featured_media":51205,"comment_status":"open","ping_status":"open","sticky":false,"template":"","format":"standard","meta":{"jetpack_post_was_ever_published":false,"_jetpack_newsletter_access":"","_jetpack_dont_email_post_to_subs":false,"_jetpack_newsletter_tier_id":0,"_jetpack_memberships_contains_paywalled_content":false,"_jetpack_memberships_contains_paid_content":false,"footnotes":"","jetpack_publicize_message":"","jetpack_publicize_feature_enabled":true,"jetpack_social_post_already_shared":true,"jetpack_social_options":{"image_generator_settings":{"template":"highway","enabled":false},"version":2}},"categories":[14,6],"tags":[5282,4737,6387,6388,1050],"jetpack_publicize_connections":[],"jetpack_featured_media_url":"https:\/\/appelloalpopolo.it\/wp-content\/uploads\/2019\/05\/mer.jpg","jetpack_sharing_enabled":true,"jetpack_shortlink":"https:\/\/wp.me\/p7ZaJ4-djS","_links":{"self":[{"href":"https:\/\/appelloalpopolo.it\/index.php?rest_route=\/wp\/v2\/posts\/51204"}],"collection":[{"href":"https:\/\/appelloalpopolo.it\/index.php?rest_route=\/wp\/v2\/posts"}],"about":[{"href":"https:\/\/appelloalpopolo.it\/index.php?rest_route=\/wp\/v2\/types\/post"}],"author":[{"embeddable":true,"href":"https:\/\/appelloalpopolo.it\/index.php?rest_route=\/wp\/v2\/users\/4"}],"replies":[{"embeddable":true,"href":"https:\/\/appelloalpopolo.it\/index.php?rest_route=%2Fwp%2Fv2%2Fcomments&post=51204"}],"version-history":[{"count":1,"href":"https:\/\/appelloalpopolo.it\/index.php?rest_route=\/wp\/v2\/posts\/51204\/revisions"}],"predecessor-version":[{"id":51206,"href":"https:\/\/appelloalpopolo.it\/index.php?rest_route=\/wp\/v2\/posts\/51204\/revisions\/51206"}],"wp:featuredmedia":[{"embeddable":true,"href":"https:\/\/appelloalpopolo.it\/index.php?rest_route=\/wp\/v2\/media\/51205"}],"wp:attachment":[{"href":"https:\/\/appelloalpopolo.it\/index.php?rest_route=%2Fwp%2Fv2%2Fmedia&parent=51204"}],"wp:term":[{"taxonomy":"category","embeddable":true,"href":"https:\/\/appelloalpopolo.it\/index.php?rest_route=%2Fwp%2Fv2%2Fcategories&post=51204"},{"taxonomy":"post_tag","embeddable":true,"href":"https:\/\/appelloalpopolo.it\/index.php?rest_route=%2Fwp%2Fv2%2Ftags&post=51204"}],"curies":[{"name":"wp","href":"https:\/\/api.w.org\/{rel}","templated":true}]}}