{"id":52034,"date":"2019-06-19T11:30:16","date_gmt":"2019-06-19T09:30:16","guid":{"rendered":"http:\/\/appelloalpopolo.it\/?p=52034"},"modified":"2019-06-18T20:15:18","modified_gmt":"2019-06-18T18:15:18","slug":"la-giustizia-non-e-uguale-per-tutti","status":"publish","type":"post","link":"https:\/\/appelloalpopolo.it\/?p=52034","title":{"rendered":"La giustizia non \u00e8 uguale per tutti"},"content":{"rendered":"<p><strong>di ILSIMPLICISSIMUS (Anna Lombroso)<\/strong><\/p>\n<div class=\"post-author\"><\/div>\n<div class=\"entry\">\n<p><strong><img decoding=\"async\" class=\"alignnone size-full wp-image-140625\" src=\"https:\/\/ilsimplicissimus2.files.wordpress.com\/2019\/06\/bench.jpg?w=490\" sizes=\"(max-width: 490px) 100vw, 490px\" srcset=\"https:\/\/ilsimplicissimus2.files.wordpress.com\/2019\/06\/bench.jpg?w=490 490w, https:\/\/ilsimplicissimus2.files.wordpress.com\/2019\/06\/bench.jpg?w=980 980w, https:\/\/ilsimplicissimus2.files.wordpress.com\/2019\/06\/bench.jpg?w=150 150w, https:\/\/ilsimplicissimus2.files.wordpress.com\/2019\/06\/bench.jpg?w=300 300w, https:\/\/ilsimplicissimus2.files.wordpress.com\/2019\/06\/bench.jpg?w=768 768w\" alt=\"bench\" data-attachment-id=\"140625\" data-permalink=\"https:\/\/ilsimplicissimus2.com\/2019\/06\/18\/la-giustizia-non-e-uguale-per-tutti\/bench\/\" data-orig-file=\"https:\/\/ilsimplicissimus2.files.wordpress.com\/2019\/06\/bench.jpg\" data-orig-size=\"1500,1266\" data-comments-opened=\"1\" data-image-meta=\"{&quot;aperture&quot;:&quot;0&quot;,&quot;credit&quot;:&quot;&quot;,&quot;camera&quot;:&quot;&quot;,&quot;caption&quot;:&quot;&quot;,&quot;created_timestamp&quot;:&quot;0&quot;,&quot;copyright&quot;:&quot;&quot;,&quot;focal_length&quot;:&quot;0&quot;,&quot;iso&quot;:&quot;0&quot;,&quot;shutter_speed&quot;:&quot;0&quot;,&quot;title&quot;:&quot;&quot;,&quot;orientation&quot;:&quot;0&quot;}\" data-image-title=\"bench\" data-image-description=\"\" data-medium-file=\"https:\/\/ilsimplicissimus2.files.wordpress.com\/2019\/06\/bench.jpg?w=300\" data-large-file=\"https:\/\/ilsimplicissimus2.files.wordpress.com\/2019\/06\/bench.jpg?w=490\" \/><\/strong><\/p>\n<p style=\"text-align: justify;\">C\u2019\u00e8 stato un tempo cui oggi guardiamo come a una et\u00e0 di Pericle nel quale in molti illuminati pensarono che la democrazia conquistata con il riscatto di un popolo dovesse essere sottoposta a una continua e pervicace manutenzione, perch\u00e9 non era bastata una lotta di liberazione dallo \u201cstraniero\u201d per stabilire e consolidare condizioni di uguaglianze, giustizia e libert\u00e0. E che la Costituzione non doveva restare una pagina di straordinario valore morale e perfino letterario, ma un elenco di propositi e responsabilit\u00e0 alla cui realizzazione\u00a0 tutti dovevano concorrere.<\/p>\n<p style=\"text-align: justify;\">Nascevano allora delle organizzazioni che volevano affrancarsi da principi e legami di carattere corporativo per impregnare dello spirito democratico istituzioni, corpi e strutture dello stato e professioni che erano incaricate di svolgere funzioni di servizio. Accadeva una cinquantina di anni fa, quando\u00a0 Giulio A. Maccacaro fond\u00f2 \u201cMedicina Democratica\u201d che nel rifarsi a valori universali della scienza ne indicava i limiti quando si mettevano al servizio del mercato, \u00a0se avevano il sopravvento \u201d quelle statiche e sonnolenti interpretazioni dell\u2019articolo 32, 1\u00b0 comma della Costituzione\u201d, se non diventava patrimonio sociale e culturale comune il diritto alla salute, oggetto di una lotta collettiva capace \u201cdi contestare alla radice non solo come produrre ma anche cosa, per chi e dove produrre\u201d.<\/p>\n<p style=\"text-align: justify;\">E in quegli stessi anni nasceva Magistratura Democratica (era il 1964) che si caratterizzava per un\u2019ispirazione ideologica \u00a0improntata alla difesa dell\u2019autonomia ed indipendenza del potere giudiziario rispetto agli altri poteri dello Stato,\u00a0\u00a0 impegnata nello \u201csviluppo di una cultura giurisdizionale europea fondata sul rispetto, in ogni circostanza, dei principi dello Stato di diritto democratico, tra i quali spiccano in primo luogo il rispetto dei diritti dell\u2019uomo e delle libert\u00e0 fondamentali\u201d<\/p>\n<p style=\"text-align: justify;\">Ci vuol poco a capire quanto servirebbe oggi la lezione di Maccacaro applicata, tanto per dire, alla citt\u00e0 di Taranto dove si \u00e8 saputo di controllori comprati e venduti, dove star bene \u00e8 incompatibile col salario, dove la bandiera italiana si alza a mezz\u2019asta per ricordare il +21% di mortalit\u00e0 infantile rispetto alla media regionale ,il +54% di tumori in bambini da 0 a 14 anni, il +20% di eccesso di mortalit\u00e0 nel primo anno di vita e il +45% di malattie iniziate gi\u00e0 durante la gestazione.\u00a0 E quanto sarebbe utile quella di Marco Ramat, uno dei padri di Magistratura Democratica, per rivedere quelle radici fondanti alla luce del tramonto europeo e della dispersione di quella radiosa visione convertita in fortezza dalla quale partono gli imperativi della cancellazione di democrazie, diritti, indipendenza e autodeterminazione e\u00a0 quando l\u2019auspicata autonomia dai poteri dello stato non sembra annoverare \u00a0quella dal potere economico, dalla ingerenza partitica e dalla subalternit\u00e0 ai\u00a0 vari \u201ccomitati di affari della borghesia\u201d come li chiamava Lenin.<\/p>\n<p style=\"text-align: justify;\">Secondo gli archivi dell\u2019associazione stessa aderiscono a Magistratura democratica circa 900 degli 8.886 magistrati italiani in servizio, ovvero circa un magistrato su dieci. Non sono molti ma con quelle premesse sarebbe lecito \u00a0aspettarsi che da loro venisse qualcosa di pi\u00f9 ragionato e incisivo delle letterine a babbo natale impregnate di un vago umanitarismo prodotte in occasione dei congressi e che sembrano adattarsi alla falsariga delle mozioni elettorali del Pd, o del blando comunicato emesso mentre fuori divampa la fiamma dello scandalo: \u2026 <em>ribadiamo che Magistratura democratica \u2013 neppure presente in CSM come sigla autonoma \u2013 \u00e8 del tutto estranea a tali vicende<\/em>.<\/p>\n<p style=\"text-align: justify;\">Come denunciava il Simplicissimus,\u00a0 (qui: <a href=\"https:\/\/ilsimplicissimus2.com\/2019\/06\/16\/la-giustizia-e-cosa-troppo-seria-per-lasciarla-ai-magistrati\/\" rel=\"nofollow\">https:\/\/ilsimplicissimus2.com\/2019\/06\/16\/la-giustizia-e-cosa-troppo-seria-per-lasciarla-ai-magistrati\/<\/a>)\u00a0la giustizia avrebbe bisogno di essere officiata da ben altri sacerdoti.<\/p>\n<p style=\"text-align: justify;\">Non tutti devono essere Falcone e Borsellino, per carit\u00e0, vorremmo non aver bisogno di martiri, ma non bastano di certo le mozioni congressuali intrise di buoni sentimenti e spirito umanitario e compassionevole \u00a0per rassicurarci sulla separazione oltre che dai poteri interni da quelli europei e sovranazionali con i quali partecipiamo a imprese belliche e coloniali, non \u00e8 sufficiente un comunicato sul caso Diciotti per confortarci che nei tribunali non si assecondi la volont\u00e0 del legislatore che per legge ha stabilito che lo straniero non possa difendersi come il cittadino italiano in tutti i gradi di giudizio, cos\u00ec come non tranquillizza che in nome della rivendicata autonomia insieme a Montesquieu nella relazione di apertura dell\u2019ultimo congresso sia citato Ezio Mauro in veste di politologo e costituzionalista a conferma\u00a0 dell\u2019allarme per il radicalismo del nuovo sovranismo alla pari con \u00a0il radicalismo egualitario e camaleontico dell\u2019antipolitica, colpevoli di aver\u00a0 sancito la sconfitta della sinistra rappresentata dal Pd, o che si metta in guardia dalla fascistizzazione della nuova destra (che per la verit\u00e0 tanto nuova non \u00e8 se \u00e8 stata la governo vent\u2019anni producendo per esempio la Bossi Fini, la legge Maroni e quelle ad personam), dando credito che il problema cruciale del \u00a0paese sia la percezione indotta \u00a0dell\u2019invasione straniera, in linea con il negazionismo che bollando la marmaglia posseduta da rigurgiti reazionari, \u00a0nazionalistici, \u00a0protezionistici, smentendo l\u2019ovvio: le disuguaglianze crescenti, la falcidia di posti di lavoro e la dequalificazione dell\u2019occupazione che ancora c\u2019\u00e8, la riduzione dei redditi e del potere d\u2019acquisto prodotta dai processi di globalizzazione e finanziarizzazione.<\/p>\n<p style=\"text-align: justify;\">E se i magistrati democratici proprio volessero riguadagnare la buona reputazione nel contesto geografico europeo meglio sarebbe che ricercassero l\u2019approvazione della Corte di Strasburgo, impegnandosi in prima persona per reclamare e garantire l\u2019attuazione dei principi che condannano il reato di tortura, quelli commessi da industrie criminali contro la sicurezza sul lavoro e l\u2019ambiente.<\/p>\n<p style=\"text-align: justify;\">Loro e gli altri quasi 9000 li vorremmo vedere esprimersi e applicare le leggi (che ci sono e sono anche troppe) sugli stati di necessit\u00e0, per reprimere quelli fasulli di chi commette abusi e fare giustizia per quelli che riguardano i senza tetto che occupano gli alloggi\u00a0\u00a0 vuoti frutto di speculazioni immobiliari colpiti dalla sospensione dei servizi, distinguendo tra chi reclama il diritto primario alla casa da Casa Pound, tanto per fare un nome a caso. E quello stesso nome insieme ad altri della stessa fatta viene alla mente, quando vorremmo vedere che un magistrato applicasse con la doverosa severit\u00e0 le leggi che proibiscono l\u2019apologia di reato, senza bisogno di farne di nuove, che basterebbe prendere alla lettera quella che gi\u00e0 ci sono mai eseguite a memoria d\u2019uomo post-resistenziale.<\/p>\n<p style=\"text-align: justify;\">Perch\u00e9 il fascismo quello di ieri e quello di oggi si combatte cos\u00ec,\u00a0 non applicando le leggi come se fossero teoremi aritmetici o peggio algoritmi, si tratti di uso privato delle armi, di decoro urbano compromesso dai poveracci di qualsiasi etnia la cui visione turba e va limitata, colpendo gli ultimi per rassicurare i primi e pure i penultimi. Perch\u00e9 di quello parliamo quando i grandi truffatori, i grandi corruttori, i grandi speculatori, le grandi multinazionali sfuggono alle maglia della giustizia a differenza del ladruncolo della proverbiali due mele, \u00a0perch\u00e9 le regole e i principi di legalit\u00e0 vengono confezionati dalla lobby dei grandi studi legali internazionali, e poi eseguite sciorinando il repertorio di scappatoie offerte generosamente dai \u201ctempi dell\u2019amministrazione della giustizia\u201d, anche quelli discrezionale e arbitrari, veloci coi deboli, lenti coi forti che cos\u00ec possono entrare e uscire dalle porte girevoli di tribunali e patrie galere.<\/p>\n<p style=\"text-align: justify;\">Si la giustizia \u00e8 una cosa seria ma complicata. E per quello se la comprano quelli che se la possono permettere, quelli che possono farsela da soli, quelli che la aggiungono al tanto che hanno gi\u00e0 togliendola a quelli che ne avrebbero pi\u00f9 bisogno.<\/p>\n<div id=\"atatags-122181135-5d092937d7be0\" style=\"text-align: justify;\"><\/div>\n<div id=\"jp-post-flair\" class=\"sharedaddy sd-rating-enabled sd-like-enabled sd-sharing-enabled\" style=\"text-align: justify;\">\n<div class=\"sharedaddy sd-sharing-enabled\"><\/div>\n<\/div>\n<\/div>\n<p style=\"text-align: justify;\"><strong>Fonte<\/strong>:<a href=\"https:\/\/ilsimplicissimus2.com\">https:\/\/ilsimplicissimus2.com<\/a><\/p>\n","protected":false},"excerpt":{"rendered":"<p>di ILSIMPLICISSIMUS (Anna Lombroso) C\u2019\u00e8 stato un tempo cui oggi guardiamo come a una et\u00e0 di Pericle nel quale in molti illuminati pensarono che la democrazia conquistata con il riscatto di un popolo dovesse essere sottoposta a una continua e pervicace manutenzione, perch\u00e9 non era bastata una lotta di liberazione dallo \u201cstraniero\u201d per stabilire e consolidare condizioni di uguaglianze, giustizia e libert\u00e0. E che la Costituzione non doveva restare una pagina di straordinario valore morale&#46;&#46;&#46;<\/p>\n","protected":false},"author":77,"featured_media":45653,"comment_status":"open","ping_status":"open","sticky":false,"template":"","format":"standard","meta":{"jetpack_post_was_ever_published":false,"_jetpack_newsletter_access":"","_jetpack_dont_email_post_to_subs":false,"_jetpack_newsletter_tier_id":0,"_jetpack_memberships_contains_paywalled_content":false,"_jetpack_memberships_contains_paid_content":false,"footnotes":"","jetpack_publicize_message":"","jetpack_publicize_feature_enabled":true,"jetpack_social_post_already_shared":true,"jetpack_social_options":{"image_generator_settings":{"template":"highway","enabled":false},"version":2}},"categories":[32],"tags":[],"jetpack_publicize_connections":[],"jetpack_featured_media_url":"https:\/\/appelloalpopolo.it\/wp-content\/uploads\/2018\/11\/ilsimplicissimus.jpg","jetpack_sharing_enabled":true,"jetpack_shortlink":"https:\/\/wp.me\/p7ZaJ4-dxg","_links":{"self":[{"href":"https:\/\/appelloalpopolo.it\/index.php?rest_route=\/wp\/v2\/posts\/52034"}],"collection":[{"href":"https:\/\/appelloalpopolo.it\/index.php?rest_route=\/wp\/v2\/posts"}],"about":[{"href":"https:\/\/appelloalpopolo.it\/index.php?rest_route=\/wp\/v2\/types\/post"}],"author":[{"embeddable":true,"href":"https:\/\/appelloalpopolo.it\/index.php?rest_route=\/wp\/v2\/users\/77"}],"replies":[{"embeddable":true,"href":"https:\/\/appelloalpopolo.it\/index.php?rest_route=%2Fwp%2Fv2%2Fcomments&post=52034"}],"version-history":[{"count":1,"href":"https:\/\/appelloalpopolo.it\/index.php?rest_route=\/wp\/v2\/posts\/52034\/revisions"}],"predecessor-version":[{"id":52035,"href":"https:\/\/appelloalpopolo.it\/index.php?rest_route=\/wp\/v2\/posts\/52034\/revisions\/52035"}],"wp:featuredmedia":[{"embeddable":true,"href":"https:\/\/appelloalpopolo.it\/index.php?rest_route=\/wp\/v2\/media\/45653"}],"wp:attachment":[{"href":"https:\/\/appelloalpopolo.it\/index.php?rest_route=%2Fwp%2Fv2%2Fmedia&parent=52034"}],"wp:term":[{"taxonomy":"category","embeddable":true,"href":"https:\/\/appelloalpopolo.it\/index.php?rest_route=%2Fwp%2Fv2%2Fcategories&post=52034"},{"taxonomy":"post_tag","embeddable":true,"href":"https:\/\/appelloalpopolo.it\/index.php?rest_route=%2Fwp%2Fv2%2Ftags&post=52034"}],"curies":[{"name":"wp","href":"https:\/\/api.w.org\/{rel}","templated":true}]}}