{"id":52304,"date":"2019-07-19T12:00:13","date_gmt":"2019-07-19T10:00:13","guid":{"rendered":"http:\/\/appelloalpopolo.it\/?p=52304"},"modified":"2019-07-19T10:07:46","modified_gmt":"2019-07-19T08:07:46","slug":"fsi-volantina-al-mercato-di-trento","status":"publish","type":"post","link":"https:\/\/appelloalpopolo.it\/?p=52304","title":{"rendered":"FSI volantina al mercato di Trento"},"content":{"rendered":"<p>Questa mattina (13 giugno) i soci trentini Federico Monegaglia, Andrea Berni e Matteo Ioriatti si sono dati appuntamento alle 9:30 in piazza Duomo a Trento per un breve volantinaggio per le vie del centro. La maggior parte delle persone a cui abbiamo porto il volantino lo hanno rifiutato, ma alla fine siamo riusciti ad esaurire la nostra modesta scorta. Nel nostro giro ci imbattiamo in un gazebo per la raccolta firme del gruppo &#8220;No Valdastico&#8221;, dove uno di noi gentilmente firma, memore della fatica che abbiamo fatto durante la nostra raccolta per le elezioni regionali. La signora, vedendo il nostro volantino, aggredisce il nostro militante urlando e a male parole, dicendo che non dobbiamo permetterci di accostare l&#8217;articolo uno della costituzione al sovranismo. Notiamo quindi tristemente che, con certi militanti (che, pur costituendosi in comitati civici, hanno quasi sempre collegamenti con qualche partito locale), non \u00e8 possibile dialogare. Chiudiamo la mattinata con un caff\u00e8 e quattro chiacchiere sulla situazione politica, con l&#8217;idea di mantenere, per quanto possibile, fisso l&#8217;appuntamento del gioved\u00ec mattina; un&#8217;attivit\u00e0 semplice e senza costi, che in un periodo di incertezza meteorologica come quello attuale, \u00e8 senz&#8217;altro molto pratica.<\/p>\n<p>Federico Monegaglia<\/p>\n","protected":false},"excerpt":{"rendered":"<p>Questa mattina (13 giugno) i soci trentini Federico Monegaglia, Andrea Berni e Matteo Ioriatti si sono dati appuntamento alle 9:30 in piazza Duomo a Trento per un breve volantinaggio per le vie del centro. La maggior parte delle persone a cui abbiamo porto il volantino lo hanno rifiutato, ma alla fine siamo riusciti ad esaurire la nostra modesta scorta. Nel nostro giro ci imbattiamo in un gazebo per la raccolta firme del gruppo &#8220;No Valdastico&#8221;,&#46;&#46;&#46;<\/p>\n","protected":false},"author":39,"featured_media":52305,"comment_status":"open","ping_status":"open","sticky":false,"template":"","format":"standard","meta":{"jetpack_post_was_ever_published":false,"_jetpack_newsletter_access":"","_jetpack_dont_email_post_to_subs":false,"_jetpack_newsletter_tier_id":0,"_jetpack_memberships_contains_paywalled_content":false,"_jetpack_memberships_contains_paid_content":false,"footnotes":"","jetpack_publicize_message":"","jetpack_publicize_feature_enabled":true,"jetpack_social_post_already_shared":true,"jetpack_social_options":{"image_generator_settings":{"template":"highway","enabled":false},"version":2}},"categories":[5110,5111],"tags":[],"jetpack_publicize_connections":[],"jetpack_featured_media_url":"https:\/\/appelloalpopolo.it\/wp-content\/uploads\/2019\/07\/received_467079687430217.png","jetpack_sharing_enabled":true,"jetpack_shortlink":"https:\/\/wp.me\/p7ZaJ4-dBC","_links":{"self":[{"href":"https:\/\/appelloalpopolo.it\/index.php?rest_route=\/wp\/v2\/posts\/52304"}],"collection":[{"href":"https:\/\/appelloalpopolo.it\/index.php?rest_route=\/wp\/v2\/posts"}],"about":[{"href":"https:\/\/appelloalpopolo.it\/index.php?rest_route=\/wp\/v2\/types\/post"}],"author":[{"embeddable":true,"href":"https:\/\/appelloalpopolo.it\/index.php?rest_route=\/wp\/v2\/users\/39"}],"replies":[{"embeddable":true,"href":"https:\/\/appelloalpopolo.it\/index.php?rest_route=%2Fwp%2Fv2%2Fcomments&post=52304"}],"version-history":[{"count":1,"href":"https:\/\/appelloalpopolo.it\/index.php?rest_route=\/wp\/v2\/posts\/52304\/revisions"}],"predecessor-version":[{"id":52306,"href":"https:\/\/appelloalpopolo.it\/index.php?rest_route=\/wp\/v2\/posts\/52304\/revisions\/52306"}],"wp:featuredmedia":[{"embeddable":true,"href":"https:\/\/appelloalpopolo.it\/index.php?rest_route=\/wp\/v2\/media\/52305"}],"wp:attachment":[{"href":"https:\/\/appelloalpopolo.it\/index.php?rest_route=%2Fwp%2Fv2%2Fmedia&parent=52304"}],"wp:term":[{"taxonomy":"category","embeddable":true,"href":"https:\/\/appelloalpopolo.it\/index.php?rest_route=%2Fwp%2Fv2%2Fcategories&post=52304"},{"taxonomy":"post_tag","embeddable":true,"href":"https:\/\/appelloalpopolo.it\/index.php?rest_route=%2Fwp%2Fv2%2Ftags&post=52304"}],"curies":[{"name":"wp","href":"https:\/\/api.w.org\/{rel}","templated":true}]}}