{"id":52359,"date":"2019-07-30T00:52:54","date_gmt":"2019-07-29T22:52:54","guid":{"rendered":"http:\/\/appelloalpopolo.it\/?p=52359"},"modified":"2019-07-29T22:59:45","modified_gmt":"2019-07-29T20:59:45","slug":"i-partiti-come-scuola-di-formazione-antioligarchica","status":"publish","type":"post","link":"https:\/\/appelloalpopolo.it\/?p=52359","title":{"rendered":"I partiti come scuola di formazione &#8220;antioligarchica&#8221;"},"content":{"rendered":"<p>di PIERLUIGI BIANCO (FSI Lecce)<\/p>\n<p style=\"text-align: justify;\">Messo sotto fuoco incrociato lo spirito internazionalista, ci\u00f2 che le \u00e9lites propongono in sua vece \u00e8 una poco elegante riduzione linguistica del coacervo di interessi che ha spostato e sta spostando immense somme di denaro dalle tasche dei cittadini alle loro. Ci\u00f2 avviene nel nome di quella dottrina europeista che riempie quotidianamente pagine di giornali e programmi televisivi.<\/p>\n<p style=\"text-align: justify;\">A tale riguardo la denuncia di Canfora \u00e8 precisa: \u201cl&#8217;equilibrio delle forze si \u00e8 spostato nettamente a favore di questi ceti tecnocratici ristretti, che non intendono farsi governare dal potere politico. Al contrario, sono essi che non solo lo influenzano, lo rimbrottano e lo limitano, ma addirittura lo contrastano apertamente e lo soverchiano\u201d.<\/p>\n<p style=\"text-align: justify;\">Quindi lo scenario attuale vede un apparato politico succube di quelle forze elitiste, e si ritrova ad assecondare ogni loro capriccio, semantica inclusa.<\/p>\n<p style=\"text-align: justify;\">Questo stato di cose, nel quale i cittadini sono destinati a perdere sempre pi\u00f9 potere a favore delle \u00e9lites, \u00e8 determinato da un processo ben definito: \u201cIo contesto alla radice l&#8217;attuale retorica europeista. Ci viene fatto credere che questo tipo di costruzione, che notoriamente ci penalizza rispetto alla megapotenza tedesca, sia l&#8217;unica possibilit\u00e0 di realizzare delle aggregazioni significative a livello internazionale. Mi sembra piuttosto che stiamo smantellando metodicamente lo Stato sociale proprio in nome dell&#8217;Europa\u2026 siamo di fronte a un&#8217;enorme ondata di disagio e di rifiuto da parte dei cittadini, ai quali \u00e8 stato impedito di dire la loro quando dall&#8217;alto calavano decisioni pesantissime o, peggio ancora, presentate in maniera ingannevole. Facciamo una terapia di salasso dei contribuenti e di macelleria sociale senza limiti solo per poter dire che l&#8217;Europa, cio\u00e8 la Germania con i suoi vassalli nordici, \u00e8 una grande potenza? Non mi pare un valore per cui sacrificarsi. Neanche la Santa Alleanza arrivava a tanto. E non si intravede una prospettiva a questo calvario. A mio parere, il luogo dove le tendenze oligarchiche dominanti possono e devono essere messe in discussione \u00e8 il laboratorio immenso costituito dal mondo della formazione e della scuola [di partito, <em>ndr<\/em>]&#8230; \u00e8 l\u00ec che l&#8217;educazione antioligarchica, su base critica, pu\u00f2 farsi strada\u201d.<\/p>\n","protected":false},"excerpt":{"rendered":"<p>di PIERLUIGI BIANCO (FSI Lecce) Messo sotto fuoco incrociato lo spirito internazionalista, ci\u00f2 che le \u00e9lites propongono in sua vece \u00e8 una poco elegante riduzione linguistica del coacervo di interessi che ha spostato e sta spostando immense somme di denaro dalle tasche dei cittadini alle loro. Ci\u00f2 avviene nel nome di quella dottrina europeista che riempie quotidianamente pagine di giornali e programmi televisivi. A tale riguardo la denuncia di Canfora \u00e8 precisa: \u201cl&#8217;equilibrio delle forze&#46;&#46;&#46;<\/p>\n","protected":false},"author":4,"featured_media":52360,"comment_status":"open","ping_status":"open","sticky":false,"template":"","format":"standard","meta":{"jetpack_post_was_ever_published":false,"_jetpack_newsletter_access":"","_jetpack_dont_email_post_to_subs":false,"_jetpack_newsletter_tier_id":0,"_jetpack_memberships_contains_paywalled_content":false,"_jetpack_memberships_contains_paid_content":false,"footnotes":"","jetpack_publicize_message":"","jetpack_publicize_feature_enabled":true,"jetpack_social_post_already_shared":true,"jetpack_social_options":{"image_generator_settings":{"template":"highway","enabled":false},"version":2}},"categories":[14,6],"tags":[],"jetpack_publicize_connections":[],"jetpack_featured_media_url":"https:\/\/appelloalpopolo.it\/wp-content\/uploads\/2019\/07\/pb.jpg","jetpack_sharing_enabled":true,"jetpack_shortlink":"https:\/\/wp.me\/p7ZaJ4-dCv","_links":{"self":[{"href":"https:\/\/appelloalpopolo.it\/index.php?rest_route=\/wp\/v2\/posts\/52359"}],"collection":[{"href":"https:\/\/appelloalpopolo.it\/index.php?rest_route=\/wp\/v2\/posts"}],"about":[{"href":"https:\/\/appelloalpopolo.it\/index.php?rest_route=\/wp\/v2\/types\/post"}],"author":[{"embeddable":true,"href":"https:\/\/appelloalpopolo.it\/index.php?rest_route=\/wp\/v2\/users\/4"}],"replies":[{"embeddable":true,"href":"https:\/\/appelloalpopolo.it\/index.php?rest_route=%2Fwp%2Fv2%2Fcomments&post=52359"}],"version-history":[{"count":1,"href":"https:\/\/appelloalpopolo.it\/index.php?rest_route=\/wp\/v2\/posts\/52359\/revisions"}],"predecessor-version":[{"id":52361,"href":"https:\/\/appelloalpopolo.it\/index.php?rest_route=\/wp\/v2\/posts\/52359\/revisions\/52361"}],"wp:featuredmedia":[{"embeddable":true,"href":"https:\/\/appelloalpopolo.it\/index.php?rest_route=\/wp\/v2\/media\/52360"}],"wp:attachment":[{"href":"https:\/\/appelloalpopolo.it\/index.php?rest_route=%2Fwp%2Fv2%2Fmedia&parent=52359"}],"wp:term":[{"taxonomy":"category","embeddable":true,"href":"https:\/\/appelloalpopolo.it\/index.php?rest_route=%2Fwp%2Fv2%2Fcategories&post=52359"},{"taxonomy":"post_tag","embeddable":true,"href":"https:\/\/appelloalpopolo.it\/index.php?rest_route=%2Fwp%2Fv2%2Ftags&post=52359"}],"curies":[{"name":"wp","href":"https:\/\/api.w.org\/{rel}","templated":true}]}}