{"id":52377,"date":"2019-07-31T12:00:37","date_gmt":"2019-07-31T10:00:37","guid":{"rendered":"http:\/\/appelloalpopolo.it\/?p=52377"},"modified":"2019-07-31T08:24:06","modified_gmt":"2019-07-31T06:24:06","slug":"il-fronte-sovranista-italiano-partecipa-ad-un-incontro-sulle-energie-rinnovabili-a-tuscania-vt","status":"publish","type":"post","link":"https:\/\/appelloalpopolo.it\/?p=52377","title":{"rendered":"Il Fronte Sovranista Italiano partecipa ad un incontro sulle energie rinnovabili a Tuscania (VT)"},"content":{"rendered":"<p>Abbiamo partecipato ieri (13 luglio), con i militanti Andrea Alquati, Sergio Bruni e Renata Pescatori, all&#8217;incontro pubblico svoltosi a Tuscania su iniziativa del Comitato Ambiente e Salute, in merito al progetto della Macro-Area destinata all&#8217;insediamento di impianti per energie rinnovabili<\/p>\n<p>La presenza di alcuni sostenitori del progetto ha dato vita ad un acceso dibattito con membri e simpatizzanti del Comitato, che si oppone invece per ragioni di tutela ambientale, paesaggistica ed archeologica<\/p>\n<p>Lo scontro emerso fra due opposte quanto entrambe legittime istanze, la difesa del territorio e l&#8217;aspirazione allo sviluppo occupazionale, riporta alla ribalta la patologica mancanza dello Stato sotto tre aspetti:<\/p>\n<p>1. Mancanza di programmazione e pianificazione nello sviluppo del territorio, lasciata all&#8217;iniziativa di privati in grado di allettare, con la promessa di compensazioni e posti di lavoro, Comuni perennemente affamati di soldi sempre pi\u00f9 scarsi; nonch\u00e9 in grado di sostenere economicamente lunghe controversie legali a seguito dei prevedibili ricorsi di residenti alla giustizia amministrativa<\/p>\n<p>2. Mancanza di una strategia energetica nazionale, con l&#8217;Enel privatizzata alla ricerca di profitti all&#8217;estero e in progressiva ritirata dalla produzione, lasciata al caotico sviluppo di una pluralit\u00e0 di attori, nazionali e non, fuori da un programma omogeneo e coerente di sostenibilit\u00e0 e autosufficienza<\/p>\n<p>3. Drammatica carenza di prospettive occupazionali, specie per chi ha perso il lavoro in et\u00e0 pi\u00f9 avanzata, come emerso dalle toccanti parole di uno dei sostenitori del progetto rinnovabili, che ha sottolineato come a 60 anni si trovi in difficolt\u00e0 nello sbarcare il lunario con moglie e figlia<\/p>\n<p>Tre aspetti del riflusso dello Stato negli ultimi 40 anni, dell&#8217;ideologia +mercatista dell&#8217;Europa liberista del laissez-fare<\/p>\n<p>Lungi dal farci &#8220;guadagnare come lavorassimo un giorno di pi\u00f9, lavorando un giorno di meno&#8221;, come ebbe a dire qualcuno, ci ha al contrario tolto dignit\u00e0, come sottolineava giustamente questo disoccupato, lasciandoci a scannarci in una guerra fra poveri, come gi\u00e0 visto nel conflitto fra lavoro e salute ai tempi della riconversione a carbone della centrale di Civitavecchia<\/p>\n<p>Noi vogliamo invece uno Stato coerente col dettato costituzionale, che crei lavoro per i suoi Cittadini e nel contempo ne tuteli il territorio e l&#8217;indipendenza anche energetica, attraverso un attivo intervento nell&#8217;economia come imprenditore e come regolatore, che non potr\u00e0 essere possibile senza riprendersi ogni forma di Sovranit\u00e0, al di fuori dei Trattati europei<\/p>\n<p>Andrea Alquati<\/p>\n","protected":false},"excerpt":{"rendered":"<p>Abbiamo partecipato ieri (13 luglio), con i militanti Andrea Alquati, Sergio Bruni e Renata Pescatori, all&#8217;incontro pubblico svoltosi a Tuscania su iniziativa del Comitato Ambiente e Salute, in merito al progetto della Macro-Area destinata all&#8217;insediamento di impianti per energie rinnovabili La presenza di alcuni sostenitori del progetto ha dato vita ad un acceso dibattito con membri e simpatizzanti del Comitato, che si oppone invece per ragioni di tutela ambientale, paesaggistica ed archeologica Lo scontro emerso&#46;&#46;&#46;<\/p>\n","protected":false},"author":39,"featured_media":52238,"comment_status":"open","ping_status":"open","sticky":false,"template":"","format":"standard","meta":{"jetpack_post_was_ever_published":false,"_jetpack_newsletter_access":"","_jetpack_dont_email_post_to_subs":false,"_jetpack_newsletter_tier_id":0,"_jetpack_memberships_contains_paywalled_content":false,"_jetpack_memberships_contains_paid_content":false,"footnotes":"","jetpack_publicize_message":"","jetpack_publicize_feature_enabled":true,"jetpack_social_post_already_shared":true,"jetpack_social_options":{"image_generator_settings":{"template":"highway","enabled":false},"version":2}},"categories":[5110,5111],"tags":[],"jetpack_publicize_connections":[],"jetpack_featured_media_url":"https:\/\/appelloalpopolo.it\/wp-content\/uploads\/2019\/07\/uscita.jpg","jetpack_sharing_enabled":true,"jetpack_shortlink":"https:\/\/wp.me\/p7ZaJ4-dCN","_links":{"self":[{"href":"https:\/\/appelloalpopolo.it\/index.php?rest_route=\/wp\/v2\/posts\/52377"}],"collection":[{"href":"https:\/\/appelloalpopolo.it\/index.php?rest_route=\/wp\/v2\/posts"}],"about":[{"href":"https:\/\/appelloalpopolo.it\/index.php?rest_route=\/wp\/v2\/types\/post"}],"author":[{"embeddable":true,"href":"https:\/\/appelloalpopolo.it\/index.php?rest_route=\/wp\/v2\/users\/39"}],"replies":[{"embeddable":true,"href":"https:\/\/appelloalpopolo.it\/index.php?rest_route=%2Fwp%2Fv2%2Fcomments&post=52377"}],"version-history":[{"count":1,"href":"https:\/\/appelloalpopolo.it\/index.php?rest_route=\/wp\/v2\/posts\/52377\/revisions"}],"predecessor-version":[{"id":52378,"href":"https:\/\/appelloalpopolo.it\/index.php?rest_route=\/wp\/v2\/posts\/52377\/revisions\/52378"}],"wp:featuredmedia":[{"embeddable":true,"href":"https:\/\/appelloalpopolo.it\/index.php?rest_route=\/wp\/v2\/media\/52238"}],"wp:attachment":[{"href":"https:\/\/appelloalpopolo.it\/index.php?rest_route=%2Fwp%2Fv2%2Fmedia&parent=52377"}],"wp:term":[{"taxonomy":"category","embeddable":true,"href":"https:\/\/appelloalpopolo.it\/index.php?rest_route=%2Fwp%2Fv2%2Fcategories&post=52377"},{"taxonomy":"post_tag","embeddable":true,"href":"https:\/\/appelloalpopolo.it\/index.php?rest_route=%2Fwp%2Fv2%2Ftags&post=52377"}],"curies":[{"name":"wp","href":"https:\/\/api.w.org\/{rel}","templated":true}]}}