{"id":52512,"date":"2019-08-23T03:33:07","date_gmt":"2019-08-23T01:33:07","guid":{"rendered":"http:\/\/appelloalpopolo.it\/?p=52512"},"modified":"2019-08-22T23:52:45","modified_gmt":"2019-08-22T21:52:45","slug":"forte-coi-deboli-e-debole-coi-forti","status":"publish","type":"post","link":"https:\/\/appelloalpopolo.it\/?p=52512","title":{"rendered":"\u201cForte coi deboli e debole coi forti\u201d"},"content":{"rendered":"<p>STERILIZZARE LE CITAZIONI DI SALVINI<\/p>\n<p style=\"text-align: justify;\">Apprendo guardando il tg che il Cazzaro Verde, citando nientepopodimenoch\u00e8 Cicerone, avrebbe detto: \u201dLa libert\u00e0 consiste nel non avere nessun padrone e io non voglio l&#8217; Italia schiava di nessuno\u201d.<\/p>\n<p style=\"text-align: justify;\">Poi alla notizia successiva, vengo reso edotto sul rischio che \u201cmanchi il tempo (?) per sterilizzare le clausole di salvaguardia che comporterebbero un aumento dell\u2019 Iva, che passerebbe al 25%, un ulteriore aggravio sui consumi degli italiani che, viene calcolato, peserebbe in media per circa 500\u20ac all\u2019anno a famiglia\u201d.<\/p>\n<p style=\"text-align: justify;\">Ora io mi chiedo: ma gli italiani lo sanno che cosa \u201csalvaguarderebbero\u201d queste cosiddette clausole, cosa diavolo sono, chi le ha messe e soprattutto perch\u00e9?<\/p>\n<p style=\"text-align: justify;\">Le cosiddette clausole di salvaguardia sono norme che inizialmente prevedevano la VARIAZIONE AUTOMATICA DI specifiche TASSE E IMPOSTE con efficacia differita nel tempo, e il loro obiettivo \u00e8 tuttora quello di garantire maggiori entrate per lo Stato necessarie per \u201csalvaguardare\u201d, appunto, il conseguimento degli obiettivi di finanza pubblica necessari per RISPETTARE I PARAMETRI IMPOSTI DALL\u2019Unione Europea, cio\u00e8 dal nostro PADRONE.<\/p>\n<p style=\"text-align: justify;\">Rispettare i parametri UE in materia di deficit, capite?<\/p>\n<p style=\"text-align: justify;\">In Italia si inizia a parlare di clausole di salvaguardia durante l\u2019estate del 2011, in cui si preparava la manovra finanziaria dell\u2019allora Governo Berlusconi. E chi faceva parte del Governo Berlusconi IV, che si impegn\u00f2 a reperire entro il 30 settembre 2012 ben 20 miliardi di euro, pena l\u2019obbligo di tagli alla spesa pubblica, aumento delle aliquote Iva e delle accise e un taglio lineare alle agevolazioni fiscali? Risposta: la Lega (Bossi Calderoli e Maroni erano pure ministri, cos\u00ec come &#8220;il divo Giulio&#8221; Tremonti, ministro dell&#8217; Economia e delle Finanze forse pi\u00f9 vicino alle camicie verdi che non agli azzurri del suo stesso partito, come si ricorder\u00e0; e Salvini? Non era ancora Capitano, ma c&#8217;era eccome, fu uno di quei 50 deputati leghisti che nel 2008 votarono compatti per rinnovare la concessione della Societ\u00e0 Autostrade alla famiglia Benetton, per dire).<\/p>\n<p style=\"text-align: justify;\">Di li a poco il Governo Berlusconi verr\u00e0 sostituito da quello di Mario Monti che, con il decreto legge n. 201 del 2011 (cosiddetto decreto \u201cSalva Italia\u201d) trasform\u00f2 le famigerate clausole di salvaguardia in aumenti delle aliquote IVA, come sono attualmente. Ed \u00e8 da allora che tutti i governi della Colonia Italia &#8211; tutti, nessuno escluso, dunque compreso quello \u201cdel Cambiamento\u201d &#8211; continuano ad applicare in ossequio ai loro padroni una norma che potrebbero cancellare con un semplice tratto di penna.<\/p>\n<p style=\"text-align: justify;\">Ma quelli il nostro quaquaraqu\u00e0 se li riserva per vietare lo sbarco a quattro disperati, mentre appena dalle parti di Bruxelles gli fanno \u201cBuh!\u201d, si adegua senza colpo ferire. \u201cForte coi deboli e debole coi forti\u201d, avrebbe detto Nenni, altro che &#8220;uomo libero&#8221;; n\u00e9 libero n\u00e9 liberto. Uno dei tanti lacch\u00e8 del potente di turno, cos\u00ec come tutti i vomitevoli uomini politici della vergognosa Seconda Repubblica.<\/p>\n<p style=\"text-align: justify;\">LUCA RUSSI (FSI Arezzo)<\/p>\n<p>&nbsp;<\/p>\n<p style=\"text-align: justify;\">***<\/p>\n<p style=\"text-align: justify;\">UE E LOTTA DI CLASSE<\/p>\n<p style=\"text-align: justify;\">Salvini alla canna del gas risfodera l\u2019anti-europeismo. Allora, per chi l\u2019ha seguito solo per questo ribadisco che su questo tema mentono tutti. Tutti sono consapevoli che l\u2019UE cos\u00ec com\u2019\u00e8 non va bene e deve cambiare. Con questa enorme cazzata tengono voi alla canna del gas, perch\u00e9 ci\u00f2 non pu\u00f2 avvenire o meglio, potrebbero al limite aprire un po&#8217; l\u2019ossigeno per breve tempo solo per tenerci in vita.\u00a0 In secondo luogo, non dovete associare il ripudio della UE a questioni identitarie, come dice Conte, ma a questioni di lotta di classe. Quando ci riconosceremo, gran parte di noi italiani (bianchi, neri, verdi, gialli&#8230;) in una unica grande macroclasse di lavoratori (e come noi i francesi, gli spagnoli, i greci), capirete che non \u00e8 compatibile privilegiare il benessere di tutti noi in una siffatta costruzione e verr\u00e0 da se la volont\u00e0 di cooperare con gli altri; oggi cooperare \u00e8 impossibile, a meno che non intendiamo per cooperare la rinuncia a tutto ci\u00f2 che abbiamo conquistato fino ad oggi grazie alla nostra Costituzione e non, come dice Conte, grazie al carrozzone della restaurazione liberale ottocentesca che, semmai, ha ripristinato ed accentuato le disuguaglianze.<\/p>\n<p>SALVATORE SCRASCIA (FSI Lecce)<\/p>\n","protected":false},"excerpt":{"rendered":"<p>STERILIZZARE LE CITAZIONI DI SALVINI Apprendo guardando il tg che il Cazzaro Verde, citando nientepopodimenoch\u00e8 Cicerone, avrebbe detto: \u201dLa libert\u00e0 consiste nel non avere nessun padrone e io non voglio l&#8217; Italia schiava di nessuno\u201d. Poi alla notizia successiva, vengo reso edotto sul rischio che \u201cmanchi il tempo (?) per sterilizzare le clausole di salvaguardia che comporterebbero un aumento dell\u2019 Iva, che passerebbe al 25%, un ulteriore aggravio sui consumi degli italiani che, viene calcolato,&#46;&#46;&#46;<\/p>\n","protected":false},"author":4,"featured_media":52513,"comment_status":"open","ping_status":"open","sticky":false,"template":"","format":"standard","meta":{"jetpack_post_was_ever_published":false,"_jetpack_newsletter_access":"","_jetpack_dont_email_post_to_subs":false,"_jetpack_newsletter_tier_id":0,"_jetpack_memberships_contains_paywalled_content":false,"_jetpack_memberships_contains_paid_content":false,"footnotes":"","jetpack_publicize_message":"","jetpack_publicize_feature_enabled":true,"jetpack_social_post_already_shared":true,"jetpack_social_options":{"image_generator_settings":{"template":"highway","enabled":false},"version":2}},"categories":[6196,6],"tags":[],"jetpack_publicize_connections":[],"jetpack_featured_media_url":"https:\/\/appelloalpopolo.it\/wp-content\/uploads\/2019\/08\/salv-1.jpg","jetpack_sharing_enabled":true,"jetpack_shortlink":"https:\/\/wp.me\/p7ZaJ4-dEY","_links":{"self":[{"href":"https:\/\/appelloalpopolo.it\/index.php?rest_route=\/wp\/v2\/posts\/52512"}],"collection":[{"href":"https:\/\/appelloalpopolo.it\/index.php?rest_route=\/wp\/v2\/posts"}],"about":[{"href":"https:\/\/appelloalpopolo.it\/index.php?rest_route=\/wp\/v2\/types\/post"}],"author":[{"embeddable":true,"href":"https:\/\/appelloalpopolo.it\/index.php?rest_route=\/wp\/v2\/users\/4"}],"replies":[{"embeddable":true,"href":"https:\/\/appelloalpopolo.it\/index.php?rest_route=%2Fwp%2Fv2%2Fcomments&post=52512"}],"version-history":[{"count":1,"href":"https:\/\/appelloalpopolo.it\/index.php?rest_route=\/wp\/v2\/posts\/52512\/revisions"}],"predecessor-version":[{"id":52514,"href":"https:\/\/appelloalpopolo.it\/index.php?rest_route=\/wp\/v2\/posts\/52512\/revisions\/52514"}],"wp:featuredmedia":[{"embeddable":true,"href":"https:\/\/appelloalpopolo.it\/index.php?rest_route=\/wp\/v2\/media\/52513"}],"wp:attachment":[{"href":"https:\/\/appelloalpopolo.it\/index.php?rest_route=%2Fwp%2Fv2%2Fmedia&parent=52512"}],"wp:term":[{"taxonomy":"category","embeddable":true,"href":"https:\/\/appelloalpopolo.it\/index.php?rest_route=%2Fwp%2Fv2%2Fcategories&post=52512"},{"taxonomy":"post_tag","embeddable":true,"href":"https:\/\/appelloalpopolo.it\/index.php?rest_route=%2Fwp%2Fv2%2Ftags&post=52512"}],"curies":[{"name":"wp","href":"https:\/\/api.w.org\/{rel}","templated":true}]}}