{"id":53213,"date":"2019-10-03T08:00:22","date_gmt":"2019-10-03T06:00:22","guid":{"rendered":"http:\/\/appelloalpopolo.it\/?p=53213"},"modified":"2019-10-02T22:15:24","modified_gmt":"2019-10-02T20:15:24","slug":"rivolta-nei-paesi-bassi-contadini-contro-il-fascismo-verde","status":"publish","type":"post","link":"https:\/\/appelloalpopolo.it\/?p=53213","title":{"rendered":"Rivolta nei Paesi Bassi: contadini contro il \u201cFascismo verde\u201d"},"content":{"rendered":"<p><strong>di SCENARI ECONOMICI (Giuseppina Perlasca)<\/strong><\/p>\n<p>&nbsp;<\/p>\n<p>Il primo ottobre \u00e8 stato un giorno da incubo per i Paesi Bassi, perch\u00e9 sono scesi in piazza, o meglio in strada, decine di migliaia di agricoltori con i propri trattori, causando una serie di ingorghi folli nel gi\u00e0 complesso traffico del paese. Questo grafico vi d\u00e0 un\u2019idea dei blocchi stradali attorno alle principali citt\u00e0 olandesi:<\/p>\n<p style=\"text-align: justify\"><a href=\"https:\/\/i0.wp.com\/scenarieconomici.it\/wp-content\/uploads\/2019\/10\/boerenprotest.jpg?ssl=1\"><img loading=\"lazy\" decoding=\"async\" class=\"aligncenter size-full wp-image-112569 jetpack-lazy-image jetpack-lazy-image--handled\" src=\"https:\/\/i0.wp.com\/scenarieconomici.it\/wp-content\/uploads\/2019\/10\/boerenprotest.jpg?resize=855%2C540&amp;ssl=1\" alt=\"\" width=\"855\" height=\"540\" data-recalc-dims=\"1\" data-lazy-loaded=\"1\" \/><\/a><\/p>\n<p style=\"text-align: justify\">Questo per\u00f2 non rende l\u2019idea del livello delle proteste raggiunto, del numero di mezzi e di agricoltori scesi in piazza ed anche dell\u2019appoggio popolare che hanno raggiunto.<\/p>\n<p style=\"text-align: justify\">Questo video vi permette di toccare la protesta con mano diretta:<\/p>\n<p style=\"text-align: justify\"><div class=\"video-container\"><span class=\"embed-youtube\" style=\"text-align:center; display: block;\"><iframe loading=\"lazy\" class=\"youtube-player\" width=\"640\" height=\"360\" src=\"https:\/\/www.youtube.com\/embed\/_E3SLVJCLc8?version=3&#038;rel=1&#038;showsearch=0&#038;showinfo=1&#038;iv_load_policy=1&#038;fs=1&#038;hl=it-IT&#038;autohide=2&#038;wmode=transparent\" allowfullscreen=\"true\" style=\"border:0;\" sandbox=\"allow-scripts allow-same-origin allow-popups allow-presentation allow-popups-to-escape-sandbox\"><\/iframe><\/span><\/div><\/p>\n<p style=\"text-align: justify\">Ecco alcune foto :<\/p>\n<p style=\"text-align: justify\"><a href=\"https:\/\/i1.wp.com\/scenarieconomici.it\/wp-content\/uploads\/2019\/10\/boeren2.jpg?ssl=1\"><img loading=\"lazy\" decoding=\"async\" class=\"aligncenter size-full wp-image-112571 jetpack-lazy-image jetpack-lazy-image--handled\" src=\"https:\/\/i1.wp.com\/scenarieconomici.it\/wp-content\/uploads\/2019\/10\/boeren2.jpg?resize=720%2C416&amp;ssl=1\" alt=\"\" width=\"720\" height=\"416\" data-recalc-dims=\"1\" data-lazy-loaded=\"1\" \/><\/a><\/p>\n<p style=\"text-align: justify\">Perch\u00e9 queste proteste? Perch\u00e9 il responsabile dell\u2019agricoltura del partito di Governo D66 ha\u00a0<a href=\"https:\/\/www.rtlnieuws.nl\/nieuws\/nederland\/artikel\/4841766\/veestapel-d66-stikstofuitstoot-woningbouw\">affermato<\/a> che &#8220;<strong>Bisogna dimezzare il numero di capi allevati per far calare le emissioni di CO2&#8243;<\/strong> e &#8220;<strong>\u00c8 tempo di assumersi le responsabilit\u00e0. Non c\u2019\u00e8 futuro per la bioindustria<\/strong>.&#8221; Naturalmente gli agricoltori, che vivono di allevamento, non hanno preso molto bene questa affermazione ed hanno organizzato questa protesta.<\/p>\n<p style=\"text-align: justify\">Il governo, per lo meno sinora, non ha voluto ascoltare gli agricoltori e le loro richieste che sono, tutto sommato, piuttosto ragionevoli . Ad organizzare la manifestazione sono state due associazioni auto-organizzate. La prima Agriactie, richiede:<\/p>\n<ul style=\"text-align: justify\">\n<li>Nessuna ulteriore riduzione del bestiame<\/li>\n<li>Misurazioni indipendenti di CO2 e prodotti azotati nei terreni<\/li>\n<li>Una politica scientificamente sostenuta per i prodotti fitosanitari<\/li>\n<li>Revisione delle regole \u201cImpossibili da applicare\u201d<\/li>\n<li>Pi\u00f9 chiarezza nelle politiche di lungo termine.<\/li>\n<\/ul>\n<p style=\"text-align: justify\">La seconda associazione, Farmers Defence Force, \u00e8 nata da una pagina facebook, che improvvisamente si \u00e8 trovata con 21 mila iscritti. Le sue richieste sono le seguenti:<\/p>\n<ul style=\"text-align: justify\">\n<li>Consultazione con tutti i rappresentanti del settore per le politiche agricole<\/li>\n<li>Nessuna eliminazione di bovini<\/li>\n<li>Nessun modello di calcolo\u00a0 per le indagini sulle emissioni di CO2 e azoto<\/li>\n<li>Politica di ammissione basata sulla ricerca scientifica<\/li>\n<li>Prezzi convenienti<\/li>\n<li>Sistema di indennizzo per gli allevatori di animali da pelliccia che devono cessare la propria attivit\u00e0<\/li>\n<li>La politica europea deve essere all\u2019avanguardia<\/li>\n<li>Nessun accordo commerciale non tollerabile per l\u2019agricoltura (Mercosur)<\/li>\n<li>Difesa contro le \u201cRichieste\u00a0irragionevoli ed extra-legali dei clienti\u201d<\/li>\n<\/ul>\n<p style=\"text-align: justify\">Gli agricoltori si sono ribellati ad una politica basata sulla demagogia e decisa senza tener conto, in nessun modo, n\u00e8 dei veri parametri scientifici, n\u00e8 delle questioni economiche degli imprenditori agricoli. Il risultato \u00e8 stato quello che avete visto: una rivolto verso quello che viene avvertito come un fascismo verde.\u00a0<strong>Vedrete cosa succeder\u00e0 in Italia quando taglieranno gli aiuti al gasolio agricolo\u2026<\/strong><\/p>\n<p style=\"text-align: justify\">P.S. di questo non sentirete una parola sui nostri media mainstream\u2026<\/p>\n<p>&nbsp;<\/p>\n<p><strong>Fonte:\u00a0<\/strong><a href=\"https:\/\/scenarieconomici.it\/rivolta-nei-paesi-bassi-contadini-contro-il-fascismo-verde\/\">https:\/\/scenarieconomici.it\/rivolta-nei-paesi-bassi-contadini-contro-il-fascismo-verde\/<\/a><\/p>\n","protected":false},"excerpt":{"rendered":"<p>di SCENARI ECONOMICI (Giuseppina Perlasca) &nbsp; Il primo ottobre \u00e8 stato un giorno da incubo per i Paesi Bassi, perch\u00e9 sono scesi in piazza, o meglio in strada, decine di migliaia di agricoltori con i propri trattori, causando una serie di ingorghi folli nel gi\u00e0 complesso traffico del paese. Questo grafico vi d\u00e0 un\u2019idea dei blocchi stradali attorno alle principali citt\u00e0 olandesi: Questo per\u00f2 non rende l\u2019idea del livello delle proteste raggiunto, del numero di&#46;&#46;&#46;<\/p>\n","protected":false},"author":89,"featured_media":26680,"comment_status":"open","ping_status":"open","sticky":false,"template":"","format":"standard","meta":{"jetpack_post_was_ever_published":false,"_jetpack_newsletter_access":"","_jetpack_dont_email_post_to_subs":false,"_jetpack_newsletter_tier_id":0,"_jetpack_memberships_contains_paywalled_content":false,"_jetpack_memberships_contains_paid_content":false,"footnotes":"","jetpack_publicize_message":"","jetpack_publicize_feature_enabled":true,"jetpack_social_post_already_shared":true,"jetpack_social_options":{"image_generator_settings":{"template":"highway","enabled":false},"version":2}},"categories":[32],"tags":[],"jetpack_publicize_connections":[],"jetpack_featured_media_url":"https:\/\/appelloalpopolo.it\/wp-content\/uploads\/2016\/12\/Scenarieconomici.png","jetpack_sharing_enabled":true,"jetpack_shortlink":"https:\/\/wp.me\/p7ZaJ4-dQh","_links":{"self":[{"href":"https:\/\/appelloalpopolo.it\/index.php?rest_route=\/wp\/v2\/posts\/53213"}],"collection":[{"href":"https:\/\/appelloalpopolo.it\/index.php?rest_route=\/wp\/v2\/posts"}],"about":[{"href":"https:\/\/appelloalpopolo.it\/index.php?rest_route=\/wp\/v2\/types\/post"}],"author":[{"embeddable":true,"href":"https:\/\/appelloalpopolo.it\/index.php?rest_route=\/wp\/v2\/users\/89"}],"replies":[{"embeddable":true,"href":"https:\/\/appelloalpopolo.it\/index.php?rest_route=%2Fwp%2Fv2%2Fcomments&post=53213"}],"version-history":[{"count":2,"href":"https:\/\/appelloalpopolo.it\/index.php?rest_route=\/wp\/v2\/posts\/53213\/revisions"}],"predecessor-version":[{"id":53226,"href":"https:\/\/appelloalpopolo.it\/index.php?rest_route=\/wp\/v2\/posts\/53213\/revisions\/53226"}],"wp:featuredmedia":[{"embeddable":true,"href":"https:\/\/appelloalpopolo.it\/index.php?rest_route=\/wp\/v2\/media\/26680"}],"wp:attachment":[{"href":"https:\/\/appelloalpopolo.it\/index.php?rest_route=%2Fwp%2Fv2%2Fmedia&parent=53213"}],"wp:term":[{"taxonomy":"category","embeddable":true,"href":"https:\/\/appelloalpopolo.it\/index.php?rest_route=%2Fwp%2Fv2%2Fcategories&post=53213"},{"taxonomy":"post_tag","embeddable":true,"href":"https:\/\/appelloalpopolo.it\/index.php?rest_route=%2Fwp%2Fv2%2Ftags&post=53213"}],"curies":[{"name":"wp","href":"https:\/\/api.w.org\/{rel}","templated":true}]}}