{"id":53220,"date":"2019-10-03T01:45:17","date_gmt":"2019-10-02T23:45:17","guid":{"rendered":"http:\/\/appelloalpopolo.it\/?p=53220"},"modified":"2019-10-03T08:17:36","modified_gmt":"2019-10-03T06:17:36","slug":"perche-tentiamo-di-candidarci-alle-elezioni-regionali-e-come-valutare-i-risultati-elettorali","status":"publish","type":"post","link":"https:\/\/appelloalpopolo.it\/?p=53220","title":{"rendered":"Perch\u00e9 tentiamo di candidarci alle elezioni regionali e come valutare i risultati elettorali"},"content":{"rendered":"<p>di STEFANO D&#8217;ANDREA (Presidente del FSI)<\/p>\n<p style=\"text-align: justify;\">Al fine di evitare che, all\u2019esito delle elezioni regionali in Umbria e, in seguito, di altre elezioni regionali nelle quali riusciremo a candidarci nel 2020, militanti e simpatizzanti restino ingenuamente delusi per i risultati in termini di voti ottenuti, voglio chiarire, una volta per tutte, le svariate motivazioni che ci spingono a tentare di candidarci nelle elezioni regionali e i diversi obiettivi che ci proponiamo, obiettivi che sono tutti raggiunti per il semplice fatto di riuscire a candidarci e, in parte, sono, talvolta, raggiunti anche se non riusciamo. Voglio anche svolgere due osservazioni che, a mio avviso, sono necessarie per valutare i risultati elettorali che otterremo.<\/p>\n<p style=\"text-align: justify;\">Intanto, da un lato, un partito nazionale deve avere un radicamento tendenzialmente su tutto il territorio nazionale, dall\u2019altro una frazione di un\u2019alleanza \u00e8 tanto pi\u00f9 utile all\u2019alleanza quanto pi\u00f9 \u00e8 in grado di raccogliere le sottoscrizioni necessarie a far candidare l\u2019alleanza nel maggior numero di circoscrizioni possibile. Tentare di candidarci serve, quindi, in primo luogo ,a sapere: in quali circoscrizioni siamo in grado di fare ci\u00f2 che \u00e8 necessario per riuscire a candidarci nelle elezioni nazionali, da soli o come frazione di un\u2019alleanza; in quali circoscrizioni non siamo ancora in grado ma siamo vicini all\u2019obiettivo; e in quali circoscrizioni, pur essendo in parte presenti, siamo lontani dall\u2019obiettivo, per mancanza di capacit\u00e0, di volont\u00e0, di possibilit\u00e0 (tempo a disposizione dei militanti) e di relazioni sociali (necessarie a trovare gli autenticatori). A tal fine si deve tener conto che, con l\u2019eccezione di due regioni, le sottoscrizioni richieste per la candidatura alle regionali sono superiori a quelle richieste per candidarsi alle nazionali. Le regionali sono dunque un buon test per verificare lo stato dell\u2019arte.<\/p>\n<p style=\"text-align: justify;\">In secondo luogo, tentare di candidarci serve a sapere quale e quanto apporto \u00e8 in grado di offrire e concretamente offre ogni militante, nonch\u00e9 a scoprire quali simpatizzanti ci danno una mano, sia pure piccola, e che tipo di apporto forniscono. Possedere queste informazioni ci rende pi\u00f9 forti per il futuro: conoscere le forze che abbiamo, sapere su chi si pu\u00f2 contare per un compito e su chi per un altro, \u00e8 oggettivamente una crescita, tanto che il punto non necessita di spiegazioni.<\/p>\n<p style=\"text-align: justify;\">In terzo luogo, tentando di candidarci si diffondono informazioni e conoscenze tecniche, che gi\u00e0 abbiamo al livello centrale: tempi a disposizione per la raccolta delle firme, utilizzabilit\u00e0 di moduli fatti da noi, senza attendere quelli forniti dal ministero dell\u2019interno, soggetti abilitati ad autenticare le sottoscrizioni, formalit\u00e0 relative al simbolo e in generale al deposito e altro. La conoscenza diffusa di queste informazioni consentir\u00e0, quando dovremo candidarci nelle elezioni politiche nazionali, di avere a disposizione pi\u00f9 militanti che possano guidare le operazioni in circoscrizioni \u201cvergini\u201d nelle quali non ci saremo ancora candidati e quindi nelle quali le conoscenze saranno assenti.<\/p>\n<p style=\"text-align: justify;\">In quarto luogo, i militanti di ogni regione nella quale riusciamo a candidarci, colgono l\u2019occasione per dotarsi di un programma regionale, nel quale i nostri principi nazionali vanno declinati e prima ancora scoprono competenze e problemi della politica regionale.<\/p>\n<p style=\"text-align: justify;\">Ma esiste anche un vantaggio di tipo psicologico: quando si tenta di candidarsi, quasi tutti i militanti e molti simpatizzanti, ciascuno secondo il proprio carattere e la propria condizione, sono spinti a fare uno \u201csforzo estremo\u201d in termini di quantit\u00e0 di impegno, di spese sostenute di messa alla prova della propria persona e nel rendere pubblico, con la candidatura, a parenti amici e conoscenti, il proprio totale coinvolgimento in un partito politico. Si genera insomma quella esaltante sensazione di preparare e svolgere una battaglia, che \u00e8 di per s\u00e9 formativa e momento di crescita.<\/p>\n<p style=\"text-align: justify;\">Una volta riusciti a raccogliere le sottoscrizioni necessarie a candidare la lista Riconquistare l\u2019Italia, un ulteriore risultato \u00e8 quello di ottenere una certa, minima, visibilit\u00e0 del candidato alla presidenza della regione e quindi della lista e del partito. La legge sulla par condicio, infatti, impone ai quotidiani che volessero effettuare un\u2019intervista ad un candidato presidente o dedicare ad esso una pagina, di rivolgere l\u2019intervista o di dedicare una pagina a tutti i candidati compreso il nostro. Il medesimo obbligo di parit\u00e0 di trattamento, a parte gli spot a pagamento, hanno i canali televisivi e radiofonici e la RAI. Esiste poi un diritto al passaggio di uno spot, credo per tre volte, su RAI TRE. E infine, si sfrutta l\u2019occasione per sponsorizzare sui social, a un costo tutto sommato modesto, il partito, la lista e il candidato presidente. Altro non si riesce a fare, dato il numero limitato di militanti e la vastit\u00e0 dei territori regionali. Dalla visibilit\u00e0 conseguita verranno sia altri militanti, sia altri simpatizzanti, con i quali entreremo in contatto.<\/p>\n<p style=\"text-align: justify;\">Quanti elettori si imbatteranno in una nostra sponsorizzazione su un social e ascolteranno un breve intervento del candidato presidente? Quanti vedranno e ascolteranno la TV il pomeriggio in cui il candidato presidente avr\u00e0 a disposizione quarantacinque minuti in una tribuna politica su RAI TRE? Quanti ascolteranno il nostro candidato presidente rispondere alle domande di un giornalista nelle trasmissioni organizzate dalle televisioni private? Quanti leggeranno l\u2019intervista da noi rilasciata a uno, due o tre quotidiani della stampa locale? Quanti, osservando un manifesto elettorale, andranno sulla rete a cercarci per capire chi siamo? Rispondere a queste domande \u00e8 fondamentale perch\u00e9 se si risponde, come credo debba rispondersi \u201cil 10-20% degli elettori\u201d allora si sa anche che l\u201980-90% degli elettori andr\u00e0 a votare senza aver mai ascoltato o letto una frase del nostro candidato presidente. Un gesto davvero eclatante potrebbe raddoppiare il numero di elettori che acquisiscano una minima informazione su di noi, perch\u00e9 se ne parlerebbe nei bar o negli uffici. Ma per non essere pagliacci, non possiamo instaurare la pratica sistemica del gesto eclatante, che quindi va rinviato al tempo della candidatura nelle elezioni nazionali. Dunque un numero di elettori molto ristretto, tra il 10 e il 20% potenzialmente pu\u00f2 scegliere di votarci.<\/p>\n<p style=\"text-align: justify;\">Ci\u00f2 significa che ottenere l\u20191% dei voti quando non si \u00e8 conosciuti che da un numero di elettori che oscilla tra un quinto e un decimo del totale (diverso \u00e8 il caso di partiti che prendono pochi voti anche se tutti ne conoscono l\u2019esistenza), induce a reputare che il partito abbia una potenza persuasiva (nel caso si faccia conoscere da tutti gli elettori) gi\u00e0 in grado di convincere il 5-10% di elettori; e quindi che ottenere lo 0,5% significa possedere un potenziale persuasivo gi\u00e0 del 2,5-5%.<\/p>\n<p style=\"text-align: justify;\">Ma in realt\u00e0 c\u2019\u00e8 un altro elemento di cui tener conto: il voto utile. Con i sistemi maggioritari e i premi di maggioranza anche gli italiani sono stati \u201ccostretti\u201d o \u201ceducati\u201d, ma meglio si dovrebbe dire diseducati, al voto (dell\u2019) utile idiota. I partiti piccoli e pi\u00f9 in generale i partiti che non possono \u201cvincere\u201d, quando il sistema elettorale non \u00e8 proporzionale, prendono una percentuale di voti inferiore alla stima della quale godono presso l\u2019elettorato.<\/p>\n<p style=\"text-align: justify;\">Perci\u00f2, in realt\u00e0, per calcolare l\u2019astratta potenzialit\u00e0 persuasiva degli elettori , il coefficiente per il quale va moltiplicato il risultato elettorale di un partito che \u00e8 conosciuto da un numero di elettori che oscilla tra un quinto e un decimo del totale e che non pu\u00f2 vincere, probabilmente non \u00e8 mai inferiore a dieci: ci\u00f2 spiega come il M5S possa essere passato dallo 0,1-2% che ottenevano nel sud le liste civiche Beppe Grillo nel 2011 al 25% nelle politiche del 2013.<\/p>\n<p style=\"text-align: justify;\">Per valutare la potenza persuasiva attuale dei nostri temi, dei nostri argomenti e della nostra \u201ccomunicazione\u201d, \u00e8 dunque necessario tener sempre ferma l\u2019idea che quando ci candidiamo alle elezioni regionali riusciamo a farci conoscere soltanto da una frazione dell\u2019elettorato (che secondo me \u00e8 di un decimo, non di pi\u00f9) e che anche una parte di coloro che ci apprezzano non ci vota, perch\u00e9 per il momento preferisce dare il voto utile.<\/p>\n","protected":false},"excerpt":{"rendered":"<p>di STEFANO D&#8217;ANDREA (Presidente del FSI) Al fine di evitare che, all\u2019esito delle elezioni regionali in Umbria e, in seguito, di altre elezioni regionali nelle quali riusciremo a candidarci nel 2020, militanti e simpatizzanti restino ingenuamente delusi per i risultati in termini di voti ottenuti, voglio chiarire, una volta per tutte, le svariate motivazioni che ci spingono a tentare di candidarci nelle elezioni regionali e i diversi obiettivi che ci proponiamo, obiettivi che sono tutti&#46;&#46;&#46;<\/p>\n","protected":false},"author":4,"featured_media":53239,"comment_status":"open","ping_status":"open","sticky":false,"template":"","format":"standard","meta":{"jetpack_post_was_ever_published":false,"_jetpack_newsletter_access":"","_jetpack_dont_email_post_to_subs":false,"_jetpack_newsletter_tier_id":0,"_jetpack_memberships_contains_paywalled_content":false,"_jetpack_memberships_contains_paid_content":false,"footnotes":"","jetpack_publicize_message":"","jetpack_publicize_feature_enabled":true,"jetpack_social_post_already_shared":true,"jetpack_social_options":{"image_generator_settings":{"template":"highway","enabled":false},"version":2}},"categories":[6196,48,6],"tags":[],"jetpack_publicize_connections":[],"jetpack_featured_media_url":"https:\/\/appelloalpopolo.it\/wp-content\/uploads\/2019\/10\/g12.png","jetpack_sharing_enabled":true,"jetpack_shortlink":"https:\/\/wp.me\/p7ZaJ4-dQo","_links":{"self":[{"href":"https:\/\/appelloalpopolo.it\/index.php?rest_route=\/wp\/v2\/posts\/53220"}],"collection":[{"href":"https:\/\/appelloalpopolo.it\/index.php?rest_route=\/wp\/v2\/posts"}],"about":[{"href":"https:\/\/appelloalpopolo.it\/index.php?rest_route=\/wp\/v2\/types\/post"}],"author":[{"embeddable":true,"href":"https:\/\/appelloalpopolo.it\/index.php?rest_route=\/wp\/v2\/users\/4"}],"replies":[{"embeddable":true,"href":"https:\/\/appelloalpopolo.it\/index.php?rest_route=%2Fwp%2Fv2%2Fcomments&post=53220"}],"version-history":[{"count":6,"href":"https:\/\/appelloalpopolo.it\/index.php?rest_route=\/wp\/v2\/posts\/53220\/revisions"}],"predecessor-version":[{"id":53240,"href":"https:\/\/appelloalpopolo.it\/index.php?rest_route=\/wp\/v2\/posts\/53220\/revisions\/53240"}],"wp:featuredmedia":[{"embeddable":true,"href":"https:\/\/appelloalpopolo.it\/index.php?rest_route=\/wp\/v2\/media\/53239"}],"wp:attachment":[{"href":"https:\/\/appelloalpopolo.it\/index.php?rest_route=%2Fwp%2Fv2%2Fmedia&parent=53220"}],"wp:term":[{"taxonomy":"category","embeddable":true,"href":"https:\/\/appelloalpopolo.it\/index.php?rest_route=%2Fwp%2Fv2%2Fcategories&post=53220"},{"taxonomy":"post_tag","embeddable":true,"href":"https:\/\/appelloalpopolo.it\/index.php?rest_route=%2Fwp%2Fv2%2Ftags&post=53220"}],"curies":[{"name":"wp","href":"https:\/\/api.w.org\/{rel}","templated":true}]}}