{"id":53860,"date":"2019-11-02T02:57:07","date_gmt":"2019-11-02T01:57:07","guid":{"rendered":"http:\/\/appelloalpopolo.it\/?p=53860"},"modified":"2019-11-01T20:04:27","modified_gmt":"2019-11-01T19:04:27","slug":"il-liberalismo-buono-non-esiste","status":"publish","type":"post","link":"https:\/\/appelloalpopolo.it\/?p=53860","title":{"rendered":"Il liberalismo &#8220;buono&#8221; non esiste"},"content":{"rendered":"<p>1)ANTI-LIBERALE<\/p>\n<p style=\"text-align: justify;\">Il liberale predilige i diritti dell&#8217;individuo rispetto ai diritti sociali, in vari gradi rispetto al tipo di liberalismo desiderato, ma la sostanza non cambia. Predilige l&#8217;individuo perch\u00e9, anche in maniera inconscia, si sente superiore al resto della popolazione, e quindi in grado di decidere per s\u00e9.<\/p>\n<p style=\"text-align: justify;\">Il liberale ha quindi una profonda concezione antidemocratica della politica, che si definisca di destra o di sinistra.<\/p>\n<p style=\"text-align: justify;\">Il liberale \u00e8, in sintesi, contro lo Stato. Per questo, qualcuno \u00e8 contro l&#8217;Unione Europea, e giustamente contro alcuni vincoli che la UE impone. Nessun liberale \u00e8 contro la libera movimentazione di merci, servizi, capitali e persone. Il fulcro ideologico della UE.<\/p>\n<p style=\"text-align: justify;\">Badate bene, non mi sto confondendo con il liberista. Questa \u00e8 una distinzione che diede Croce, un liberale, per distinguere un liberalismo buono da uno cattivo. Distinzione che non esiste. Pi\u00f9 o meno buono, il liberalismo non fa gli interessi del popolo.<\/p>\n<p style=\"text-align: justify;\">Tutte i concetti politici che hanno come suffisso liberale esprimono quindi degli ossimori:<\/p>\n<p style=\"text-align: justify;\">liberal-democratico<br \/>\nliberal-socialista<br \/>\nliberal-populista<br \/>\nliberal-sovranista<\/p>\n<p style=\"text-align: justify;\">Il suffisso liberale annulla la parola che segue, in modo simile al suffisso anti:<\/p>\n<p style=\"text-align: justify;\">anti-democratico<br \/>\nanti-socialista<br \/>\nanti-populista<br \/>\nanti-sovranista<\/p>\n<p style=\"text-align: justify;\">Fintanto che la maggiorparte della popolazione non capir\u00e0 che dovr\u00e0 dichiararsi anti-liberale, nonostante a tutti gli effetti lo sia gi\u00e0, i pochi veri liberali esistenti (4 noci in un sacco) governeranno al posto del popolo.<\/p>\n<p style=\"text-align: justify;\">Questo non vuol dire che dobbiamo escludere i liberali dalla societ\u00e0, ma solamente farli tornare alla giusta rappresentanza che hanno nella popolazione, lo zero virgola.<\/p>\n<p style=\"text-align: justify;\">Il popolo deve tornare a esprimere i propri interessi e non quelli che dei cattivi maestri ci hanno inculcato<\/p>\n<p style=\"text-align: justify;\">Quelli scritti nella Costituzione<br \/>\nQuelli annullati dall&#8217;Unione Europea<\/p>\n<p>DAVIDE VISIGALLI (FSI Genova)<\/p>\n<p>**************************<\/p>\n<p>2)IL PERFETTO LIBERALE: LE PAROLE SONO PIETRE<\/p>\n<p style=\"text-align: justify;\">L&#8217;invito di Erri De Luca a considerare l&#8217;ineludibile necessit\u00e0 di manodopera a basso costo, per intenderci quelli che raccolgono i pomodori (ndr cotone!) a tre Euro l&#8217;ora, \u00e8 la prova che i veri campioni dell&#8217;ideologia liberale stanno a &#8220;sinistra&#8221;. E la cosa pi\u00f9 orripilante sta nel fatto che questo argomento sarebbe rafforzativo dell&#8217;accoglienza indiscriminata dei migranti economici, insomma facciamoli entrare perch\u00e9 lo sfruttamento della loro forza lavoro \u00e8 indispensabile e questo proprio in perfetta conseguenza dei principi della famigerata economia sociale di mercato di marca ordoliberista, che \u00e8 l&#8217;anima dei trattati UE!<\/p>\n<p style=\"text-align: justify;\">Sembra, allora, di vedere all&#8217;opera di nuovo quella oligarchia ottocentesca, borghese, &#8220;illuminata, tollerante e liberale&#8221;, che si lanci\u00f2 nell&#8217;espansione coloniale, basata sulla tratta dei neri.<\/p>\n<p style=\"text-align: justify;\">Il risultato pi\u00f9 aberrante di questo ragionamento (A. Gassman docet!) \u00e8 che nella testa e nel cuore di questa gente \u00e8 impensabile praticare le politiche imposte dall&#8217;art. 3 della Costituzione, ovvero la necessit\u00e0 per la Repubblica di rimuovere ogni ostacolo di ordine ECONOMICO e SOCIALE per il pieno sviluppo della personalit\u00e0 umana e la partecipazione all&#8217;organizzazione politica, economica e sociale del Paese.<\/p>\n<p style=\"text-align: justify;\">E lo strumento perfetto per impedire l&#8217;applicazione dell&#8217;art. 3 \u00e8 proprio nascosto nella pratica del sostegno all&#8217;immigrazione di massa, che passa, invece, per umanitarismo. Da questo consegue un&#8217;altra argomentazione, secondo De Luca, contro il razzismo della Lega, ovvero i migranti ci servono e per questo non possiamo disprezzarli, come a dire che se non ci servivano potevano essere oggetto, invece, del pi\u00f9 perfetto disprezzo.<\/p>\n<p style=\"text-align: justify;\">O, invece, i migranti non hanno alcun DIRITTO?<\/p>\n<p>ANDREA D&#8217;AGOSTO (FSI Bari)<\/p>\n","protected":false},"excerpt":{"rendered":"<p>1)ANTI-LIBERALE Il liberale predilige i diritti dell&#8217;individuo rispetto ai diritti sociali, in vari gradi rispetto al tipo di liberalismo desiderato, ma la sostanza non cambia. Predilige l&#8217;individuo perch\u00e9, anche in maniera inconscia, si sente superiore al resto della popolazione, e quindi in grado di decidere per s\u00e9. Il liberale ha quindi una profonda concezione antidemocratica della politica, che si definisca di destra o di sinistra. Il liberale \u00e8, in sintesi, contro lo Stato. Per questo,&#46;&#46;&#46;<\/p>\n","protected":false},"author":4,"featured_media":53861,"comment_status":"open","ping_status":"open","sticky":false,"template":"","format":"standard","meta":{"jetpack_post_was_ever_published":false,"_jetpack_newsletter_access":"","_jetpack_dont_email_post_to_subs":false,"_jetpack_newsletter_tier_id":0,"_jetpack_memberships_contains_paywalled_content":false,"_jetpack_memberships_contains_paid_content":false,"footnotes":"","jetpack_publicize_message":"","jetpack_publicize_feature_enabled":true,"jetpack_social_post_already_shared":true,"jetpack_social_options":{"image_generator_settings":{"template":"highway","enabled":false},"version":2}},"categories":[6196,6],"tags":[],"jetpack_publicize_connections":[],"jetpack_featured_media_url":"https:\/\/appelloalpopolo.it\/wp-content\/uploads\/2019\/11\/croce.jpg","jetpack_sharing_enabled":true,"jetpack_shortlink":"https:\/\/wp.me\/p7ZaJ4-e0I","_links":{"self":[{"href":"https:\/\/appelloalpopolo.it\/index.php?rest_route=\/wp\/v2\/posts\/53860"}],"collection":[{"href":"https:\/\/appelloalpopolo.it\/index.php?rest_route=\/wp\/v2\/posts"}],"about":[{"href":"https:\/\/appelloalpopolo.it\/index.php?rest_route=\/wp\/v2\/types\/post"}],"author":[{"embeddable":true,"href":"https:\/\/appelloalpopolo.it\/index.php?rest_route=\/wp\/v2\/users\/4"}],"replies":[{"embeddable":true,"href":"https:\/\/appelloalpopolo.it\/index.php?rest_route=%2Fwp%2Fv2%2Fcomments&post=53860"}],"version-history":[{"count":1,"href":"https:\/\/appelloalpopolo.it\/index.php?rest_route=\/wp\/v2\/posts\/53860\/revisions"}],"predecessor-version":[{"id":53862,"href":"https:\/\/appelloalpopolo.it\/index.php?rest_route=\/wp\/v2\/posts\/53860\/revisions\/53862"}],"wp:featuredmedia":[{"embeddable":true,"href":"https:\/\/appelloalpopolo.it\/index.php?rest_route=\/wp\/v2\/media\/53861"}],"wp:attachment":[{"href":"https:\/\/appelloalpopolo.it\/index.php?rest_route=%2Fwp%2Fv2%2Fmedia&parent=53860"}],"wp:term":[{"taxonomy":"category","embeddable":true,"href":"https:\/\/appelloalpopolo.it\/index.php?rest_route=%2Fwp%2Fv2%2Fcategories&post=53860"},{"taxonomy":"post_tag","embeddable":true,"href":"https:\/\/appelloalpopolo.it\/index.php?rest_route=%2Fwp%2Fv2%2Ftags&post=53860"}],"curies":[{"name":"wp","href":"https:\/\/api.w.org\/{rel}","templated":true}]}}