{"id":53950,"date":"2019-11-08T06:00:36","date_gmt":"2019-11-08T05:00:36","guid":{"rendered":"http:\/\/appelloalpopolo.it\/?p=53950"},"modified":"2019-11-09T16:33:36","modified_gmt":"2019-11-09T15:33:36","slug":"noi-eredi-di-mazzini","status":"publish","type":"post","link":"https:\/\/appelloalpopolo.it\/?p=53950","title":{"rendered":"Noi eredi di Mazzini"},"content":{"rendered":"<p align=\"JUSTIFY\">di <strong>Luca Mancini (FSI Roma)<\/strong><\/p>\n<p align=\"JUSTIFY\">Noi siamo l&#8217;ultimo baluardo di un&#8217;idea che \u00e8 invincibile, poich\u00e9 essa \u00e8 libert\u00e0, indipendenza e giustizia sociale per i popoli. L&#8217;idea di un uomo che \u00e8 morto latitante come un criminale per averla sostenuta con tanto amore e coraggio fino alla fine dei suoi giorni: quell&#8217;uomo era Giuseppe Mazzini e noi siamo i suoi degni eredi.<\/p>\n<p align=\"JUSTIFY\">Lo siamo perch\u00e8 la nostra \u00e8 una lotta per la libert\u00e0 e l&#8217;indipendenza della nazione italiana dal giogo straniero, esattamente come lo era quella della Giovine Italia. Noi vogliamo essere liberi di fare le scelte migliori per il nostro Paese e non per una cricca di affaristi e burocrati che bivaccano a Bruxelles. Per questo noi dobbiamo divincolarci dall&#8217;abbraccio mortale dell&#8217;Unione Europea e riottenere la nostra indipendenza.<\/p>\n<p align=\"JUSTIFY\">Lo siamo perch\u00e8 siamo figli del Risorgimento e vogliamo continuare e perpetuare questo movimento. Vogliamo che l&#8217;Italia risorga nuovamente forte, prospera ed indipendente.<\/p>\n<p align=\"JUSTIFY\">Lo siamo perch\u00e8 seguiamo tutti quanti il sogno di una Repubblica libera e sovrana.<\/p>\n<p align=\"JUSTIFY\">Lo siamo perch\u00e8 sosteniamo fortemente l&#8217;Unit\u00e0 e l&#8217;indivisibilit\u00e0 dell&#8217;Italia, contro le tendenze federaliste e le spinte autonomiste volute da alcune forze liberali, le quali non desiderano altro che disgregare gli aggregati collettivi, seguendo l&#8217;antica logica del <i>divide et impera<\/i>.<\/p>\n<p align=\"JUSTIFY\">Lo siamo perch\u00e8 siamo tutti patrioti. Amiamo la nostra patria e non ce ne vergogniamo. Questo non ci rende dei mostri, come vorrebbe farci credere certa propaganda liberale. Essere patrioti non significa voler distruggere la libert\u00e0 di altri popoli. Non vogliamo opprimere nessuno, proprio perch\u00e8 il nostro sterminato amor patrio ci fa capire quanto \u00e8 importante la libert\u00e0 per i popoli.<\/p>\n<p align=\"JUSTIFY\">Lo siamo perch\u00e8 combattiamo per una maggiore giustizia sociale che redistribuisca la ricchezza attraverso il sacro lavoro, come ebbe a dire proprio Mazzini criticando Marx: \u201cnon bisogna abolire la propriet\u00e0 perch\u00e9 oggi \u00e8 di pochi; bisogna aprire la via perch\u00e9 i molti possano acquistarla. Bisogna richiamarla al principio che la renda legittima, facendo s\u00ec che solo il lavoro possa produrla\u201d.<br \/>\nNoi siamo tutto questo e per ottenerlo dobbiamo assolutamente Riconquistare l&#8217;Italia.<\/p>\n<p>Viva la Repubblica libera!<\/p>\n","protected":false},"excerpt":{"rendered":"<p>di Luca Mancini (FSI Roma) Noi siamo l&#8217;ultimo baluardo di un&#8217;idea che \u00e8 invincibile, poich\u00e9 essa \u00e8 libert\u00e0, indipendenza e giustizia sociale per i popoli. L&#8217;idea di un uomo che \u00e8 morto latitante come un criminale per averla sostenuta con tanto amore e coraggio fino alla fine dei suoi giorni: quell&#8217;uomo era Giuseppe Mazzini e noi siamo i suoi degni eredi. Lo siamo perch\u00e8 la nostra \u00e8 una lotta per la libert\u00e0 e l&#8217;indipendenza della&#46;&#46;&#46;<\/p>\n","protected":false},"author":68,"featured_media":54030,"comment_status":"open","ping_status":"open","sticky":false,"template":"","format":"standard","meta":{"jetpack_post_was_ever_published":false,"_jetpack_newsletter_access":"","_jetpack_dont_email_post_to_subs":false,"_jetpack_newsletter_tier_id":0,"_jetpack_memberships_contains_paywalled_content":false,"_jetpack_memberships_contains_paid_content":false,"footnotes":"","jetpack_publicize_message":"","jetpack_publicize_feature_enabled":true,"jetpack_social_post_already_shared":true,"jetpack_social_options":{"image_generator_settings":{"template":"highway","enabled":false},"version":2}},"categories":[6],"tags":[6513,702,6515,4314,804,6514,260,237,283,451,6004,6512,5762,285,135,3322,39],"jetpack_publicize_connections":[],"jetpack_featured_media_url":"https:\/\/appelloalpopolo.it\/wp-content\/uploads\/2019\/11\/mazz.jpg","jetpack_sharing_enabled":true,"jetpack_shortlink":"https:\/\/wp.me\/p7ZaJ4-e2a","_links":{"self":[{"href":"https:\/\/appelloalpopolo.it\/index.php?rest_route=\/wp\/v2\/posts\/53950"}],"collection":[{"href":"https:\/\/appelloalpopolo.it\/index.php?rest_route=\/wp\/v2\/posts"}],"about":[{"href":"https:\/\/appelloalpopolo.it\/index.php?rest_route=\/wp\/v2\/types\/post"}],"author":[{"embeddable":true,"href":"https:\/\/appelloalpopolo.it\/index.php?rest_route=\/wp\/v2\/users\/68"}],"replies":[{"embeddable":true,"href":"https:\/\/appelloalpopolo.it\/index.php?rest_route=%2Fwp%2Fv2%2Fcomments&post=53950"}],"version-history":[{"count":3,"href":"https:\/\/appelloalpopolo.it\/index.php?rest_route=\/wp\/v2\/posts\/53950\/revisions"}],"predecessor-version":[{"id":54047,"href":"https:\/\/appelloalpopolo.it\/index.php?rest_route=\/wp\/v2\/posts\/53950\/revisions\/54047"}],"wp:featuredmedia":[{"embeddable":true,"href":"https:\/\/appelloalpopolo.it\/index.php?rest_route=\/wp\/v2\/media\/54030"}],"wp:attachment":[{"href":"https:\/\/appelloalpopolo.it\/index.php?rest_route=%2Fwp%2Fv2%2Fmedia&parent=53950"}],"wp:term":[{"taxonomy":"category","embeddable":true,"href":"https:\/\/appelloalpopolo.it\/index.php?rest_route=%2Fwp%2Fv2%2Fcategories&post=53950"},{"taxonomy":"post_tag","embeddable":true,"href":"https:\/\/appelloalpopolo.it\/index.php?rest_route=%2Fwp%2Fv2%2Ftags&post=53950"}],"curies":[{"name":"wp","href":"https:\/\/api.w.org\/{rel}","templated":true}]}}