{"id":55019,"date":"2019-12-19T10:30:50","date_gmt":"2019-12-19T09:30:50","guid":{"rendered":"http:\/\/appelloalpopolo.it\/?p=55019"},"modified":"2019-12-15T14:40:06","modified_gmt":"2019-12-15T13:40:06","slug":"summit-nato-il-ruolo-dellitalia-nello-scacchiere-transatlantic","status":"publish","type":"post","link":"https:\/\/appelloalpopolo.it\/?p=55019","title":{"rendered":"Summit NATO: il ruolo dell\u2019Italia nello scacchiere transatlantico"},"content":{"rendered":"<p style=\"text-align: justify\">Di\u00a0<strong>POLIKOS (Luca Sebastiani)<\/strong><\/p>\n<p style=\"text-align: justify\">A 70 anni dalla nascita della NATO, il summit di Londra, tenutosi il 3 e 4 dicembre, doveva rappresentare una celebrazione del patto siglato nel 1949. L\u2019appuntamento, al contrario, ha visto i protagonisti del mondo occidentale tutto meno che concordi nel valutare la vitalit\u00e0 e le prospettive future dell\u2019Alleanza.<\/p>\n<p style=\"text-align: justify\">A cominciare dal presidente francese Macron, il quale aveva definito la NATO, appena poche settimane prima del vertice, in uno stato di \u00abmorte cerebrale\u00bb, a riprova di quanto siano profonde le divisioni.<\/p>\n<p style=\"text-align: justify\">Uno dei punti maggiormente critici \u00e8 il ruolo della Turchia di Erdogan, secondo Paese per capacit\u00e0 militari all\u2019interno della NATO e quindi membro imprescindibile, che per\u00f2, a seguito dell\u2019operazione militare nel Nord della Siria, ha fatto storcere il naso a molti partner atlantici (primo tra tutti proprio Macron).<\/p>\n<p style=\"text-align: justify\">L\u2019Italia, rappresentata dal premier Giuseppe Conte, ha ribadito l\u2019importanza dell\u2019Alleanza, che ha definito \u00abuna piattaforma unica di dialogo in un contesto che rischia di frammentarsi\u00bb. Il presidente del Consiglio ha incontrato Trump in un bilaterale in cui si \u00e8 parlato in particolare del caso libico, oltre che di cooperazione industriale e di 5G. Conte ha quindi cercato di convincere Trump ad appoggiare il governo di Accordo Nazionale di al Serraj, sostenuto da Roma fin dall\u2019inizio della crisi.<\/p>\n<p style=\"text-align: justify\">Nello stesso giorno si era svolta una riunione tra i leader di Gran Bretagna, Germania, Turchia e Francia ed alcuni avevano supposto che il tema trattato fosse proprio la Libia, mettendo cos\u00ec ai margini decisionali l\u2019Italia. Conte ha tenuto a sottolineare che l\u2019argomento della riunione fosse stato invece la Siria, e che tra le potenze NATO non potesse essere possibile parlare di Libia senza coinvolgere l\u2019Italia.<\/p>\n<p style=\"text-align: justify\">Nell\u2019ultimo periodo molti esperti hanno sottolineato una sorta di disimpegno italiano per quanto concerne il dossier libico, anche per motivi di politica interna. Conte, parlandone con Trump, ha riaffermato l\u2019importanza che Roma deve mantenere nel processo di stabilizzazione del Paese arabo. Il presidente del Consiglio si \u00e8 poi confrontato con il premier britannico Boris Johnson, discutendo sia del futuro dell\u2019Alleanza, anche in chiave post-Brexit, sia della situazione nel Mediterraneo.<\/p>\n<p style=\"text-align: justify\">Proprio Johnson \u00e8 stato uno dei leader pi\u00f9 distesi e propositivi, ricordando i princ\u00ecpi fondanti politico-militari della NATO e l\u2019impegno di destinare il 2% del Pil a favore del settore Difesa e Sicurezza. Lo stesso Segretario Generale dell\u2019Alleanza Atlantica, Jens Stoltenberg, ha voluto evidenziare l\u2019incremento delle risorse destinate al mondo della Difesa, che ha definito \u00absenza precedenti\u00bb.<\/p>\n<p style=\"text-align: justify\">Durante il summit, Trump ha potuto dialogare con il presidente turco Erdogan, spendendo parole di elogio per il \u00abbuon lavoro\u00bb svolto da quest\u2019ultimo all\u2019interno della NATO. Dopo aver ripreso Macron per le sue frasi sulle condizioni dell\u2019Alleanza, il presidente americano ha affermato che la \u00abNATO \u00e8 pi\u00f9 forte che mai\u00bb.<\/p>\n<p style=\"text-align: justify\">Non sono inoltre mancate polemiche su alcune frasi rubate dai giornalisti, i quali hanno ripreso una conversazione tra Macron, Johnson, Trudeau e Rutte, intenti a scambiarsi battute su un possibile ritardo del presidente statunitense. A prescindere da cosa si siano effettivamente detti i 4 leader, la cosa certa \u00e8 che Trump ha cancellato l\u2019ultima conferenza stampa per tornarsene a Washington.<\/p>\n<p style=\"text-align: justify\">Ai margini del summit Stoltenberg ha voluto riaffermare lo storico legame tra i membri della NATO. Il Segretario Generale ha parlato, in termini concreti, di un aumento delle forze di reazione rapida di 30 battaglioni, 30 navi da combattimento e 30 squadroni aerei, riconoscendo il contributo crescente nel settore della Difesa.<\/p>\n<p style=\"text-align: justify\">I punti pi\u00f9 importanti affrontati da Stoltenberg hanno riguardato i rapporti con la Cina, fonte di opportunit\u00e0 e sfide a cui la NATO deve adeguarsi, e la Russia, con cui il dialogo deve essere migliorato ed implementato.<\/p>\n<p style=\"text-align: justify\">Tirando le somme, \u00e8 stato quindi un vertice che non ha portato grande giovamento immediato alla compattezza dell\u2019Alleanza. Le divisioni rimangono ma la speranza dei Paesi membri \u00e8 che la \u201cvecchia\u201d NATO riesca ad unirsi e ricompattarsi, adeguandosi alle sfide attuali che la circondano.<\/p>\n<p style=\"text-align: justify\"><strong>Fonte<\/strong>:\u00a0<a href=\"http:\/\/polikos.it\/geopolitica\/2019\/12\/summit-nato-il-ruolo-dellitalia-nello-scacchiere-transatlantico\/\">http:\/\/polikos.it\/geopolitica\/2019\/12\/summit-nato-il-ruolo-dellitalia-nello-scacchiere-transatlantico\/<\/a><\/p>\n<p style=\"text-align: justify\">\n","protected":false},"excerpt":{"rendered":"<p>Di\u00a0POLIKOS (Luca Sebastiani) A 70 anni dalla nascita della NATO, il summit di Londra, tenutosi il 3 e 4 dicembre, doveva rappresentare una celebrazione del patto siglato nel 1949. L\u2019appuntamento, al contrario, ha visto i protagonisti del mondo occidentale tutto meno che concordi nel valutare la vitalit\u00e0 e le prospettive future dell\u2019Alleanza. A cominciare dal presidente francese Macron, il quale aveva definito la NATO, appena poche settimane prima del vertice, in uno stato di \u00abmorte&#46;&#46;&#46;<\/p>\n","protected":false},"author":97,"featured_media":44424,"comment_status":"open","ping_status":"open","sticky":false,"template":"","format":"standard","meta":{"jetpack_post_was_ever_published":false,"_jetpack_newsletter_access":"","_jetpack_dont_email_post_to_subs":false,"_jetpack_newsletter_tier_id":0,"_jetpack_memberships_contains_paywalled_content":false,"_jetpack_memberships_contains_paid_content":false,"footnotes":"","jetpack_publicize_message":"","jetpack_publicize_feature_enabled":true,"jetpack_social_post_already_shared":true,"jetpack_social_options":{"image_generator_settings":{"template":"highway","enabled":false},"version":2}},"categories":[32],"tags":[],"jetpack_publicize_connections":[],"jetpack_featured_media_url":"https:\/\/appelloalpopolo.it\/wp-content\/uploads\/2018\/09\/LOGO-POLIKOS-ASTERAS-700x490.png","jetpack_sharing_enabled":true,"jetpack_shortlink":"https:\/\/wp.me\/p7ZaJ4-ejp","_links":{"self":[{"href":"https:\/\/appelloalpopolo.it\/index.php?rest_route=\/wp\/v2\/posts\/55019"}],"collection":[{"href":"https:\/\/appelloalpopolo.it\/index.php?rest_route=\/wp\/v2\/posts"}],"about":[{"href":"https:\/\/appelloalpopolo.it\/index.php?rest_route=\/wp\/v2\/types\/post"}],"author":[{"embeddable":true,"href":"https:\/\/appelloalpopolo.it\/index.php?rest_route=\/wp\/v2\/users\/97"}],"replies":[{"embeddable":true,"href":"https:\/\/appelloalpopolo.it\/index.php?rest_route=%2Fwp%2Fv2%2Fcomments&post=55019"}],"version-history":[{"count":2,"href":"https:\/\/appelloalpopolo.it\/index.php?rest_route=\/wp\/v2\/posts\/55019\/revisions"}],"predecessor-version":[{"id":55023,"href":"https:\/\/appelloalpopolo.it\/index.php?rest_route=\/wp\/v2\/posts\/55019\/revisions\/55023"}],"wp:featuredmedia":[{"embeddable":true,"href":"https:\/\/appelloalpopolo.it\/index.php?rest_route=\/wp\/v2\/media\/44424"}],"wp:attachment":[{"href":"https:\/\/appelloalpopolo.it\/index.php?rest_route=%2Fwp%2Fv2%2Fmedia&parent=55019"}],"wp:term":[{"taxonomy":"category","embeddable":true,"href":"https:\/\/appelloalpopolo.it\/index.php?rest_route=%2Fwp%2Fv2%2Fcategories&post=55019"},{"taxonomy":"post_tag","embeddable":true,"href":"https:\/\/appelloalpopolo.it\/index.php?rest_route=%2Fwp%2Fv2%2Ftags&post=55019"}],"curies":[{"name":"wp","href":"https:\/\/api.w.org\/{rel}","templated":true}]}}