{"id":56327,"date":"2020-02-21T09:05:56","date_gmt":"2020-02-21T08:05:56","guid":{"rendered":"http:\/\/appelloalpopolo.it\/?p=56327"},"modified":"2020-02-21T09:01:37","modified_gmt":"2020-02-21T08:01:37","slug":"i-miracoli-della-sanita-pubblica","status":"publish","type":"post","link":"https:\/\/appelloalpopolo.it\/?p=56327","title":{"rendered":"I miracoli della sanit\u00e0 pubblica"},"content":{"rendered":"<p style=\"text-align: justify\">Di <strong>SENSO COMUNE\u00a0 (Guendalina Anzolin)<\/strong><\/p>\n<p style=\"text-align: justify\">\n<p style=\"text-align: justify\"><em>Sabato notte all\u2019ospedale di Verona, un\u2019equipe tutta al femminile ha fatto un miracolo, salvando due vite, a una bambina che stava per nascere con una grande massa tumorale e alla sua mamma. L\u2019operazione si \u00e8 svolta nella notte di sabato 15 febbraio, nonostante fosse fissata per luned\u00ed 17 febbraio, dato che la donna \u00e8 entrata in travaglio due giorni prima.\u00a0\u00a0<a href=\"https:\/\/www.larena.it\/territori\/citt%C3%A0\/operata-di-tumore-mentre-%C3%A8-ancora-dentro-all-utero-1.7949866?fbclid=IwAR0vtqUuo5PtImqfxMSXNaBBuezezeZOBGpEDWn6vGUZjYZ99C3fY3BHdCc\">Il fatto \u00e8 riportato dal quotidiano di Verona L\u2019Arena<\/a>: \u201cGiulia (nome di fantasia) ha un tumore enorme al collo, una massa di 8 centimetri che le schiaccia e devia la trachea, mettendo fuori uso la sua capacita\u0300 respiratoria: le vie aeree sono totalmente ostruite. Mentre Giulia stava nella pancia, era la placenta ad assorbire ossigeno dal sangue materno e, da li\u0300, attraverso il cordone ombelicale, a fornirlo ai suoi polmoni. Il rischio mortale per Giulia era appunto il parto, cioe\u0300 il passaggio dalla condizione intrauterina dove tutto funziona grazie allo scambio con la mamma, alla vita \u00abfuori\u00bb dove, al primo respiro, per lei impossibile, sarebbe morta soffocata\u201d.<\/em><\/p>\n<p style=\"text-align: justify\"><em>\u00a0<\/em><br \/>\n<em>La ratio dell\u2019intervento sta nel fatto che il bambino rimane collegato al cordone ombelicale e, potendosi nutrire ancora dell\u2019ossigenazione materna, pu\u00f2 essere operato evitando che si soffochi. La complessit\u00e0 dell\u2019intervento svolto alla perfezione e senza complicazioni vede un\u2019altra volta confermato il primato delle eccellenze mediche in ambito sanitario pubblico nel nostro territorio. Un sistema nazionale che d\u00e0 ancora la possibilit\u00e0 a tutti di curarsi, e di avere a disposizione l\u2019eccellenza medica in un ospedale pubblico. E dobbiamo ricordarcelo, perch\u00e9 \u00e8 un patrimonio che stiamo man mano distruggendo, accusando e privatizzando. I dati sulla \u2018privatizzazione\u2019 della sanit\u00e0 -proprio in Veneto dove tra qualche mese ci saranno le regionali- parlano chiaro.<\/em><\/p>\n<p style=\"text-align: justify\"><em>Merita infine sottolineare che, nonostante il quotidiano veronese se ne dimentichi, l\u2019equipe era formata da medici chirurghi e pediatre donne. Quindi dottoresse e non ostetriche, e ci teniamo a rimarcarlo solo perch\u00e9 gli uomini in sala operatoria sono dottori e le donne in sala operatoria sono ostetriche. Sono state quattro dottoresse, tre donne chirurghe e una pediatra.<\/em><\/p>\n<p>&nbsp;<\/p>\n<p><strong>Fonte:\u00a0<\/strong><a href=\"https:\/\/www.senso-comune.it\/rivista\/stoccate\/i-miracoli-della-sanita-pubblica\/\">https:\/\/www.senso-comune.it\/rivista\/stoccate\/i-miracoli-della-sanita-pubblica\/<\/a><\/p>\n","protected":false},"excerpt":{"rendered":"<p>Di SENSO COMUNE\u00a0 (Guendalina Anzolin) Sabato notte all\u2019ospedale di Verona, un\u2019equipe tutta al femminile ha fatto un miracolo, salvando due vite, a una bambina che stava per nascere con una grande massa tumorale e alla sua mamma. L\u2019operazione si \u00e8 svolta nella notte di sabato 15 febbraio, nonostante fosse fissata per luned\u00ed 17 febbraio, dato che la donna \u00e8 entrata in travaglio due giorni prima.\u00a0\u00a0Il fatto \u00e8 riportato dal quotidiano di Verona L\u2019Arena: \u201cGiulia (nome&#46;&#46;&#46;<\/p>\n","protected":false},"author":92,"featured_media":33207,"comment_status":"open","ping_status":"open","sticky":false,"template":"","format":"standard","meta":{"jetpack_post_was_ever_published":false,"_jetpack_newsletter_access":"","_jetpack_dont_email_post_to_subs":false,"_jetpack_newsletter_tier_id":0,"_jetpack_memberships_contains_paywalled_content":false,"_jetpack_memberships_contains_paid_content":false,"footnotes":"","jetpack_publicize_message":"","jetpack_publicize_feature_enabled":true,"jetpack_social_post_already_shared":true,"jetpack_social_options":{"image_generator_settings":{"template":"highway","enabled":false},"version":2}},"categories":[32],"tags":[],"jetpack_publicize_connections":[],"jetpack_featured_media_url":"https:\/\/appelloalpopolo.it\/wp-content\/uploads\/2017\/07\/Senso-Comune.png","jetpack_sharing_enabled":true,"jetpack_shortlink":"https:\/\/wp.me\/p7ZaJ4-eEv","_links":{"self":[{"href":"https:\/\/appelloalpopolo.it\/index.php?rest_route=\/wp\/v2\/posts\/56327"}],"collection":[{"href":"https:\/\/appelloalpopolo.it\/index.php?rest_route=\/wp\/v2\/posts"}],"about":[{"href":"https:\/\/appelloalpopolo.it\/index.php?rest_route=\/wp\/v2\/types\/post"}],"author":[{"embeddable":true,"href":"https:\/\/appelloalpopolo.it\/index.php?rest_route=\/wp\/v2\/users\/92"}],"replies":[{"embeddable":true,"href":"https:\/\/appelloalpopolo.it\/index.php?rest_route=%2Fwp%2Fv2%2Fcomments&post=56327"}],"version-history":[{"count":1,"href":"https:\/\/appelloalpopolo.it\/index.php?rest_route=\/wp\/v2\/posts\/56327\/revisions"}],"predecessor-version":[{"id":56328,"href":"https:\/\/appelloalpopolo.it\/index.php?rest_route=\/wp\/v2\/posts\/56327\/revisions\/56328"}],"wp:featuredmedia":[{"embeddable":true,"href":"https:\/\/appelloalpopolo.it\/index.php?rest_route=\/wp\/v2\/media\/33207"}],"wp:attachment":[{"href":"https:\/\/appelloalpopolo.it\/index.php?rest_route=%2Fwp%2Fv2%2Fmedia&parent=56327"}],"wp:term":[{"taxonomy":"category","embeddable":true,"href":"https:\/\/appelloalpopolo.it\/index.php?rest_route=%2Fwp%2Fv2%2Fcategories&post=56327"},{"taxonomy":"post_tag","embeddable":true,"href":"https:\/\/appelloalpopolo.it\/index.php?rest_route=%2Fwp%2Fv2%2Ftags&post=56327"}],"curies":[{"name":"wp","href":"https:\/\/api.w.org\/{rel}","templated":true}]}}