{"id":58084,"date":"2020-04-23T02:41:45","date_gmt":"2020-04-23T00:41:45","guid":{"rendered":"http:\/\/appelloalpopolo.it\/?p=58084"},"modified":"2020-04-22T10:49:51","modified_gmt":"2020-04-22T08:49:51","slug":"covid-19-e-le-interazioni-sociali","status":"publish","type":"post","link":"https:\/\/appelloalpopolo.it\/?p=58084","title":{"rendered":"Covid-19 e le interazioni sociali"},"content":{"rendered":"<p>di MICHELE DURANTE (FSI Genova)<\/p>\n<p style=\"text-align: justify;\">L&#8217;epidemia da Covid-19 \u00e8 ormai stata dichiarata pandemia dall&#8217;OMS, ovvero epidemia diffusa in tutto il mondo. In Italia fa discutere per\u00f2 un tasso di mortalit\u00e0 di gran lunga superiore ad altri paesi che hanno affrontato la stessa emergenza. Ecco che molti si sono fiondati alla ricerca spasmodica delle cause che possono aver prodotto questo, quantomeno anomalo, tasso di mortalit\u00e0 in Italia. Ormai \u00e8 risaputo che il Covid-19 si manifesta con particolare virulenza nei confronti di soggetti anziani e con patologie pregresse. Tra le pi\u00f9 disparate ipotesi che si sono azzardate una ha preso in esame, come fattore rilevante se non preponderante, le interazioni tra nonni-nipoti e genitori anziani-figli, che in Italia sarebbero pi\u00f9 diffuse che in altri paesi con tassi di mortalit\u00e0 inferiori. Inoltre si afferma anche che ci\u00f2 abbia facilitato e velocizzato l&#8217;espansione del contagio.<\/p>\n<p style=\"text-align: justify;\">\nIn Italia, negli ultimi vent&#8217;anni, molti fattori economici e sociali hanno contribuito alla riduzione del numero di componenti nei nuclei familiari: si \u00e8 passati da una media di 2,7 (1996-1997) ad una media di 2,4 (2016-2017), sono aumentate notevolmente le famiglie unipersonali e diminuite quelle con 5 o pi\u00f9 componenti;<\/p>\n<p style=\"text-align: justify;\"><img loading=\"lazy\" decoding=\"async\" class=\"alignnone size-medium wp-image-58173\" src=\"http:\/\/appelloalpopolo.it\/wp-content\/uploads\/2020\/04\/Screenshot-1-300x202.jpg\" alt=\"\" width=\"300\" height=\"202\" srcset=\"https:\/\/appelloalpopolo.it\/wp-content\/uploads\/2020\/04\/Screenshot-1-300x202.jpg 300w, https:\/\/appelloalpopolo.it\/wp-content\/uploads\/2020\/04\/Screenshot-1-768x518.jpg 768w, https:\/\/appelloalpopolo.it\/wp-content\/uploads\/2020\/04\/Screenshot-1.jpg 877w\" sizes=\"(max-width: 300px) 100vw, 300px\" \/><\/p>\n<p>inoltre l&#8217;epidemia in Italia si \u00e8 concentrata soprattutto in Lombardia e al nord in generale dove i nuclei familiari sono notoriamente meno numerosi rispetto alle regioni del sud.<\/p>\n<p><img loading=\"lazy\" decoding=\"async\" class=\"alignnone size-medium wp-image-58170\" src=\"http:\/\/appelloalpopolo.it\/wp-content\/uploads\/2020\/04\/Screenshot-3-300x198.jpg\" alt=\"\" width=\"300\" height=\"198\" srcset=\"https:\/\/appelloalpopolo.it\/wp-content\/uploads\/2020\/04\/Screenshot-3-300x198.jpg 300w, https:\/\/appelloalpopolo.it\/wp-content\/uploads\/2020\/04\/Screenshot-3-768x507.jpg 768w, https:\/\/appelloalpopolo.it\/wp-content\/uploads\/2020\/04\/Screenshot-3.jpg 783w\" sizes=\"(max-width: 300px) 100vw, 300px\" \/><\/p>\n<p style=\"text-align: justify;\">Non di meno \u00e8 da considerare la severit\u00e0 delle misure restrittive prese in Italia, che non trovano eguali nei paese europei, e sono seconde solo a quelle prese in Cina, limitate a solo un&#8217;aerea del paese se pur vasta e popolosa. Mi sento di escludere che le interazioni familiari abbiano inciso pi\u00f9 di altri fattori nel numero dei contagi e nella mortalit\u00e0 rispetto ad altri paesi. Sicuramente, constatare accuratamente in modo scientifico e statistico i fattori epidemiologici di questa pandemia sar\u00e0 un&#8217;impresa ardua. Questa impresa dovr\u00e0 essere svolta prendendo in considerazione una miriade di dati e variabili che noi non possiamo nemmeno immaginare. Sebbene un&#8217;impresa del genere venisse portata a compimento, credo che non si giungerebbe comunque a determinare matematicamente le cause dei diversi dati epidemiologici nei diversi paesi.<\/p>\n<p style=\"text-align: justify;\">Al di l\u00e0 dei meri dati statistici, mi soffermerei sul lato filosofico della questione: l&#8217;essere umano sarebbe in grado di vivere rinunciando alle interazioni sociali? All&#8217;affetto e alla vicinanza dei propri familiari? Io credo proprio di no. L&#8217;uomo \u00e8 un animale sociale, e ognuno di noi ha bisogno di appartenere ad un gruppo, sia esso di dimensione ridotta, come la famiglia, sia esso di dimensione pi\u00f9 ampia, come una comunit\u00e0, un paese. Non solo sentiamo il bisogno di appartenenza ma anche di scambio, di interazione e di contatto. Azzarderei a dire che il senso della vita \u00e8 il contatto tra le persone. Senza interazione, senza contatto non pu\u00f2 nascere la vita per l&#8217;uomo, non pu\u00f2 esserci procreazione e non pu\u00f2 esserci felicit\u00e0.<\/p>\n<p style=\"text-align: justify;\">In questo periodo \u00e8 giusto evitare i contatti con i nostri familiari pi\u00f9 anziani che sono i soggetti pi\u00f9 a rischio ma \u00e8 una situazione che non potr\u00e0 protrarsi troppo nel tempo. Molti nonni, nonne, zii e zie che vivono soli trovano nell&#8217;interazione con la propria famiglia, soprattutto nell&#8217;affetto dei propri nipoti il senso e il valore della propria vita. Quando si parla di non poter pi\u00f9 interagire, per un tempo indeterminato, anche con i pi\u00f9 stretti familiari bisogna stare molto attenti perch\u00e9 si va a minare ci\u00f2 che per moltissime persone comporta la propria ragione di vivere, il proprio benessere psichico e sociale. Alcune persone, vedendosi sottratto tutto ci\u00f2 per cui vivono, potrebbero subire conseguenze anche peggiori del Covid-19, non dico di non dare importanza a questo virus ma di darne altrettanta al benessere psichico e sociale delle persone che se fortemente compromesso pu\u00f2 portare egualmente alla morte.<\/p>\n<p style=\"text-align: justify;\">Non c&#8217;\u00e8 solo il Covid-19 che mette a repentaglio il benessere dell&#8217;essere umano: la depressione, la povert\u00e0, sistemi sanitari non adeguati, altre malattie, incidenti stradali ecc. cose con cui conviviamo ogni giorno. Probabilmente bisogner\u00e0 organizzarsi e imparare a convivere con questo misterioso agente patogeno senza dover rinunciare alle cose pi\u00f9 importanti della vita, anche perch\u00e9 non credo che l&#8217;uomo potr\u00e0 mai rinunciare a cose come la famiglia, l&#8217;amicizia e l&#8217;amore, insomma, a vivere una vita degna d&#8217;esser vissuta.<\/p>\n","protected":false},"excerpt":{"rendered":"<p>di MICHELE DURANTE (FSI Genova) L&#8217;epidemia da Covid-19 \u00e8 ormai stata dichiarata pandemia dall&#8217;OMS, ovvero epidemia diffusa in tutto il mondo. In Italia fa discutere per\u00f2 un tasso di mortalit\u00e0 di gran lunga superiore ad altri paesi che hanno affrontato la stessa emergenza. Ecco che molti si sono fiondati alla ricerca spasmodica delle cause che possono aver prodotto questo, quantomeno anomalo, tasso di mortalit\u00e0 in Italia. Ormai \u00e8 risaputo che il Covid-19 si manifesta con&#46;&#46;&#46;<\/p>\n","protected":false},"author":4,"featured_media":58174,"comment_status":"open","ping_status":"open","sticky":false,"template":"","format":"standard","meta":{"jetpack_post_was_ever_published":false,"_jetpack_newsletter_access":"","_jetpack_dont_email_post_to_subs":false,"_jetpack_newsletter_tier_id":0,"_jetpack_memberships_contains_paywalled_content":false,"_jetpack_memberships_contains_paid_content":false,"footnotes":"","jetpack_publicize_message":"","jetpack_publicize_feature_enabled":true,"jetpack_social_post_already_shared":true,"jetpack_social_options":{"image_generator_settings":{"template":"highway","enabled":false},"version":2}},"categories":[17,6],"tags":[6639,6588,632,6583],"jetpack_publicize_connections":[],"jetpack_featured_media_url":"https:\/\/appelloalpopolo.it\/wp-content\/uploads\/2020\/04\/durante.jpg","jetpack_sharing_enabled":true,"jetpack_shortlink":"https:\/\/wp.me\/p7ZaJ4-f6Q","_links":{"self":[{"href":"https:\/\/appelloalpopolo.it\/index.php?rest_route=\/wp\/v2\/posts\/58084"}],"collection":[{"href":"https:\/\/appelloalpopolo.it\/index.php?rest_route=\/wp\/v2\/posts"}],"about":[{"href":"https:\/\/appelloalpopolo.it\/index.php?rest_route=\/wp\/v2\/types\/post"}],"author":[{"embeddable":true,"href":"https:\/\/appelloalpopolo.it\/index.php?rest_route=\/wp\/v2\/users\/4"}],"replies":[{"embeddable":true,"href":"https:\/\/appelloalpopolo.it\/index.php?rest_route=%2Fwp%2Fv2%2Fcomments&post=58084"}],"version-history":[{"count":2,"href":"https:\/\/appelloalpopolo.it\/index.php?rest_route=\/wp\/v2\/posts\/58084\/revisions"}],"predecessor-version":[{"id":58175,"href":"https:\/\/appelloalpopolo.it\/index.php?rest_route=\/wp\/v2\/posts\/58084\/revisions\/58175"}],"wp:featuredmedia":[{"embeddable":true,"href":"https:\/\/appelloalpopolo.it\/index.php?rest_route=\/wp\/v2\/media\/58174"}],"wp:attachment":[{"href":"https:\/\/appelloalpopolo.it\/index.php?rest_route=%2Fwp%2Fv2%2Fmedia&parent=58084"}],"wp:term":[{"taxonomy":"category","embeddable":true,"href":"https:\/\/appelloalpopolo.it\/index.php?rest_route=%2Fwp%2Fv2%2Fcategories&post=58084"},{"taxonomy":"post_tag","embeddable":true,"href":"https:\/\/appelloalpopolo.it\/index.php?rest_route=%2Fwp%2Fv2%2Ftags&post=58084"}],"curies":[{"name":"wp","href":"https:\/\/api.w.org\/{rel}","templated":true}]}}