{"id":59414,"date":"2020-06-26T03:13:10","date_gmt":"2020-06-26T01:13:10","guid":{"rendered":"http:\/\/appelloalpopolo.it\/?p=59414"},"modified":"2020-06-25T23:19:41","modified_gmt":"2020-06-25T21:19:41","slug":"un-vero-affare","status":"publish","type":"post","link":"https:\/\/appelloalpopolo.it\/?p=59414","title":{"rendered":"Un vero affare"},"content":{"rendered":"<p>di ANTONIO MARRAPODI (FSI-Riconquistare l&#8217;Italia Reggio Calabria)<\/p>\n<p style=\"text-align: justify;\">C&#8217;erano pochi dubbi sul fatto che gli euro-fanatici avrebbero approfittato anche di questa crisi per invocare maggiore flessibilit\u00e0 dei contratti di lavoro. Poco importa se, secondo l&#8217;OCSE, in Italia gli indici di protezione dei lavoratori siano crollati di circa il 30% negli ultimi 30 anni. Si tratta, per intenderci, della pi\u00f9 forte precarizzazione del lavoro dopo la Grecia.<\/p>\n<p style=\"text-align: justify;\">Ricordiamo agli amici del PD e a Gualtieri che la precarizzazione dei contratti di lavoro NON stimola l&#8217;occupazione e anzi la deprime. Ma in \u20aczona, dove l&#8217;unico fattore per recuperare competitivit\u00e0 con l&#8217;estero \u00e8 la deflazione interna, non possono esistere alternative. Insomma, in cambio della possibilit\u00e0 di volare <em>low-cost<\/em> fino a Berlino senza cambiare moneta ci hanno rubato lavoro, diritti sociali e futuro. Un affare.<\/p>\n","protected":false},"excerpt":{"rendered":"<p>di ANTONIO MARRAPODI (FSI-Riconquistare l&#8217;Italia Reggio Calabria) C&#8217;erano pochi dubbi sul fatto che gli euro-fanatici avrebbero approfittato anche di questa crisi per invocare maggiore flessibilit\u00e0 dei contratti di lavoro. Poco importa se, secondo l&#8217;OCSE, in Italia gli indici di protezione dei lavoratori siano crollati di circa il 30% negli ultimi 30 anni. Si tratta, per intenderci, della pi\u00f9 forte precarizzazione del lavoro dopo la Grecia. Ricordiamo agli amici del PD e a Gualtieri che la&#46;&#46;&#46;<\/p>\n","protected":false},"author":4,"featured_media":59415,"comment_status":"open","ping_status":"open","sticky":false,"template":"","format":"standard","meta":{"jetpack_post_was_ever_published":false,"_jetpack_newsletter_access":"","_jetpack_dont_email_post_to_subs":false,"_jetpack_newsletter_tier_id":0,"_jetpack_memberships_contains_paywalled_content":false,"_jetpack_memberships_contains_paid_content":false,"footnotes":"","jetpack_publicize_message":"","jetpack_publicize_feature_enabled":true,"jetpack_social_post_already_shared":true,"jetpack_social_options":{"image_generator_settings":{"template":"highway","enabled":false},"version":2}},"categories":[6196,6],"tags":[],"jetpack_publicize_connections":[],"jetpack_featured_media_url":"https:\/\/appelloalpopolo.it\/wp-content\/uploads\/2020\/06\/gualtieri-2.jpg","jetpack_sharing_enabled":true,"jetpack_shortlink":"https:\/\/wp.me\/p7ZaJ4-fsi","_links":{"self":[{"href":"https:\/\/appelloalpopolo.it\/index.php?rest_route=\/wp\/v2\/posts\/59414"}],"collection":[{"href":"https:\/\/appelloalpopolo.it\/index.php?rest_route=\/wp\/v2\/posts"}],"about":[{"href":"https:\/\/appelloalpopolo.it\/index.php?rest_route=\/wp\/v2\/types\/post"}],"author":[{"embeddable":true,"href":"https:\/\/appelloalpopolo.it\/index.php?rest_route=\/wp\/v2\/users\/4"}],"replies":[{"embeddable":true,"href":"https:\/\/appelloalpopolo.it\/index.php?rest_route=%2Fwp%2Fv2%2Fcomments&post=59414"}],"version-history":[{"count":1,"href":"https:\/\/appelloalpopolo.it\/index.php?rest_route=\/wp\/v2\/posts\/59414\/revisions"}],"predecessor-version":[{"id":59416,"href":"https:\/\/appelloalpopolo.it\/index.php?rest_route=\/wp\/v2\/posts\/59414\/revisions\/59416"}],"wp:featuredmedia":[{"embeddable":true,"href":"https:\/\/appelloalpopolo.it\/index.php?rest_route=\/wp\/v2\/media\/59415"}],"wp:attachment":[{"href":"https:\/\/appelloalpopolo.it\/index.php?rest_route=%2Fwp%2Fv2%2Fmedia&parent=59414"}],"wp:term":[{"taxonomy":"category","embeddable":true,"href":"https:\/\/appelloalpopolo.it\/index.php?rest_route=%2Fwp%2Fv2%2Fcategories&post=59414"},{"taxonomy":"post_tag","embeddable":true,"href":"https:\/\/appelloalpopolo.it\/index.php?rest_route=%2Fwp%2Fv2%2Ftags&post=59414"}],"curies":[{"name":"wp","href":"https:\/\/api.w.org\/{rel}","templated":true}]}}