{"id":59728,"date":"2020-08-25T21:38:20","date_gmt":"2020-08-25T19:38:20","guid":{"rendered":"http:\/\/appelloalpopolo.it\/?p=59728"},"modified":"2020-08-25T21:15:48","modified_gmt":"2020-08-25T19:15:48","slug":"aggiornamento-n-2-dal-mondo-reale","status":"publish","type":"post","link":"https:\/\/appelloalpopolo.it\/?p=59728","title":{"rendered":"Aggiornamento n. 2 dal mondo reale"},"content":{"rendered":"<p style=\"text-align: justify;\">Stabile e insignificante il numero dei morti giornalieri: quattro.<br \/>\nLe terapie intensive sono stabili (una in pi\u00f9) e sono 66 (erano 65 ieri non 64 come ho scritto).<br \/>\nPer ora, per fortuna, covid 19 non \u00e8 nemmeno la centesima causa di morte. Se ne parla per il terrore che in futuro torni ad essere una malattia con mortalit\u00e0 lieve ma ad alta contagiosit\u00e0. Per ora la malattia \u00e8 contagiosa ma \u00e7on letalit\u00e0 insignificante.<\/p>\n<p>(Stefano D&#8217;Andrea)<\/p>\n","protected":false},"excerpt":{"rendered":"<p>Stabile e insignificante il numero dei morti giornalieri: quattro. Le terapie intensive sono stabili (una in pi\u00f9) e sono 66 (erano 65 ieri non 64 come ho scritto). Per ora, per fortuna, covid 19 non \u00e8 nemmeno la centesima causa di morte. Se ne parla per il terrore che in futuro torni ad essere una malattia con mortalit\u00e0 lieve ma ad alta contagiosit\u00e0. Per ora la malattia \u00e8 contagiosa ma \u00e7on letalit\u00e0 insignificante. (Stefano D&#8217;Andrea)<\/p>\n","protected":false},"author":4,"featured_media":0,"comment_status":"open","ping_status":"open","sticky":false,"template":"","format":"standard","meta":{"jetpack_post_was_ever_published":false,"_jetpack_newsletter_access":"","_jetpack_dont_email_post_to_subs":false,"_jetpack_newsletter_tier_id":0,"_jetpack_memberships_contains_paywalled_content":false,"_jetpack_memberships_contains_paid_content":false,"footnotes":"","jetpack_publicize_message":"","jetpack_publicize_feature_enabled":true,"jetpack_social_post_already_shared":true,"jetpack_social_options":{"image_generator_settings":{"template":"highway","enabled":false},"version":2}},"categories":[6715],"tags":[],"jetpack_publicize_connections":[],"jetpack_featured_media_url":"","jetpack_sharing_enabled":true,"jetpack_shortlink":"https:\/\/wp.me\/p7ZaJ4-fxm","_links":{"self":[{"href":"https:\/\/appelloalpopolo.it\/index.php?rest_route=\/wp\/v2\/posts\/59728"}],"collection":[{"href":"https:\/\/appelloalpopolo.it\/index.php?rest_route=\/wp\/v2\/posts"}],"about":[{"href":"https:\/\/appelloalpopolo.it\/index.php?rest_route=\/wp\/v2\/types\/post"}],"author":[{"embeddable":true,"href":"https:\/\/appelloalpopolo.it\/index.php?rest_route=\/wp\/v2\/users\/4"}],"replies":[{"embeddable":true,"href":"https:\/\/appelloalpopolo.it\/index.php?rest_route=%2Fwp%2Fv2%2Fcomments&post=59728"}],"version-history":[{"count":1,"href":"https:\/\/appelloalpopolo.it\/index.php?rest_route=\/wp\/v2\/posts\/59728\/revisions"}],"predecessor-version":[{"id":59729,"href":"https:\/\/appelloalpopolo.it\/index.php?rest_route=\/wp\/v2\/posts\/59728\/revisions\/59729"}],"wp:attachment":[{"href":"https:\/\/appelloalpopolo.it\/index.php?rest_route=%2Fwp%2Fv2%2Fmedia&parent=59728"}],"wp:term":[{"taxonomy":"category","embeddable":true,"href":"https:\/\/appelloalpopolo.it\/index.php?rest_route=%2Fwp%2Fv2%2Fcategories&post=59728"},{"taxonomy":"post_tag","embeddable":true,"href":"https:\/\/appelloalpopolo.it\/index.php?rest_route=%2Fwp%2Fv2%2Ftags&post=59728"}],"curies":[{"name":"wp","href":"https:\/\/api.w.org\/{rel}","templated":true}]}}