{"id":59742,"date":"2020-08-30T08:20:31","date_gmt":"2020-08-30T06:20:31","guid":{"rendered":"http:\/\/appelloalpopolo.it\/?p=59742"},"modified":"2020-08-30T08:18:41","modified_gmt":"2020-08-30T06:18:41","slug":"aggiornamento-n-3-dal-mondo-reale","status":"publish","type":"post","link":"https:\/\/appelloalpopolo.it\/?p=59742","title":{"rendered":"Aggiornamento n. 3 dal mondo reale"},"content":{"rendered":"<div>\n<div class=\"\" dir=\"auto\">\n<div id=\"jsc_c_3jz\" class=\"ecm0bbzt hv4rvrfc e5nlhep0 dati1w0a\" data-ad-comet-preview=\"message\" data-ad-preview=\"message\">\n<div class=\"j83agx80 cbu4d94t ew0dbk1b irj2b8pg\">\n<div class=\"qzhwtbm6 knvmm38d\">\n<div class=\"kvgmc6g5 cxmmr5t8 oygrvhab hcukyx3x c1et5uql ii04i59q\">\n<div dir=\"auto\" style=\"text-align: justify;\">Oggi 4 morti, che ben potrebbero essere, e probabilmente sono, gente ricoverata da molti mesi, eventualmente curata come oggi sappiamo non deve essere curata. O magari si tratta, come ieri, di anziani negativizzatisi, morti sul territorio, e registrati come morti covid per volere del Ministero, come ieri illustrava La Repubblica. Anche le terapie intensive scendono di una unit\u00e0. Da 69 irrilevanti TI a 68 irrilevanti TI. Insomma la malattia non c&#8217;\u00e8. E chi sta in paranoia, ci sta soltanto perch\u00e9 \u00e8 un paranoico.<\/div>\n<div dir=\"auto\" style=\"text-align: justify;\">Individuiamoli e teniamoli lontano in futuro: un paranoico cacasotto non pu\u00f2 essere n\u00e9 un buon politico, n\u00e9 un valido intellettuale, n\u00e9 un valido giornalista.<\/div>\n<\/div>\n<\/div>\n<\/div>\n<\/div>\n<\/div>\n<\/div>\n<div>\n<div class=\"stjgntxs ni8dbmo4 l82x9zwi uo3d90p7 h905i5nu monazrh9\" data-visualcompletion=\"ignore-dynamic\">\n<div class=\"cwj9ozl2 tvmbv18p\">(Stefano D&#8217;Andrea, 27 agosto 2020)<\/div>\n<\/div>\n<\/div>\n","protected":false},"excerpt":{"rendered":"<p>Oggi 4 morti, che ben potrebbero essere, e probabilmente sono, gente ricoverata da molti mesi, eventualmente curata come oggi sappiamo non deve essere curata. O magari si tratta, come ieri, di anziani negativizzatisi, morti sul territorio, e registrati come morti covid per volere del Ministero, come ieri illustrava La Repubblica. Anche le terapie intensive scendono di una unit\u00e0. Da 69 irrilevanti TI a 68 irrilevanti TI. Insomma la malattia non c&#8217;\u00e8. E chi sta in&#46;&#46;&#46;<\/p>\n","protected":false},"author":4,"featured_media":0,"comment_status":"open","ping_status":"open","sticky":false,"template":"","format":"standard","meta":{"jetpack_post_was_ever_published":false,"_jetpack_newsletter_access":"","_jetpack_dont_email_post_to_subs":false,"_jetpack_newsletter_tier_id":0,"_jetpack_memberships_contains_paywalled_content":false,"_jetpack_memberships_contains_paid_content":false,"footnotes":"","jetpack_publicize_message":"","jetpack_publicize_feature_enabled":true,"jetpack_social_post_already_shared":true,"jetpack_social_options":{"image_generator_settings":{"template":"highway","enabled":false},"version":2}},"categories":[6715],"tags":[],"jetpack_publicize_connections":[],"jetpack_featured_media_url":"","jetpack_sharing_enabled":true,"jetpack_shortlink":"https:\/\/wp.me\/p7ZaJ4-fxA","_links":{"self":[{"href":"https:\/\/appelloalpopolo.it\/index.php?rest_route=\/wp\/v2\/posts\/59742"}],"collection":[{"href":"https:\/\/appelloalpopolo.it\/index.php?rest_route=\/wp\/v2\/posts"}],"about":[{"href":"https:\/\/appelloalpopolo.it\/index.php?rest_route=\/wp\/v2\/types\/post"}],"author":[{"embeddable":true,"href":"https:\/\/appelloalpopolo.it\/index.php?rest_route=\/wp\/v2\/users\/4"}],"replies":[{"embeddable":true,"href":"https:\/\/appelloalpopolo.it\/index.php?rest_route=%2Fwp%2Fv2%2Fcomments&post=59742"}],"version-history":[{"count":2,"href":"https:\/\/appelloalpopolo.it\/index.php?rest_route=\/wp\/v2\/posts\/59742\/revisions"}],"predecessor-version":[{"id":59744,"href":"https:\/\/appelloalpopolo.it\/index.php?rest_route=\/wp\/v2\/posts\/59742\/revisions\/59744"}],"wp:attachment":[{"href":"https:\/\/appelloalpopolo.it\/index.php?rest_route=%2Fwp%2Fv2%2Fmedia&parent=59742"}],"wp:term":[{"taxonomy":"category","embeddable":true,"href":"https:\/\/appelloalpopolo.it\/index.php?rest_route=%2Fwp%2Fv2%2Fcategories&post=59742"},{"taxonomy":"post_tag","embeddable":true,"href":"https:\/\/appelloalpopolo.it\/index.php?rest_route=%2Fwp%2Fv2%2Ftags&post=59742"}],"curies":[{"name":"wp","href":"https:\/\/api.w.org\/{rel}","templated":true}]}}