{"id":59755,"date":"2020-09-02T02:07:35","date_gmt":"2020-09-02T00:07:35","guid":{"rendered":"http:\/\/appelloalpopolo.it\/?p=59755"},"modified":"2020-09-01T20:14:11","modified_gmt":"2020-09-01T18:14:11","slug":"referendum-costituzionale-sulla-riduzione-dei-parlamentari-un-ulteriore-motivo-per-votare-no","status":"publish","type":"post","link":"https:\/\/appelloalpopolo.it\/?p=59755","title":{"rendered":"Referendum costituzionale sulla riduzione dei parlamentari: un ulteriore motivo per votare NO"},"content":{"rendered":"<p>di ANDREA MORETTI (FSI-Riconquistare l&#8217;Italia Perugia)<\/p>\n<div dir=\"auto\" style=\"text-align: justify;\">Con la riduzione dei Parlamentari, a scatola chiusa, si determineranno tutta una serie di effetti nefasti su altre norme della nostra Costituzione, come ad esempio la drastica riduzione del numero di parlamentari per raggiungere la maggioranza qualificata ai fini dell&#8217;approvazione delle leggi costituzionali e di modifica alla Costituzione. Praticamente un Parlamento con meno membri \u00e8 pi\u00f9 malleabile, pi\u00f9 facilmente influenzabile dai mercati e dalle lobby e quindi pi\u00f9 facilmente potr\u00e0 in futuro modificare la nostra carta fondamentale trasformando il nostro ordinamento costituzionale da uno Stato di tipo socialdemocratico ad uno Stato minimo di stampo neoliberista.<\/div>\n<div dir=\"auto\"><\/div>\n<div dir=\"auto\">Al referendum costituzionale del 21 Settembre VOTA NO!<\/div>\n<div dir=\"auto\"><\/div>\n<div dir=\"auto\">I parlamentari vanno sostituiti, non diminuiti!<\/div>\n<div dir=\"auto\"><\/div>\n<div dir=\"auto\">La democrazia non si tocca!<\/div>\n","protected":false},"excerpt":{"rendered":"<p>di ANDREA MORETTI (FSI-Riconquistare l&#8217;Italia Perugia) Con la riduzione dei Parlamentari, a scatola chiusa, si determineranno tutta una serie di effetti nefasti su altre norme della nostra Costituzione, come ad esempio la drastica riduzione del numero di parlamentari per raggiungere la maggioranza qualificata ai fini dell&#8217;approvazione delle leggi costituzionali e di modifica alla Costituzione. Praticamente un Parlamento con meno membri \u00e8 pi\u00f9 malleabile, pi\u00f9 facilmente influenzabile dai mercati e dalle lobby e quindi pi\u00f9 facilmente&#46;&#46;&#46;<\/p>\n","protected":false},"author":4,"featured_media":59756,"comment_status":"open","ping_status":"open","sticky":false,"template":"","format":"standard","meta":{"jetpack_post_was_ever_published":false,"_jetpack_newsletter_access":"","_jetpack_dont_email_post_to_subs":false,"_jetpack_newsletter_tier_id":0,"_jetpack_memberships_contains_paywalled_content":false,"_jetpack_memberships_contains_paid_content":false,"footnotes":"","jetpack_publicize_message":"","jetpack_publicize_feature_enabled":true,"jetpack_social_post_already_shared":true,"jetpack_social_options":{"image_generator_settings":{"template":"highway","enabled":false},"version":2}},"categories":[6196,6],"tags":[],"jetpack_publicize_connections":[],"jetpack_featured_media_url":"https:\/\/appelloalpopolo.it\/wp-content\/uploads\/2020\/09\/no.png","jetpack_sharing_enabled":true,"jetpack_shortlink":"https:\/\/wp.me\/p7ZaJ4-fxN","_links":{"self":[{"href":"https:\/\/appelloalpopolo.it\/index.php?rest_route=\/wp\/v2\/posts\/59755"}],"collection":[{"href":"https:\/\/appelloalpopolo.it\/index.php?rest_route=\/wp\/v2\/posts"}],"about":[{"href":"https:\/\/appelloalpopolo.it\/index.php?rest_route=\/wp\/v2\/types\/post"}],"author":[{"embeddable":true,"href":"https:\/\/appelloalpopolo.it\/index.php?rest_route=\/wp\/v2\/users\/4"}],"replies":[{"embeddable":true,"href":"https:\/\/appelloalpopolo.it\/index.php?rest_route=%2Fwp%2Fv2%2Fcomments&post=59755"}],"version-history":[{"count":1,"href":"https:\/\/appelloalpopolo.it\/index.php?rest_route=\/wp\/v2\/posts\/59755\/revisions"}],"predecessor-version":[{"id":59757,"href":"https:\/\/appelloalpopolo.it\/index.php?rest_route=\/wp\/v2\/posts\/59755\/revisions\/59757"}],"wp:featuredmedia":[{"embeddable":true,"href":"https:\/\/appelloalpopolo.it\/index.php?rest_route=\/wp\/v2\/media\/59756"}],"wp:attachment":[{"href":"https:\/\/appelloalpopolo.it\/index.php?rest_route=%2Fwp%2Fv2%2Fmedia&parent=59755"}],"wp:term":[{"taxonomy":"category","embeddable":true,"href":"https:\/\/appelloalpopolo.it\/index.php?rest_route=%2Fwp%2Fv2%2Fcategories&post=59755"},{"taxonomy":"post_tag","embeddable":true,"href":"https:\/\/appelloalpopolo.it\/index.php?rest_route=%2Fwp%2Fv2%2Ftags&post=59755"}],"curies":[{"name":"wp","href":"https:\/\/api.w.org\/{rel}","templated":true}]}}