{"id":59825,"date":"2020-09-21T01:47:23","date_gmt":"2020-09-20T23:47:23","guid":{"rendered":"http:\/\/appelloalpopolo.it\/?p=59825"},"modified":"2020-09-20T21:59:47","modified_gmt":"2020-09-20T19:59:47","slug":"la-repubblica-dei-salari-perduti","status":"publish","type":"post","link":"https:\/\/appelloalpopolo.it\/?p=59825","title":{"rendered":"La repubblica dei salari perduti"},"content":{"rendered":"<p style=\"text-align: justify;\">di SIMONE GARILLI (FSI-Riconquistare l&#8217;Italia Mantova)<\/p>\n<div class=\"o9v6fnle cxmmr5t8 oygrvhab hcukyx3x c1et5uql ii04i59q\" style=\"text-align: justify;\">\n<div dir=\"auto\">Comunque la si guardi, dal punto di vista del debito pubblico, della crescita, dell&#8217;occupazione o dei salari, la cesura storica tra la Prima e la Seconda Repubblica si manifesta ben prima degli anni Novanta, a cavallo tra i Settanta e gli Ottanta. In questo caso il grafico mette in mostra la relazione strettissima, e inversa, tra aumento del tasso di disoccupazione e crescita dei salari reali (quindi i salari depurati dall&#8217;aumento dei prezzi, l&#8217;effettivo potere di acquisto dei lavoratori).<\/div>\n<\/div>\n<div class=\"o9v6fnle cxmmr5t8 oygrvhab hcukyx3x c1et5uql ii04i59q\" style=\"text-align: justify;\">\n<div dir=\"auto\"><img loading=\"lazy\" decoding=\"async\" class=\"alignnone size-medium wp-image-59826\" src=\"http:\/\/appelloalpopolo.it\/wp-content\/uploads\/2020\/09\/gr1-300x218.jpg\" alt=\"\" width=\"300\" height=\"218\" srcset=\"https:\/\/appelloalpopolo.it\/wp-content\/uploads\/2020\/09\/gr1-300x218.jpg 300w, https:\/\/appelloalpopolo.it\/wp-content\/uploads\/2020\/09\/gr1.jpg 720w\" sizes=\"(max-width: 300px) 100vw, 300px\" \/><\/div>\n<\/div>\n<div class=\"o9v6fnle cxmmr5t8 oygrvhab hcukyx3x c1et5uql ii04i59q\" style=\"text-align: justify;\">\n<div dir=\"auto\">Alcune considerazioni:<\/div>\n<\/div>\n<div class=\"o9v6fnle cxmmr5t8 oygrvhab hcukyx3x c1et5uql ii04i59q\" style=\"text-align: justify;\">\n<div dir=\"auto\"><\/div>\n<div dir=\"auto\">1) dal 1979 inizia la stagnazione dei salari reali. Non \u00e8 un anno come gli altri: l&#8217;Italia entra nel Sistema Monetario Europeo in seguito all&#8217;omicidio Moro, l&#8217;apice della strategia della tensione. Lo SME, come noto, \u00e8 un sistema monetario a cambi semifissi, per molti versi simile all&#8217;euro. L&#8217;Italia, per rimanervi agganciata, deve alzare i tassi di interesse sui suoi titoli pubblici cos\u00ec da attirare capitali esteri e contenere la svalutazione della lira rispetto al marco; svalutazione che fino a quel momento, insieme alla rivalutazione del marco stesso, consentiva alla classe politica di allargare i cordoni della spesa pubblica per sostenere economia e occupazione (e quindi salari). Una tensione sul lato valutario, dopo lo SME, si trasforma in una tensione sul lato distributivo tra Capitale e Lavoro (non che prima non ci fossero tensioni, naturalmente). Parallelamente al calo della crescita dei salari reali inizia a salire verticalmente il rapporto debito\/Pil. Lo SME presenta il conto in termini di spesa per interessi e di rendita finanziaria<\/div>\n<\/div>\n<div class=\"o9v6fnle cxmmr5t8 oygrvhab hcukyx3x c1et5uql ii04i59q\" style=\"text-align: justify;\">\n<div dir=\"auto\"><\/div>\n<div dir=\"auto\">2) nei terribili anni Settanta dell&#8217;inflazione a due cifre i salari reali (ripeto ancora: al netto dell&#8217;inflazione) crescevano in una forbice compresa tra il 4 e l&#8217;8%. Le famiglie risparmiavano mentre l&#8217;inflazione correva. Capito? Oggi scontiamo sulla nostra pelle cosa significhi il fenomeno opposto: la deflazione, o comunque un&#8217;inflazione prossima allo zero<\/div>\n<\/div>\n<div class=\"o9v6fnle cxmmr5t8 oygrvhab hcukyx3x c1et5uql ii04i59q\" style=\"text-align: justify;\">\n<div dir=\"auto\"><\/div>\n<div dir=\"auto\">3) dagli anni Ottanta in avanti \u00e8 una tragedia per i lavoratori. La produttivit\u00e0 e il Pil tutto sommato crescono ancora a livelli dignitosi fino alla fine del decennio, ma i salari ristagnano o addirittura calano. Inizia una dinamica di diseguaglianze crescenti e costanti, con la quota profitti che, fino a quando regge la crescita, si mangia la quota salari a ritmi spaventosi, per poi rallentare e concentrarsi in sempre meno mani<\/div>\n<\/div>\n<div class=\"o9v6fnle cxmmr5t8 oygrvhab hcukyx3x c1et5uql ii04i59q\" style=\"text-align: justify;\">\n<div dir=\"auto\"><\/div>\n<div dir=\"auto\">4) gran parte degli anni Novanta sono dolorosi per i lavoratori tanto quanto, se non pi\u00f9, degli anni Dieci del Duemila, quando inizia ufficialmente l&#8217;austerit\u00e0 europea. La verit\u00e0 \u00e8 che la nostra adesione all&#8217;Unione Europea, attraverso Maastricht, ha consentito ai governi e al grande capitale privato di massacrare i salari ben prima dell&#8217;euro, che \u00e8 solo un&#8217;articolazione di un dispositivo pi\u00f9 esteso<\/div>\n<\/div>\n<div class=\"o9v6fnle cxmmr5t8 oygrvhab hcukyx3x c1et5uql ii04i59q\">\n<div dir=\"auto\"><\/div>\n<div dir=\"auto\" style=\"text-align: justify;\">5) considerando il breve periodo, si pu\u00f2 dire senza dubbio che il governo Monti sia stato il pi\u00f9 reazionario dell&#8217;intera storia repubblicana (vedere il tracollo dei salari nel 2012). Sar\u00e0 per questo che la Fornero e lo stesso Monti ce li troviamo un giorno s\u00ec e l&#8217;altro pure nei talk show pi\u00f9 accreditati?<\/div>\n<\/div>\n<p>&nbsp;<\/p>\n","protected":false},"excerpt":{"rendered":"<p>di SIMONE GARILLI (FSI-Riconquistare l&#8217;Italia Mantova) Comunque la si guardi, dal punto di vista del debito pubblico, della crescita, dell&#8217;occupazione o dei salari, la cesura storica tra la Prima e la Seconda Repubblica si manifesta ben prima degli anni Novanta, a cavallo tra i Settanta e gli Ottanta. In questo caso il grafico mette in mostra la relazione strettissima, e inversa, tra aumento del tasso di disoccupazione e crescita dei salari reali (quindi i salari&#46;&#46;&#46;<\/p>\n","protected":false},"author":4,"featured_media":59827,"comment_status":"open","ping_status":"open","sticky":false,"template":"","format":"standard","meta":{"jetpack_post_was_ever_published":false,"_jetpack_newsletter_access":"","_jetpack_dont_email_post_to_subs":false,"_jetpack_newsletter_tier_id":0,"_jetpack_memberships_contains_paywalled_content":false,"_jetpack_memberships_contains_paid_content":false,"footnotes":"","jetpack_publicize_message":"","jetpack_publicize_feature_enabled":true,"jetpack_social_post_already_shared":true,"jetpack_social_options":{"image_generator_settings":{"template":"highway","enabled":false},"version":2}},"categories":[6196,6],"tags":[],"jetpack_publicize_connections":[],"jetpack_featured_media_url":"https:\/\/appelloalpopolo.it\/wp-content\/uploads\/2020\/09\/def.jpg","jetpack_sharing_enabled":true,"jetpack_shortlink":"https:\/\/wp.me\/p7ZaJ4-fyV","_links":{"self":[{"href":"https:\/\/appelloalpopolo.it\/index.php?rest_route=\/wp\/v2\/posts\/59825"}],"collection":[{"href":"https:\/\/appelloalpopolo.it\/index.php?rest_route=\/wp\/v2\/posts"}],"about":[{"href":"https:\/\/appelloalpopolo.it\/index.php?rest_route=\/wp\/v2\/types\/post"}],"author":[{"embeddable":true,"href":"https:\/\/appelloalpopolo.it\/index.php?rest_route=\/wp\/v2\/users\/4"}],"replies":[{"embeddable":true,"href":"https:\/\/appelloalpopolo.it\/index.php?rest_route=%2Fwp%2Fv2%2Fcomments&post=59825"}],"version-history":[{"count":1,"href":"https:\/\/appelloalpopolo.it\/index.php?rest_route=\/wp\/v2\/posts\/59825\/revisions"}],"predecessor-version":[{"id":59828,"href":"https:\/\/appelloalpopolo.it\/index.php?rest_route=\/wp\/v2\/posts\/59825\/revisions\/59828"}],"wp:featuredmedia":[{"embeddable":true,"href":"https:\/\/appelloalpopolo.it\/index.php?rest_route=\/wp\/v2\/media\/59827"}],"wp:attachment":[{"href":"https:\/\/appelloalpopolo.it\/index.php?rest_route=%2Fwp%2Fv2%2Fmedia&parent=59825"}],"wp:term":[{"taxonomy":"category","embeddable":true,"href":"https:\/\/appelloalpopolo.it\/index.php?rest_route=%2Fwp%2Fv2%2Fcategories&post=59825"},{"taxonomy":"post_tag","embeddable":true,"href":"https:\/\/appelloalpopolo.it\/index.php?rest_route=%2Fwp%2Fv2%2Ftags&post=59825"}],"curies":[{"name":"wp","href":"https:\/\/api.w.org\/{rel}","templated":true}]}}