{"id":59833,"date":"2020-09-23T02:30:09","date_gmt":"2020-09-23T00:30:09","guid":{"rendered":"http:\/\/appelloalpopolo.it\/?p=59833"},"modified":"2020-09-22T22:37:37","modified_gmt":"2020-09-22T20:37:37","slug":"non-voglio-arrendermi","status":"publish","type":"post","link":"https:\/\/appelloalpopolo.it\/?p=59833","title":{"rendered":"Non voglio arrendermi"},"content":{"rendered":"<p>di GIANLUCA BALDINI (FSI-Riconquistare l&#8217;Italia Pescara)<\/p>\n<div class=\"o9v6fnle cxmmr5t8 oygrvhab hcukyx3x c1et5uql ii04i59q\">\n<div dir=\"auto\" style=\"text-align: justify;\">Ho ritrovato questi appunti mentre cercavo un quadernino usato per Francesca. \u00c8 un quaderno pieno di appunti per la campagna elettorale del 2019. In ogni pagina appuntavo uno schema dei temi da affrontare nel programma oppure oggetto di un confronto con gli altri candidati alla carica di Sindaco di Pescara.<\/div>\n<\/div>\n<div class=\"o9v6fnle cxmmr5t8 oygrvhab hcukyx3x c1et5uql ii04i59q\" style=\"text-align: justify;\">\n<div dir=\"auto\"><\/div>\n<div dir=\"auto\">Ogni due-tre pagina c\u2019\u00e8 un diario di bordo con tutti i nomi delle persone che ho incontrato e con le quali ho parlato. Luogo d\u2019incontro, orario, modalit\u00e0 di contatto (spesso persone che fermavo per strada), professione, argomenti sui quali mi confrontavo, posizione dell\u2019interlocutore su quel tema, sue sollecitazioni su temi che non avevamo preso in considerazione e dettagli accessori per memorizzare la persona, come suggestioni, odori, colori, musica di sottofondo, battute, amici in comune scoperti e singolarit\u00e0 che mi potessero richiamare alla mente quell\u2019incontro.<\/div>\n<\/div>\n<div class=\"o9v6fnle cxmmr5t8 oygrvhab hcukyx3x c1et5uql ii04i59q\" style=\"text-align: justify;\">\n<div dir=\"auto\"><\/div>\n<div dir=\"auto\">Ho lavorato per quattro mesi in questo modo, mettendo in gioco tutto e guadagnandomi la stima di qualcuno e l\u2019antipatia o la derisione di qualcun altro. Poi un giorno una persona di spessore culturale e politico mi ha chiamato, nel bel mezzo della campagna elettorale e mi ha detto: \u201cBaldini, mi sei simpatico, sei una bella scoperta, ma non ci mettere tutto questo amore, lo dico per te. Rimarrai deluso. Stai giocando come se fossi in Champions e non ti rendi conto che invece stai partecipando a un torneo di terza categoria in cui il risultato \u00e8 scritto e tu finirai ultimo in classifica. Al massimo puoi fare una buona impressione a chi, come me, capisce chi sei e cosa stai facendo. Al massimo qualcuno potr\u00e0 pensare, come me, che sei una bella speranza per il futuro.\u201d<\/div>\n<\/div>\n<div class=\"o9v6fnle cxmmr5t8 oygrvhab hcukyx3x c1et5uql ii04i59q\" style=\"text-align: justify;\">\n<div dir=\"auto\"><\/div>\n<div dir=\"auto\">Il nome di quella persona, con la quale ho avuto modo poi di confrontarmi anche di persona, \u00e8 scritto in cima alla lista di una di quelle pagine, insieme ai dettagli sulla nostra conversazione. Al tempo risposi quello che risponderei anche oggi. Continuer\u00f2 a impegnarmi per il mio partito perch\u00e9 non voglio arrendermi all\u2019ineluttabilit\u00e0 del regresso culturale, politico, economico e sociale cui sembriamo condannati da trent\u2019anni a questa parte. Lo faccio perch\u00e9 voglio farlo e voglio farlo perch\u00e9 devo farlo. Lo devo a mia figlia, al mio territorio e al mio paese, dal quale non ha alcuna intenzione di fuggire.<\/div>\n<\/div>\n<div class=\"o9v6fnle cxmmr5t8 oygrvhab hcukyx3x c1et5uql ii04i59q\" style=\"text-align: justify;\">\n<div dir=\"auto\"><\/div>\n<div dir=\"auto\">Per qualcuno sar\u00f2 un ingenuo, un illuso, un sognatore. Forse \u00e8 cos\u00ec, ma non sono solo. In quella tornata elettorale ho raccolto altre persone valide e combattive che si sono aggregate a noi, come hanno fatto e continuano a fare i miei compagni di partito ogni giorno.<\/div>\n<\/div>\n<div class=\"o9v6fnle cxmmr5t8 oygrvhab hcukyx3x c1et5uql ii04i59q\" style=\"text-align: justify;\">\n<div dir=\"auto\"><\/div>\n<div dir=\"auto\">Oggi siamo pi\u00f9 di ieri e meno di quanto saremo domani. Cresciamo di giorno in giorno, piano, ma costantemente e inesorabilmente. Quando la crescita \u00e8 pi\u00f9 lenta il fusto \u00e8 pi\u00f9 duro. La quercia che abbiamo piantato resister\u00e0 a tutto e a tutti, perch\u00e9 in quel tronco ci sono anni di lavoro, impegno, lacrime e sudore di mille patrioti che combattono per la terza liberazione dell\u2019Italia.<\/div>\n<\/div>\n<div class=\"o9v6fnle cxmmr5t8 oygrvhab hcukyx3x c1et5uql ii04i59q\" style=\"text-align: justify;\">\n<div dir=\"auto\">Ci libereremo!<\/div>\n<\/div>\n<div dir=\"auto\" style=\"text-align: justify;\"><\/div>\n<div dir=\"auto\"><a href=\"http:\/\/www.riconquistarelasovranita.it\/il-progetto-e-il-programma-politico-del-fsi?fbclid=IwAR1LYbq92OQftU85OTjWFBAE1_abLi4ZJt1pWcwhLRTa-wEMWv_SbejZ2WQ\"><em>Il nostro programma<\/em><\/a><\/div>\n","protected":false},"excerpt":{"rendered":"<p>di GIANLUCA BALDINI (FSI-Riconquistare l&#8217;Italia Pescara) Ho ritrovato questi appunti mentre cercavo un quadernino usato per Francesca. \u00c8 un quaderno pieno di appunti per la campagna elettorale del 2019. In ogni pagina appuntavo uno schema dei temi da affrontare nel programma oppure oggetto di un confronto con gli altri candidati alla carica di Sindaco di Pescara. Ogni due-tre pagina c\u2019\u00e8 un diario di bordo con tutti i nomi delle persone che ho incontrato e con&#46;&#46;&#46;<\/p>\n","protected":false},"author":4,"featured_media":59834,"comment_status":"open","ping_status":"open","sticky":false,"template":"","format":"standard","meta":{"jetpack_post_was_ever_published":false,"_jetpack_newsletter_access":"","_jetpack_dont_email_post_to_subs":false,"_jetpack_newsletter_tier_id":0,"_jetpack_memberships_contains_paywalled_content":false,"_jetpack_memberships_contains_paid_content":false,"footnotes":"","jetpack_publicize_message":"","jetpack_publicize_feature_enabled":true,"jetpack_social_post_already_shared":true,"jetpack_social_options":{"image_generator_settings":{"template":"highway","enabled":false},"version":2}},"categories":[6196,6],"tags":[],"jetpack_publicize_connections":[],"jetpack_featured_media_url":"https:\/\/appelloalpopolo.it\/wp-content\/uploads\/2020\/09\/ba.jpg","jetpack_sharing_enabled":true,"jetpack_shortlink":"https:\/\/wp.me\/p7ZaJ4-fz3","_links":{"self":[{"href":"https:\/\/appelloalpopolo.it\/index.php?rest_route=\/wp\/v2\/posts\/59833"}],"collection":[{"href":"https:\/\/appelloalpopolo.it\/index.php?rest_route=\/wp\/v2\/posts"}],"about":[{"href":"https:\/\/appelloalpopolo.it\/index.php?rest_route=\/wp\/v2\/types\/post"}],"author":[{"embeddable":true,"href":"https:\/\/appelloalpopolo.it\/index.php?rest_route=\/wp\/v2\/users\/4"}],"replies":[{"embeddable":true,"href":"https:\/\/appelloalpopolo.it\/index.php?rest_route=%2Fwp%2Fv2%2Fcomments&post=59833"}],"version-history":[{"count":1,"href":"https:\/\/appelloalpopolo.it\/index.php?rest_route=\/wp\/v2\/posts\/59833\/revisions"}],"predecessor-version":[{"id":59835,"href":"https:\/\/appelloalpopolo.it\/index.php?rest_route=\/wp\/v2\/posts\/59833\/revisions\/59835"}],"wp:featuredmedia":[{"embeddable":true,"href":"https:\/\/appelloalpopolo.it\/index.php?rest_route=\/wp\/v2\/media\/59834"}],"wp:attachment":[{"href":"https:\/\/appelloalpopolo.it\/index.php?rest_route=%2Fwp%2Fv2%2Fmedia&parent=59833"}],"wp:term":[{"taxonomy":"category","embeddable":true,"href":"https:\/\/appelloalpopolo.it\/index.php?rest_route=%2Fwp%2Fv2%2Fcategories&post=59833"},{"taxonomy":"post_tag","embeddable":true,"href":"https:\/\/appelloalpopolo.it\/index.php?rest_route=%2Fwp%2Fv2%2Ftags&post=59833"}],"curies":[{"name":"wp","href":"https:\/\/api.w.org\/{rel}","templated":true}]}}