{"id":59836,"date":"2020-09-24T02:20:06","date_gmt":"2020-09-24T00:20:06","guid":{"rendered":"http:\/\/appelloalpopolo.it\/?p=59836"},"modified":"2020-09-23T22:35:50","modified_gmt":"2020-09-23T20:35:50","slug":"sul-referendum-una-valutazione-conclusiva","status":"publish","type":"post","link":"https:\/\/appelloalpopolo.it\/?p=59836","title":{"rendered":"Sul referendum: una valutazione conclusiva"},"content":{"rendered":"<p style=\"text-align: justify;\">di STEFANO D&#8217;ANDREA (Presidente del FSI-Riconquistare l&#8217;Italia)<\/p>\n<div class=\"o9v6fnle cxmmr5t8 oygrvhab hcukyx3x c1et5uql ii04i59q\" style=\"text-align: justify;\">\n<div dir=\"auto\">Per risollevare gli animi di alcuni miei amici, voglio dire subito che la sconfitta del NO al Referendum non \u00e8 un fatto grave, nel senso che non \u00e8 pi\u00f9 grave di tanti altri fatti politici che l&#8217;hanno preceduta: dalla vittoria dei si ai referendum che introdussero il maggioritario, alla vittoria del si al referendum che abol\u00ec il finanziamento pubblico dei partiti, al sostegno, o almeno alla mancata censura, da parte dei pi\u00f9, nei confronti di coloro che lanciarono le monetine contro Craxi, all&#8217;ammirazione o almeno al mancato disprezzo per Di Pietro, al significativo successo de l&#8217;Italia dei Valori, che raggiunse il 10%, al successo di un cronista di politica come Travaglio, divenuto nella nostra epoca, un autore di editoriali seguitissimi e perfino direttore di un giornale, allo stratosferico successo dei pentastellati che sostenevano che uno vale uno, che dovevano distruggere tutti i partiti e sostituire il Parlamento e che sarebbero stati portatori della democrazia diretta e telematica.<\/div>\n<\/div>\n<div class=\"o9v6fnle cxmmr5t8 oygrvhab hcukyx3x c1et5uql ii04i59q\" style=\"text-align: justify;\">\n<div dir=\"auto\"><\/div>\n<div dir=\"auto\">Dal punto di vista delle conseguenze della vittoria del SI, accadr\u00e0 che nei prossimi decenni vi saranno zone che rimarranno senza rappresentanti; ed \u00e8 un fatto oggettivo che dove non ci sono consiglieri regionali e deputati si pu\u00f2 star certi che non arrivi uno o altro finanziamento. Avremo nell&#8217;immediato un peggioramento della classe parlamentare gi\u00e0 modestissima, perch\u00e9 diminuiranno i bravi capaci e laboriosi in termini assoluti, e forse anche in senso relativo (salvo nel M5S, il cui livello, eccettuati pochissimi parlamentari, \u00e8 talmente basso, che non pu\u00f2 scendere). E infine, un nuovo partito che entrasse in Parlamento con il 3%, dopo tanta fatica, avrebbe 6-8 deputati anzich\u00e9 16 come ne ha LEU adesso. Ma \u00e8 probabile che la legge elettorale sar\u00e0 cambiata e che sar\u00e0 introdotta <em>tout court<\/em> la soglia del 5%.<\/div>\n<\/div>\n<div class=\"o9v6fnle cxmmr5t8 oygrvhab hcukyx3x c1et5uql ii04i59q\" style=\"text-align: justify;\">\n<div dir=\"auto\"><\/div>\n<div dir=\"auto\">I risultati del referendum hanno mostrato che non vi era soltanto la bolla facebook dei sovranisti, quasi tutti compatti per il NO; e che non vi era nemmeno la sola bolla facebook di coloro che si interessano di politica e ne scrivono su facebook, che pure in gran parte erano per il NO. Vi \u00e8 stata rilevantissima diffusione della volont\u00e0 di dire NO nelle citt\u00e0 del centro e del nord: 40% a Roma; 43 a Bologna, 44% a Milano e quasi 45% a Firenze; sono percentuali enormemente superiori alla media nazionale: i romani i fiorentini i bolognesi e i milanesi che hanno raccontato di essere andati &#8220;tra la gente&#8221; e di aver toccato con mano la grande maggioranza dei SI sono semplicemente dei cretini presuntuosi. Alcune ricerche gi\u00e0 sostengono che vi sia stata la prevalenza dei NO tra gli elettori del PD, di Italia Viva e della sinistra radicale. Vi era dunque anche una bella bollicina dell&#8217;elettorato di &#8220;sinistra&#8221;.<\/div>\n<\/div>\n<div class=\"o9v6fnle cxmmr5t8 oygrvhab hcukyx3x c1et5uql ii04i59q\" style=\"text-align: justify;\">\n<div dir=\"auto\"><\/div>\n<div dir=\"auto\">Le analisi del voto diranno se il NO \u00e8 stato prevalente o si \u00e8 avvicinato al SI tra i laureati &#8211; io so come hanno votato o dichiarato di votare una ventina di avvocati, magistrati, notai e docenti di materie giuridiche, di varie citt\u00e0 d&#8217;italia ed erano tutti per il NO &#8211; e tra i giovani, come pure sostengono alcuni sondaggi del 20 e 21 settembre, non so quanto affidabili. Quest&#8217;ultima analisi d\u00e0 il no al 22% tra coloro che hanno pi\u00f9 di 65 anni. Si tratta della generazione che, nell&#8217;et\u00e0 della maturit\u00e0, ha subito il vincolo esterno senza sapere cosa fosse e cosa significasse e ha approvato, in grande maggioranza, il divieto di finanziamento pubblico dei partiti, le monetine sulla testa di Craxi, tangentopoli, Di Pietro, i pentastellati, Travaglio, il maggioritario, i partiti personali, l&#8217;elezione diretta dei sindaci e dei governatori e molto altro. Si tratta della generazione che per sprovvedutezza, soprattutto della classe dirigente che esprimeva, ha distrutto il paese.<\/div>\n<\/div>\n<div class=\"o9v6fnle cxmmr5t8 oygrvhab hcukyx3x c1et5uql ii04i59q\" style=\"text-align: justify;\">\n<div dir=\"auto\"><\/div>\n<div dir=\"auto\">Spetta alle nuove generazioni ricostruirlo: mattone su mattone; con pazienza. Se l&#8217;analisi del voto confermer\u00e0 che i giovani hanno votato in maggioranza NO o comunque hanno votato NO quasi quanto SI, questo sar\u00e0 un buon segnale, che l&#8217;epoca dell&#8217;antipolitica sta per finire. Anzi un ottimo segnale, perch\u00e9 per fortuna il mondo \u00e8 dei giovani. Eternamente, il mondo \u00e8 dei giovani. Noi ci siamo impegnati per primi. Quando l&#8217;8 marzo il Governo sospese il referendum, su facebook non vi era alcuna bolla, nemmeno tra i sovranisti. A 15 giorni dal referendum, c&#8217;eravamo soltanto noi (oltre ai nostri primi e singolari alleati di Pi\u00f9 Europa, della Fondazione Einaudi e dell&#8217;Istituto Leoni e a pochi altri) e i sondaggi davano il NO al 10%. Abbiamo combattuto e combattendo abbiamo acquistato alcuni validi militanti che ci hanno stimato. Le cose importanti sono credere, combattere, restare giovani di spirito, e trasmettere il nostro stato d&#8217;animo ai migliori nei quali ci imbattiamo.<\/div>\n<\/div>\n<div class=\"o9v6fnle cxmmr5t8 oygrvhab hcukyx3x c1et5uql ii04i59q\"><\/div>\n","protected":false},"excerpt":{"rendered":"<p>di STEFANO D&#8217;ANDREA (Presidente del FSI-Riconquistare l&#8217;Italia) Per risollevare gli animi di alcuni miei amici, voglio dire subito che la sconfitta del NO al Referendum non \u00e8 un fatto grave, nel senso che non \u00e8 pi\u00f9 grave di tanti altri fatti politici che l&#8217;hanno preceduta: dalla vittoria dei si ai referendum che introdussero il maggioritario, alla vittoria del si al referendum che abol\u00ec il finanziamento pubblico dei partiti, al sostegno, o almeno alla mancata censura,&#46;&#46;&#46;<\/p>\n","protected":false},"author":4,"featured_media":59837,"comment_status":"open","ping_status":"open","sticky":false,"template":"","format":"standard","meta":{"jetpack_post_was_ever_published":false,"_jetpack_newsletter_access":"","_jetpack_dont_email_post_to_subs":false,"_jetpack_newsletter_tier_id":0,"_jetpack_memberships_contains_paywalled_content":false,"_jetpack_memberships_contains_paid_content":false,"footnotes":"","jetpack_publicize_message":"","jetpack_publicize_feature_enabled":true,"jetpack_social_post_already_shared":true,"jetpack_social_options":{"image_generator_settings":{"template":"highway","enabled":false},"version":2}},"categories":[6196,6],"tags":[],"jetpack_publicize_connections":[],"jetpack_featured_media_url":"https:\/\/appelloalpopolo.it\/wp-content\/uploads\/2020\/09\/refe.jpg","jetpack_sharing_enabled":true,"jetpack_shortlink":"https:\/\/wp.me\/p7ZaJ4-fz6","_links":{"self":[{"href":"https:\/\/appelloalpopolo.it\/index.php?rest_route=\/wp\/v2\/posts\/59836"}],"collection":[{"href":"https:\/\/appelloalpopolo.it\/index.php?rest_route=\/wp\/v2\/posts"}],"about":[{"href":"https:\/\/appelloalpopolo.it\/index.php?rest_route=\/wp\/v2\/types\/post"}],"author":[{"embeddable":true,"href":"https:\/\/appelloalpopolo.it\/index.php?rest_route=\/wp\/v2\/users\/4"}],"replies":[{"embeddable":true,"href":"https:\/\/appelloalpopolo.it\/index.php?rest_route=%2Fwp%2Fv2%2Fcomments&post=59836"}],"version-history":[{"count":1,"href":"https:\/\/appelloalpopolo.it\/index.php?rest_route=\/wp\/v2\/posts\/59836\/revisions"}],"predecessor-version":[{"id":59838,"href":"https:\/\/appelloalpopolo.it\/index.php?rest_route=\/wp\/v2\/posts\/59836\/revisions\/59838"}],"wp:featuredmedia":[{"embeddable":true,"href":"https:\/\/appelloalpopolo.it\/index.php?rest_route=\/wp\/v2\/media\/59837"}],"wp:attachment":[{"href":"https:\/\/appelloalpopolo.it\/index.php?rest_route=%2Fwp%2Fv2%2Fmedia&parent=59836"}],"wp:term":[{"taxonomy":"category","embeddable":true,"href":"https:\/\/appelloalpopolo.it\/index.php?rest_route=%2Fwp%2Fv2%2Fcategories&post=59836"},{"taxonomy":"post_tag","embeddable":true,"href":"https:\/\/appelloalpopolo.it\/index.php?rest_route=%2Fwp%2Fv2%2Ftags&post=59836"}],"curies":[{"name":"wp","href":"https:\/\/api.w.org\/{rel}","templated":true}]}}