{"id":59839,"date":"2020-09-24T02:35:55","date_gmt":"2020-09-24T00:35:55","guid":{"rendered":"http:\/\/appelloalpopolo.it\/?p=59839"},"modified":"2020-09-23T22:45:57","modified_gmt":"2020-09-23T20:45:57","slug":"la-militanza-come-gravidanza-pensieri-per-ripartire-dopo-le-elezioni","status":"publish","type":"post","link":"https:\/\/appelloalpopolo.it\/?p=59839","title":{"rendered":"La militanza come &#8220;gravidanza&#8221;: pensieri per ripartire dopo le elezioni"},"content":{"rendered":"<p>di RAFFAELE VARVARA (FSI-Riconquistare l&#8217;Italia Milano)<\/p>\n<p style=\"text-align: justify;\">Fin dall\u2019esordio di Riconquistare l&#8217;Italia in Puglia, sabato 5 settembre proprio nella mia Gravina avevamo capito quanto fosse titanica l\u2019impresa del risveglio delle coscienze. Le persone ferme ad ascoltarci, infatti, oltre i nostri parenti e amici, si contavano sulle dita di una mano. Nel silenzio di strade, slarghi, piazze con o senza palco, tramite un microfono, a dir la verit\u00e0 molto stile americano, cominciavamo a farci conoscere.<\/p>\n<p style=\"text-align: justify;\">La prima cosa che abbiamo fatto \u00e8 posizionare la bandiera che la PNL ci insegna essere un <em>trigger<\/em> di emozioni, di valori e di stati d\u2019animo; i miei amici di curva sapranno cosa scatta in loro subito dopo aver posizionato il loro striscione, per segnalare la propria presenza, magari essendo in 10, in trasferta a S. Siro. \u00a0Successivamente, proprio come una tifoseria, la seconda cosa che si fa \u00e8 lanciare un coro per rafforzare la propria identit\u00e0: abbiamo cominciato a gridare nel deserto, a far esplodere in piazza le nostre idee sospinti da una straordinaria sintonizzazione delle anime e dall\u2019orgoglio di appartenenza ad una storia comune, comune in noi pochi. Pochi e fermamente consapevoli di essere portatori di novit\u00e0.<\/p>\n<p style=\"text-align: justify;\">La novit\u00e0 \u00e8 piccola, la nuova cosa \u00e8 piccola \u00e8 indifesa, \u00e8 umile ma potente perch\u00e9 porta dentro di s\u00e9 tutta l\u2019energia che render\u00e0 il neoliberismo cenere del passato. I risultati delle elezioni \u201csono piccoli\u201d, noi siamo umili perch\u00e9 siamo la novit\u00e0, siamo i pazzi, i folli, gli incompresi! La novit\u00e0 \u00e8 che l\u2019uomo di matrice egoico-bellico-materialista sta per volgere al termine mentre dentro di noi sta nascendo un nuovo modo di stare al mondo, un nuovo modo di essere coscienti di s\u00e9 nel mondo presente.<\/p>\n<p style=\"text-align: justify;\">Il segreto per ripartire \u00e8 proprio <em><i>vivere<\/i><\/em>\u00a0<em><i>in gestazione<\/i><\/em>. \u00a0Quando si \u00e8 in attesa di un bambino tutto ci\u00f2 che si fa lo si fa a beneficio di ci\u00f2 che di nuovo va divenendo nel nostro corpo. Nel nostro caso siamo in attesa di un progetto politico\/culturale rivoluzionario che vuole avvenire e divenire attraverso di noi. Quindi, essendo &lt;&lt;in gravidanza&gt;&gt;, dobbiamo astenerci da qualsiasi cosa che possa fare male al nascituro. La percezione di impotenza ci ha attraversato tutti, ma attenzione! Se protratta pu\u00f2 rallentare la crescita del nascituro. Serve alimentare costantemente quel moto di orgoglio intimo, profondo e comune in ciascuno di noi che ci ha portati a sconfiggere la paura di parlare in piazza.<\/p>\n<p style=\"text-align: justify;\">Oggi non conta lo zerovirgola, conta quanto futuro abbiamo nel nostro pensiero, quanto potenti e radicali siano le nostre parole, quanto di quello che diciamo oggi tra 30 anni sar\u00e0 ancora valido e si potr\u00e0 ascoltare come qualcosa ancora di attuale, quanto aumenteremo il radicamento sul territorio del partito dopo la vetrina elettorale, quanto vuoto politico andremo a intercettare. La rivoluzione dipende da quanta disciplina, da quanto coraggio, da quante doti personali, metter\u00e0 ciascuno di noi nel percorrere un cammino che prevede, prima di giungere al paradiso, come il sommo Dante, il passaggio dall\u2019inferno di una democrazia ai minimi storici.<\/p>\n<p style=\"text-align: justify;\">Mettiamoci a disposizione della storia e cos\u00ec\u2026 CI LIBEREREMO!<\/p>\n","protected":false},"excerpt":{"rendered":"<p>di RAFFAELE VARVARA (FSI-Riconquistare l&#8217;Italia Milano) Fin dall\u2019esordio di Riconquistare l&#8217;Italia in Puglia, sabato 5 settembre proprio nella mia Gravina avevamo capito quanto fosse titanica l\u2019impresa del risveglio delle coscienze. Le persone ferme ad ascoltarci, infatti, oltre i nostri parenti e amici, si contavano sulle dita di una mano. Nel silenzio di strade, slarghi, piazze con o senza palco, tramite un microfono, a dir la verit\u00e0 molto stile americano, cominciavamo a farci conoscere. La prima&#46;&#46;&#46;<\/p>\n","protected":false},"author":4,"featured_media":59840,"comment_status":"open","ping_status":"open","sticky":false,"template":"","format":"standard","meta":{"jetpack_post_was_ever_published":false,"_jetpack_newsletter_access":"","_jetpack_dont_email_post_to_subs":false,"_jetpack_newsletter_tier_id":0,"_jetpack_memberships_contains_paywalled_content":false,"_jetpack_memberships_contains_paid_content":false,"footnotes":"","jetpack_publicize_message":"","jetpack_publicize_feature_enabled":true,"jetpack_social_post_already_shared":true,"jetpack_social_options":{"image_generator_settings":{"template":"highway","enabled":false},"version":2}},"categories":[14,6],"tags":[174,93,4578,465,5762],"jetpack_publicize_connections":[],"jetpack_featured_media_url":"https:\/\/appelloalpopolo.it\/wp-content\/uploads\/2020\/09\/rfg.png","jetpack_sharing_enabled":true,"jetpack_shortlink":"https:\/\/wp.me\/p7ZaJ4-fz9","_links":{"self":[{"href":"https:\/\/appelloalpopolo.it\/index.php?rest_route=\/wp\/v2\/posts\/59839"}],"collection":[{"href":"https:\/\/appelloalpopolo.it\/index.php?rest_route=\/wp\/v2\/posts"}],"about":[{"href":"https:\/\/appelloalpopolo.it\/index.php?rest_route=\/wp\/v2\/types\/post"}],"author":[{"embeddable":true,"href":"https:\/\/appelloalpopolo.it\/index.php?rest_route=\/wp\/v2\/users\/4"}],"replies":[{"embeddable":true,"href":"https:\/\/appelloalpopolo.it\/index.php?rest_route=%2Fwp%2Fv2%2Fcomments&post=59839"}],"version-history":[{"count":1,"href":"https:\/\/appelloalpopolo.it\/index.php?rest_route=\/wp\/v2\/posts\/59839\/revisions"}],"predecessor-version":[{"id":59841,"href":"https:\/\/appelloalpopolo.it\/index.php?rest_route=\/wp\/v2\/posts\/59839\/revisions\/59841"}],"wp:featuredmedia":[{"embeddable":true,"href":"https:\/\/appelloalpopolo.it\/index.php?rest_route=\/wp\/v2\/media\/59840"}],"wp:attachment":[{"href":"https:\/\/appelloalpopolo.it\/index.php?rest_route=%2Fwp%2Fv2%2Fmedia&parent=59839"}],"wp:term":[{"taxonomy":"category","embeddable":true,"href":"https:\/\/appelloalpopolo.it\/index.php?rest_route=%2Fwp%2Fv2%2Fcategories&post=59839"},{"taxonomy":"post_tag","embeddable":true,"href":"https:\/\/appelloalpopolo.it\/index.php?rest_route=%2Fwp%2Fv2%2Ftags&post=59839"}],"curies":[{"name":"wp","href":"https:\/\/api.w.org\/{rel}","templated":true}]}}