{"id":60410,"date":"2020-11-04T08:00:22","date_gmt":"2020-11-04T07:00:22","guid":{"rendered":"http:\/\/appelloalpopolo.it\/?p=60410"},"modified":"2020-11-02T22:12:13","modified_gmt":"2020-11-02T21:12:13","slug":"impoveriteci-tutti","status":"publish","type":"post","link":"https:\/\/appelloalpopolo.it\/?p=60410","title":{"rendered":"Impoveriteci tutti"},"content":{"rendered":"<p><strong>di OLTRELALINEA (Stelio Fergola)<\/strong><\/p>\n<p>&nbsp;<\/p>\n<div class=\"elementor-element elementor-element-20d97c5e elementor-widget elementor-widget-theme-post-featured-image elementor-widget-image\" data-id=\"20d97c5e\" data-element_type=\"widget\" data-widget_type=\"theme-post-featured-image.default\">\n<div class=\"elementor-widget-container\">\n<div class=\"elementor-image\"><img loading=\"lazy\" decoding=\"async\" class=\"attachment-large size-large\" title=\"Impoveriteci tutti\" src=\"https:\/\/oltrelalinea.news\/wp-content\/uploads\/2020\/11\/Schermata-2020-11-01-alle-14.21.20-1024x643.png\" alt=\"Impoveriteci tutti\" width=\"1024\" height=\"643\" \/><\/div>\n<\/div>\n<\/div>\n<div class=\"elementor-element elementor-element-23cccb5d elementor-widget elementor-widget-theme-post-content\" data-id=\"23cccb5d\" data-element_type=\"widget\" data-widget_type=\"theme-post-content.default\">\n<div class=\"elementor-widget-container\">\n<p><strong>Impoveriteci<\/strong>\u00a0tutti, senza distinzione di sesso, razza, religione, orientamento sessuale e a quanto pare anche censo (anche se i marxisti ancora puristi non se ne rendono conto).<\/p>\n<p>Il sacro oracolo, ovverosia il presidente della Repubblica\u00a0<a href=\"https:\/\/www.ansa.it\/sito\/notizie\/politica\/2020\/10\/30\/mattarella-crisi-profonda-il-risparmio-aiuti-la-ripartenza_36b540b2-0f2c-4b21-850b-5d046fd9ffce.html\">Sergio Mattarella<\/a>, ha affermato l\u2019altro giorno: \u201cI risparmi finanzino la ripresa\u201d. Innescando il solito circolo vizioso che, inarrestabile da almeno 30 anni, in Italia ha progressivamente distrutto sia le classi deboli che le classi medie. E che si promette con il pretesto del\u00a0<a href=\"https:\/\/oltrelalinea.news\/2020\/10\/31\/mentana-scopre-le-terapie-intensive-e-i-loro-drammi-ma-sono-piene-solo-al-18\/\">covid<\/a>\u00a0di fare ancora pi\u00f9 danni pure a tutti gli altri.<\/p>\n<h2>Impoveriteci tutti: lo desiderate da sempre<\/h2>\n<p>\u00c8 dall\u2019ICI, introdotta nel 1992, che l\u2019ossessione della sinistra post-comunista non ha avuto sosta. Gi\u00e0 convertirsi al liberismo sfrenato gettando al mare quell\u2019approccio comunque\u00a0<strong>sociale<\/strong>\u00a0che l\u2019aveva sempre contraddistinta fu un passo di per s\u00e9 mortifero di una classe dirigente senza ormai alcuna prospettiva ideologica, ma l\u2019ossessione con cui costoro si sono interessati in ogni modo di perseguitare senza piet\u00e0 le classi medie negli ultimi decenni ha del patologico.<\/p>\n<p>L\u2019ICI, \u00e8 vero, non fu introdotta da loro. Ma \u00e8 altrettanto vero che fu precedente alla nascita di quel\u00a0<strong>bipolarismo<\/strong>\u00a0che da sempre, sul lato sinistro, si \u00e8 focalizzato in modo accanito sull\u2019idea di dissanguare gli italiani con un pretesto di progressivit\u00e0 a cui possono credere soltanto i nostalgici pi\u00f9 accaniti.<\/p>\n<p>A giudicare dal modo in cui la classe media si \u00e8 ridotta, pare che queste \u201cattenzioni\u201d abbiano portato a dei frutti.<\/p>\n<h2>Patrimoniale, prelievi forzosi: gli incubi ricorrenti<\/h2>\n<p>La\u00a0<a href=\"https:\/\/www.ilgiornale.it\/news\/politica\/patrimoniale-riparte-paura-casa-e-risparmi-gi-nel-mirino-1899555.html\">patrimoniale<\/a>\u00a0\u00e8 da sempre un cavallo di battaglia. Come, se tra l\u2019altro, in Italia non ne esistessero gi\u00e0: non solo l\u2019ICI (poi trasformatasi nella ben pi\u00f9 pesante IMU) ma anche il bollo, la tassa di successione. Ora si parla di ritorno all\u2019imposta sulla prima casa. Tutto per affrontare il solito, annoso problema di un debito pubblico insolvibile nel contesto della zona Euro.<\/p>\n<p><em>L\u2019Italia nello scorso agosto aveva un debito pubblico di 2.578,9 miliardi di euro, un valore monstre \u00ablievitato\u00bb con i decreti emergenziali che hanno comportato uno scostamento di bilancio di 100 miliardi. A questi bisogna aggiungere gli ulteriori 22 miliardi di deficit previsti dalla legge di Bilancio 2021. In questo discorso non rientrano n\u00e9 gli oltre 120 miliardi di cui il Paese dovrebbe beneficiare dal Recovery Plan n\u00e9 i 37 miliardi del Mes sanitario se richiesto.<\/em><\/p>\n<p>Gli illusi della progressivit\u00e0, come sempre, ci cascheranno. Non comprendendo mai il nodo cruciale della questione, ovvero il fatto di essere tutti \u2013 ma realmente tutti \u2013 collegati, in qualche maniera. \u201cCiascuno \u00e8 cliente e venditore verso qualcun altro\u201d per sintetizzare un concetto espresso pi\u00f9 volte da Alberto Bagnai.<\/p>\n<p>E non ha molto senso ragionare sull\u2019immanenza del\u00a0<strong>presente<\/strong>, secondo la quale il ricco o il benestante \u201cpu\u00f2 permettersi di pagare\u201d. Perch\u00e9 ci\u00f2 pu\u00f2 essere vero nel breve periodo, ma gli ultimi 30 anni dimostrano che il ricco prima e il benestante poi, potendo indubbiamente accusare inizialmente un decadenza basata sul tartassamento fiscale, si sono di fatto accodati al sottoproletariato, costituendo\u00a0<em>de facto<\/em>\u00a0una classe sociale \u201cfusa\u201d con una caratteristica fondamentale in comune: l\u2019impoverimento.<\/p>\n<p>Tassi oggi, tassi domani, il ricco diventa prima benestante, poi medio, e infine precipita verso la sussistenza. Non consumando pi\u00f9 e, di conseguenza, facendo girare meno l\u2019economia pure per il povero. Certamente, non avviene in un giorno. Ma prima o poi gli esiti\u00a0<strong>drammatici<\/strong>\u00a0si rivelano, come dimostrano gli ultimi 30 anni.<\/p>\n<p>Invece di sollevare i redditi dei meno possidenti, si abbassano quelli dei pi\u00f9 abbienti. Una sottospecie di\u00a0<strong>malattia psicologica<\/strong>\u00a0in cui, tra l\u2019altro, chiunque si trovi in uno stato di tranquillit\u00e0 economica viene definito \u201cricco\u201d.<\/p>\n<p>Dunque, visto che in questo lungo lasso di tempo avete compiuto solo met\u00e0 della vostra tragica opera, cari Mattarella e soci, ora avete l\u2019occasione per calare la scure: impoveriteci tutti.<\/p>\n<p>E con le regole folli di un sistema disgraziato come l\u2019UE, d\u2019altronde, la missione \u00e8 semplice da compiere.<\/p>\n<p>Se ci aggiungiamo anche il covid, poi, sar\u00e0 uno scherzo.<\/p>\n<\/div>\n<\/div>\n<p>&nbsp;<\/p>\n<p><strong>FONTE:<\/strong>\u00a0<a href=\"https:\/\/oltrelalinea.news\/2020\/11\/02\/impoveriteci-tutti\/\">https:\/\/oltrelalinea.news\/2020\/11\/02\/impoveriteci-tutti\/<\/a><\/p>\n","protected":false},"excerpt":{"rendered":"<p>di OLTRELALINEA (Stelio Fergola) &nbsp; Impoveriteci\u00a0tutti, senza distinzione di sesso, razza, religione, orientamento sessuale e a quanto pare anche censo (anche se i marxisti ancora puristi non se ne rendono conto). Il sacro oracolo, ovverosia il presidente della Repubblica\u00a0Sergio Mattarella, ha affermato l\u2019altro giorno: \u201cI risparmi finanzino la ripresa\u201d. Innescando il solito circolo vizioso che, inarrestabile da almeno 30 anni, in Italia ha progressivamente distrutto sia le classi deboli che le classi medie. E che&#46;&#46;&#46;<\/p>\n","protected":false},"author":99,"featured_media":46132,"comment_status":"open","ping_status":"open","sticky":false,"template":"","format":"standard","meta":{"jetpack_post_was_ever_published":false,"_jetpack_newsletter_access":"","_jetpack_dont_email_post_to_subs":false,"_jetpack_newsletter_tier_id":0,"_jetpack_memberships_contains_paywalled_content":false,"_jetpack_memberships_contains_paid_content":false,"footnotes":"","jetpack_publicize_message":"","jetpack_publicize_feature_enabled":true,"jetpack_social_post_already_shared":true,"jetpack_social_options":{"image_generator_settings":{"template":"highway","enabled":false},"version":2}},"categories":[32],"tags":[],"jetpack_publicize_connections":[],"jetpack_featured_media_url":"https:\/\/appelloalpopolo.it\/wp-content\/uploads\/2018\/11\/oltrelalinea.jpg","jetpack_sharing_enabled":true,"jetpack_shortlink":"https:\/\/wp.me\/p7ZaJ4-fIm","_links":{"self":[{"href":"https:\/\/appelloalpopolo.it\/index.php?rest_route=\/wp\/v2\/posts\/60410"}],"collection":[{"href":"https:\/\/appelloalpopolo.it\/index.php?rest_route=\/wp\/v2\/posts"}],"about":[{"href":"https:\/\/appelloalpopolo.it\/index.php?rest_route=\/wp\/v2\/types\/post"}],"author":[{"embeddable":true,"href":"https:\/\/appelloalpopolo.it\/index.php?rest_route=\/wp\/v2\/users\/99"}],"replies":[{"embeddable":true,"href":"https:\/\/appelloalpopolo.it\/index.php?rest_route=%2Fwp%2Fv2%2Fcomments&post=60410"}],"version-history":[{"count":1,"href":"https:\/\/appelloalpopolo.it\/index.php?rest_route=\/wp\/v2\/posts\/60410\/revisions"}],"predecessor-version":[{"id":60411,"href":"https:\/\/appelloalpopolo.it\/index.php?rest_route=\/wp\/v2\/posts\/60410\/revisions\/60411"}],"wp:featuredmedia":[{"embeddable":true,"href":"https:\/\/appelloalpopolo.it\/index.php?rest_route=\/wp\/v2\/media\/46132"}],"wp:attachment":[{"href":"https:\/\/appelloalpopolo.it\/index.php?rest_route=%2Fwp%2Fv2%2Fmedia&parent=60410"}],"wp:term":[{"taxonomy":"category","embeddable":true,"href":"https:\/\/appelloalpopolo.it\/index.php?rest_route=%2Fwp%2Fv2%2Fcategories&post=60410"},{"taxonomy":"post_tag","embeddable":true,"href":"https:\/\/appelloalpopolo.it\/index.php?rest_route=%2Fwp%2Fv2%2Ftags&post=60410"}],"curies":[{"name":"wp","href":"https:\/\/api.w.org\/{rel}","templated":true}]}}