{"id":60448,"date":"2020-11-04T02:04:58","date_gmt":"2020-11-04T01:04:58","guid":{"rendered":"http:\/\/appelloalpopolo.it\/?p=60448"},"modified":"2020-11-03T22:11:23","modified_gmt":"2020-11-03T21:11:23","slug":"vi-piace-ancora-lunione-europea","status":"publish","type":"post","link":"https:\/\/appelloalpopolo.it\/?p=60448","title":{"rendered":"Vi piace ancora l&#8217;Unione Europea?"},"content":{"rendered":"<div class=\"o9v6fnle cxmmr5t8 oygrvhab hcukyx3x c1et5uql ii04i59q\">\n<div dir=\"auto\">di GERARDA MONACO (FSI-Riconquistare l&#8217;Italia Cuneo)<\/div>\n<div dir=\"auto\"><\/div>\n<div dir=\"auto\">Volete maggiore personale sanitario, ma vi piace ancora l&#8217;Unione Europea.<\/div>\n<\/div>\n<div class=\"o9v6fnle cxmmr5t8 oygrvhab hcukyx3x c1et5uql ii04i59q\">\n<div dir=\"auto\"><\/div>\n<div dir=\"auto\">Volete pi\u00f9 posti letto, ma vi piace ancora l&#8217;Unione Europea.<\/div>\n<\/div>\n<div class=\"o9v6fnle cxmmr5t8 oygrvhab hcukyx3x c1et5uql ii04i59q\">\n<div dir=\"auto\"><\/div>\n<div dir=\"auto\">Volete essere curati anche per altre patologie oltre il Covid-19, ma vi piace ancora l&#8217;Unione Europea.<\/div>\n<\/div>\n<div class=\"o9v6fnle cxmmr5t8 oygrvhab hcukyx3x c1et5uql ii04i59q\">\n<div dir=\"auto\"><\/div>\n<div dir=\"auto\">Volete pi\u00f9 medicina territoriale per non affollare gli ospedali, ma vi piace ancora l&#8217;Unione Europea.<\/div>\n<\/div>\n<div class=\"o9v6fnle cxmmr5t8 oygrvhab hcukyx3x c1et5uql ii04i59q\">\n<div dir=\"auto\"><\/div>\n<div dir=\"auto\">Volete essere supportati economicamente in caso di chiusura della vostra attivit\u00e0, ma vi piace ancora l&#8217;Unione Europea.<\/div>\n<\/div>\n<div class=\"o9v6fnle cxmmr5t8 oygrvhab hcukyx3x c1et5uql ii04i59q\">\n<div dir=\"auto\"><\/div>\n<div dir=\"auto\" style=\"text-align: justify;\">Mi dispiace, ma non si ottiene il cambiamento, senza individuare dove risiede il problema. Urlare le proprie ragioni \u00e8 liberatorio, ma non \u00e8 utile, se non si decide di documentarsi, prima di protestare, affinch\u00e9 le richieste non si rivelino fini a se stesse, ma siano fondate sulla conoscenza, prodromica alla risoluzione delle questioni in oggetto.<\/div>\n<\/div>\n<div class=\"o9v6fnle cxmmr5t8 oygrvhab hcukyx3x c1et5uql ii04i59q\"><\/div>\n","protected":false},"excerpt":{"rendered":"<p>di GERARDA MONACO (FSI-Riconquistare l&#8217;Italia Cuneo) Volete maggiore personale sanitario, ma vi piace ancora l&#8217;Unione Europea. Volete pi\u00f9 posti letto, ma vi piace ancora l&#8217;Unione Europea. Volete essere curati anche per altre patologie oltre il Covid-19, ma vi piace ancora l&#8217;Unione Europea. Volete pi\u00f9 medicina territoriale per non affollare gli ospedali, ma vi piace ancora l&#8217;Unione Europea. Volete essere supportati economicamente in caso di chiusura della vostra attivit\u00e0, ma vi piace ancora l&#8217;Unione Europea. Mi&#46;&#46;&#46;<\/p>\n","protected":false},"author":4,"featured_media":60449,"comment_status":"open","ping_status":"open","sticky":false,"template":"","format":"standard","meta":{"jetpack_post_was_ever_published":false,"_jetpack_newsletter_access":"","_jetpack_dont_email_post_to_subs":false,"_jetpack_newsletter_tier_id":0,"_jetpack_memberships_contains_paywalled_content":false,"_jetpack_memberships_contains_paid_content":false,"footnotes":"","jetpack_publicize_message":"","jetpack_publicize_feature_enabled":true,"jetpack_social_post_already_shared":true,"jetpack_social_options":{"image_generator_settings":{"template":"highway","enabled":false},"version":2}},"categories":[6196,6],"tags":[],"jetpack_publicize_connections":[],"jetpack_featured_media_url":"https:\/\/appelloalpopolo.it\/wp-content\/uploads\/2020\/11\/europeisti02.jpg","jetpack_sharing_enabled":true,"jetpack_shortlink":"https:\/\/wp.me\/p7ZaJ4-fIY","_links":{"self":[{"href":"https:\/\/appelloalpopolo.it\/index.php?rest_route=\/wp\/v2\/posts\/60448"}],"collection":[{"href":"https:\/\/appelloalpopolo.it\/index.php?rest_route=\/wp\/v2\/posts"}],"about":[{"href":"https:\/\/appelloalpopolo.it\/index.php?rest_route=\/wp\/v2\/types\/post"}],"author":[{"embeddable":true,"href":"https:\/\/appelloalpopolo.it\/index.php?rest_route=\/wp\/v2\/users\/4"}],"replies":[{"embeddable":true,"href":"https:\/\/appelloalpopolo.it\/index.php?rest_route=%2Fwp%2Fv2%2Fcomments&post=60448"}],"version-history":[{"count":1,"href":"https:\/\/appelloalpopolo.it\/index.php?rest_route=\/wp\/v2\/posts\/60448\/revisions"}],"predecessor-version":[{"id":60450,"href":"https:\/\/appelloalpopolo.it\/index.php?rest_route=\/wp\/v2\/posts\/60448\/revisions\/60450"}],"wp:featuredmedia":[{"embeddable":true,"href":"https:\/\/appelloalpopolo.it\/index.php?rest_route=\/wp\/v2\/media\/60449"}],"wp:attachment":[{"href":"https:\/\/appelloalpopolo.it\/index.php?rest_route=%2Fwp%2Fv2%2Fmedia&parent=60448"}],"wp:term":[{"taxonomy":"category","embeddable":true,"href":"https:\/\/appelloalpopolo.it\/index.php?rest_route=%2Fwp%2Fv2%2Fcategories&post=60448"},{"taxonomy":"post_tag","embeddable":true,"href":"https:\/\/appelloalpopolo.it\/index.php?rest_route=%2Fwp%2Fv2%2Ftags&post=60448"}],"curies":[{"name":"wp","href":"https:\/\/api.w.org\/{rel}","templated":true}]}}