{"id":61244,"date":"2020-12-08T02:25:53","date_gmt":"2020-12-08T01:25:53","guid":{"rendered":"http:\/\/appelloalpopolo.it\/?p=61244"},"modified":"2020-12-08T08:18:18","modified_gmt":"2020-12-08T07:18:18","slug":"il-pensiero-magico-dei-nuovi-stregoni","status":"publish","type":"post","link":"https:\/\/appelloalpopolo.it\/?p=61244","title":{"rendered":"Il pensiero magico dei nuovi stregoni"},"content":{"rendered":"<p style=\"text-align: justify;\">di DAVIDE VISIGALLI (FSI-Riconquistare l&#8217;Italia Genova)<\/p>\n<div class=\"o9v6fnle cxmmr5t8 oygrvhab hcukyx3x c1et5uql ii04i59q\" style=\"text-align: justify;\">\n<div dir=\"auto\">Come afferma il grande Barbero, pensavamo di essere in grado di tenere a bada la natura con la scienza e la tecnologia, ma l&#8217;epidemia di Sars-Cov-2, nonostante la sua bassa letalit\u00e0, ci ha dimostrato che poco \u00e8 cambiato da come si gestivano le epidemie nel Medioevo. Nemmeno il modo di affrontare la crisi da parte della classe dirigente \u00e8 diverso.<\/div>\n<\/div>\n<div class=\"o9v6fnle cxmmr5t8 oygrvhab hcukyx3x c1et5uql ii04i59q\" style=\"text-align: justify;\">\n<div dir=\"auto\"><\/div>\n<div dir=\"auto\">Ci si affida non tanto alla scienza razionale supportata dai dati e dubbiosa per natura, ma al nuovo pensiero magico che da essa scaturisce. Pensiero magico che si mostra sia come fiducia incondizionata negli stregoni e nella loro magia, sia nella colpa popolare come causa delle calamit\u00e0 naturali. Infatti il comportamento individuale, nel mondo liberale scientista, \u00e8 causa non solo delle fortune proprie, ma di quelle dell&#8217;intera collettivit\u00e0. Ovviamente, tutti gli stregoni e i capi dei villaggi escludono a priori di aver sbagliato strategia o previsioni e tutta la colpa della crisi viene riversata sulle masse popolari, ree di non aver fatto abbastanza sacrifici.<\/div>\n<\/div>\n<div class=\"o9v6fnle cxmmr5t8 oygrvhab hcukyx3x c1et5uql ii04i59q\" style=\"text-align: justify;\">\n<div dir=\"auto\"><\/div>\n<div dir=\"auto\">La colpa, si badi, non scaturisce mai da direttive e leggi non rispettate, ma da comportamenti individuali troppo permissivi, nonostante rientrino nell&#8217;alveo della legge vigente. Una mancata autoregolazione quindi, molto simile a quella venerata del mercato.<\/div>\n<\/div>\n<div class=\"o9v6fnle cxmmr5t8 oygrvhab hcukyx3x c1et5uql ii04i59q\">\n<div dir=\"auto\" style=\"text-align: justify;\"><\/div>\n<div dir=\"auto\" style=\"text-align: justify;\">Dall&#8217;altra parte, la classe dirigente si affida ai migliori esponenti del pensiero magico in circolazione, attuando strategie politiche che si basino soltanto su di esso. Aspettiamo e mettiamoci al riparo ad espiare le nostre colpe, aspettando che la magia ci tiri fuori dai guai. E se questo non succeder\u00e0, avremo sempre qualche comportamento individuale da stigmatizzare su cui puntare il dito.<\/div>\n<div dir=\"auto\" style=\"text-align: justify;\"><\/div>\n<div dir=\"auto\" style=\"text-align: justify;\">Benvenuti nel nuovo paganesimo.<\/div>\n<\/div>\n","protected":false},"excerpt":{"rendered":"<p>di DAVIDE VISIGALLI (FSI-Riconquistare l&#8217;Italia Genova) Come afferma il grande Barbero, pensavamo di essere in grado di tenere a bada la natura con la scienza e la tecnologia, ma l&#8217;epidemia di Sars-Cov-2, nonostante la sua bassa letalit\u00e0, ci ha dimostrato che poco \u00e8 cambiato da come si gestivano le epidemie nel Medioevo. Nemmeno il modo di affrontare la crisi da parte della classe dirigente \u00e8 diverso. Ci si affida non tanto alla scienza razionale supportata&#46;&#46;&#46;<\/p>\n","protected":false},"author":4,"featured_media":61258,"comment_status":"open","ping_status":"open","sticky":false,"template":"","format":"standard","meta":{"jetpack_post_was_ever_published":false,"_jetpack_newsletter_access":"","_jetpack_dont_email_post_to_subs":false,"_jetpack_newsletter_tier_id":0,"_jetpack_memberships_contains_paywalled_content":false,"_jetpack_memberships_contains_paid_content":false,"footnotes":"","jetpack_publicize_message":"","jetpack_publicize_feature_enabled":true,"jetpack_social_post_already_shared":true,"jetpack_social_options":{"image_generator_settings":{"template":"highway","enabled":false},"version":2}},"categories":[6196,6],"tags":[],"jetpack_publicize_connections":[],"jetpack_featured_media_url":"https:\/\/appelloalpopolo.it\/wp-content\/uploads\/2020\/12\/stre.jpg","jetpack_sharing_enabled":true,"jetpack_shortlink":"https:\/\/wp.me\/p7ZaJ4-fVO","_links":{"self":[{"href":"https:\/\/appelloalpopolo.it\/index.php?rest_route=\/wp\/v2\/posts\/61244"}],"collection":[{"href":"https:\/\/appelloalpopolo.it\/index.php?rest_route=\/wp\/v2\/posts"}],"about":[{"href":"https:\/\/appelloalpopolo.it\/index.php?rest_route=\/wp\/v2\/types\/post"}],"author":[{"embeddable":true,"href":"https:\/\/appelloalpopolo.it\/index.php?rest_route=\/wp\/v2\/users\/4"}],"replies":[{"embeddable":true,"href":"https:\/\/appelloalpopolo.it\/index.php?rest_route=%2Fwp%2Fv2%2Fcomments&post=61244"}],"version-history":[{"count":1,"href":"https:\/\/appelloalpopolo.it\/index.php?rest_route=\/wp\/v2\/posts\/61244\/revisions"}],"predecessor-version":[{"id":61246,"href":"https:\/\/appelloalpopolo.it\/index.php?rest_route=\/wp\/v2\/posts\/61244\/revisions\/61246"}],"wp:featuredmedia":[{"embeddable":true,"href":"https:\/\/appelloalpopolo.it\/index.php?rest_route=\/wp\/v2\/media\/61258"}],"wp:attachment":[{"href":"https:\/\/appelloalpopolo.it\/index.php?rest_route=%2Fwp%2Fv2%2Fmedia&parent=61244"}],"wp:term":[{"taxonomy":"category","embeddable":true,"href":"https:\/\/appelloalpopolo.it\/index.php?rest_route=%2Fwp%2Fv2%2Fcategories&post=61244"},{"taxonomy":"post_tag","embeddable":true,"href":"https:\/\/appelloalpopolo.it\/index.php?rest_route=%2Fwp%2Fv2%2Ftags&post=61244"}],"curies":[{"name":"wp","href":"https:\/\/api.w.org\/{rel}","templated":true}]}}