{"id":61584,"date":"2020-12-22T08:00:49","date_gmt":"2020-12-22T07:00:49","guid":{"rendered":"http:\/\/appelloalpopolo.it\/?p=61584"},"modified":"2020-12-22T03:07:23","modified_gmt":"2020-12-22T02:07:23","slug":"linvasione-degli-ultra-vax","status":"publish","type":"post","link":"https:\/\/appelloalpopolo.it\/?p=61584","title":{"rendered":"L\u2019invasione degli Ultra Vax!"},"content":{"rendered":"<p><img loading=\"lazy\" decoding=\"async\" class=\"alignnone size-medium wp-image-61585\" src=\"http:\/\/appelloalpopolo.it\/wp-content\/uploads\/2020\/12\/IMG_20201222_030459-300x88.jpg\" alt=\"\" width=\"300\" height=\"88\" srcset=\"https:\/\/appelloalpopolo.it\/wp-content\/uploads\/2020\/12\/IMG_20201222_030459-300x88.jpg 300w, https:\/\/appelloalpopolo.it\/wp-content\/uploads\/2020\/12\/IMG_20201222_030459.jpg 513w\" sizes=\"(max-width: 300px) 100vw, 300px\" \/><\/p>\n<p>di Francesco Carraro &#8211; 20 dicembre 2020<\/p>\n<p>Tenete a casa i bambini. Dopo i no-vax, stanno arrivando gli\u00a0<strong>ultra-vax<\/strong>! Tutti se la prendono coi primi, poverini. Che avranno pure le loro colpe ma, diciamocelo: esse<strong>\u00a0impallidiscono di fronte alla ottusit\u00e0 degli ultra-vax<\/strong>. Gli ultra-vax sono la versione quattro \u2013 ma che dico,\u00a0<em>cinque punto zero<\/em>\u00a0del concetto novecentesco di \u201c<strong>utile idiota<\/strong>\u201d. Essi tutto sanno e tutto fanno: dei veri\u00a0<strong>vaxtotum<\/strong>. La furia cieca degli ultra-vax, purtroppo, \u00e8 anche contagiosa. Proprio come il virus che questi\u00a0<strong>zombie della siringa coatta<\/strong>\u00a0vorrebbero debellare.<\/p>\n<p><strong>Gli ultra-vax non pensano: credono; non discutono: obbediscono; non chiedono: obbligano.<\/strong>\u00a0Agli ultra-vax i vaccini non bastano mai: se sono quattro, devono diventare dieci, se sono facoltativi bisogna renderli obbligatori, se non ci sono ancora, vanno al pi\u00f9 presto inventati. Gli ultra-vax sono in perenne astinenza vaccinale, in overdose di carenza immunitaria. Per loro,\u00a0<strong>il vaccino non \u00e8 un farmaco, ma l\u2019equivalente di un\u2019ostia sacra.<\/strong>\u00a0Quindi, per definizione, non ha contro-indicazioni, ma solo effetti salvifici sul corpo mistico dei contagiati, degli a-sintomatici e pure dei maledetti negazionisti.<\/p>\n<figure class=\"wp-block-embed-youtube wp-block-embed is-type-video is-provider-youtube wp-embed-aspect-16-9 wp-has-aspect-ratio\">\n<div class=\"wp-block-embed__wrapper\"><\/div>\n<\/figure>\n<p>Ma perch\u00e9 l\u2019invasione degli ultra-vax \u00e8 probabilmente inarrestabile? Perch\u00e9 essi godono di buonissima stampa e, soprattutto, dell\u2019appoggio incondizionato dei supremi decisori. Anzi \u2013 ad ascoltare gli annunci dei \u201ccomandanti\u201d e a leggere i titoli dei giornaloni \u2013 sembra quasi che\u00a0<strong>il blob gelatinoso dell\u2019ultra-vaccinismo\u00a0<\/strong>abbia attecchito proprio tra chi decide e tra chi informa.<\/p>\n<p>Gli ultra-vax sono anche straordinari propalatori di\u00a0<strong>vax news<\/strong>, la versione futurista delle ormai obsolete\u00a0<em>fake news<\/em>. Una delle pi\u00f9 strepitose \u00e8 quella secondo cui\u00a0<strong>i vaccini sarebbero gratuiti.<\/strong>\u00a0Quindi, noi dovremmo inginocchiarci davanti all\u2019icona della Von der Leyen, o di qualche altro mandarino europeo, per questa straordinaria conquista di civilt\u00e0. In realt\u00e0, \u00e8 vero che i vaccini ve li inietteranno \u201ca gratis\u201d, ma\u00a0<strong>dove pensate che l\u2019Unione europea tirer\u00e0 fuori le risorse per procacciarsi le dosi?\u00a0<\/strong>E l\u2019Italia da dove prender\u00e0 il miliardo per pagare duecentodue milioni di fiale?\u00a0<strong>Dalle casse pubbliche, ovviamente!<\/strong>\u00a0Quindi, dai contribuenti. Cio\u00e8, in ultima analisi, da noi. Alla faccia del \u201cgratis\u201d. E anche della gratitudine!<\/p>\n<p>Ma non \u00e8 finita qui. L\u2019ipocrisia degli ultra-vax non si esprime solo nel veicolare notizie bugiarde, ma anche nel camuffarle come doverose scelte auto-lesioniste. Infatti,\u00a0<strong>chi pagher\u00e0 gli eventuali danni provocati dai vaccini?<\/strong>\u00a0A Londra hanno gi\u00e0 detto che ci sar\u00e0 un\u00a0<strong>piano \u201cnazionale\u201d di risarcimenti.\u00a0<\/strong>Negli USA, in base al\u00a0<strong>Prep Act<\/strong>, a farsi carico delle spese sar\u00e0 lo Zio Sam. In Italia, l\u2019unica legge sugli indennizzi per danni da vaccino (la 210\/92) prevede \u2013 affinch\u00e9 lo Stato si sobbarchi gli effetti negativi \u2013 che quel vaccino sia obbligatorio. Ecco un\u2019altra ragione per cui forse lo renderanno tale. Oltre, ovviamente, ad<strong>\u00a0assicurare immunit\u00e0 assoluta alle aziende produttrici sul piano delle azioni risarcitorie.<\/strong><\/p>\n<p>L\u2019aspetto comico di tutta la faccenda \u00e8 che, da un lato,\u00a0<strong>gli ultra-vax sono fanatici negazionisti<\/strong>: negano, cio\u00e8, che il vaccino possa procurare guai. Dall\u2019altro, promuovono leggi e politiche con cui i guai (negati) vengono ristorati, di tasca sua, dal popolo che li subisce. Mica dalle multinazionali multimiliardarie che producono i vaccini e si arricchiscono sulla pelle dei malati! Ma state tranquilli: andr\u00e0 tutto bene. Soprattutto per\u00a0<strong>Big Pharma<\/strong>\u00a0e\u2026 grazie agli ultra-vax.<\/p>\n","protected":false},"excerpt":{"rendered":"<p>di Francesco Carraro &#8211; 20 dicembre 2020 Tenete a casa i bambini. Dopo i no-vax, stanno arrivando gli\u00a0ultra-vax! Tutti se la prendono coi primi, poverini. Che avranno pure le loro colpe ma, diciamocelo: esse\u00a0impallidiscono di fronte alla ottusit\u00e0 degli ultra-vax. Gli ultra-vax sono la versione quattro \u2013 ma che dico,\u00a0cinque punto zero\u00a0del concetto novecentesco di \u201cutile idiota\u201d. Essi tutto sanno e tutto fanno: dei veri\u00a0vaxtotum. La furia cieca degli ultra-vax, purtroppo, \u00e8 anche contagiosa. Proprio&#46;&#46;&#46;<\/p>\n","protected":false},"author":103,"featured_media":0,"comment_status":"open","ping_status":"open","sticky":false,"template":"","format":"standard","meta":{"jetpack_post_was_ever_published":false,"_jetpack_newsletter_access":"","_jetpack_dont_email_post_to_subs":false,"_jetpack_newsletter_tier_id":0,"_jetpack_memberships_contains_paywalled_content":false,"_jetpack_memberships_contains_paid_content":false,"footnotes":"","jetpack_publicize_message":"","jetpack_publicize_feature_enabled":true,"jetpack_social_post_already_shared":true,"jetpack_social_options":{"image_generator_settings":{"template":"highway","enabled":false},"version":2}},"categories":[32],"tags":[],"jetpack_publicize_connections":[],"jetpack_featured_media_url":"","jetpack_sharing_enabled":true,"jetpack_shortlink":"https:\/\/wp.me\/p7ZaJ4-g1i","_links":{"self":[{"href":"https:\/\/appelloalpopolo.it\/index.php?rest_route=\/wp\/v2\/posts\/61584"}],"collection":[{"href":"https:\/\/appelloalpopolo.it\/index.php?rest_route=\/wp\/v2\/posts"}],"about":[{"href":"https:\/\/appelloalpopolo.it\/index.php?rest_route=\/wp\/v2\/types\/post"}],"author":[{"embeddable":true,"href":"https:\/\/appelloalpopolo.it\/index.php?rest_route=\/wp\/v2\/users\/103"}],"replies":[{"embeddable":true,"href":"https:\/\/appelloalpopolo.it\/index.php?rest_route=%2Fwp%2Fv2%2Fcomments&post=61584"}],"version-history":[{"count":1,"href":"https:\/\/appelloalpopolo.it\/index.php?rest_route=\/wp\/v2\/posts\/61584\/revisions"}],"predecessor-version":[{"id":61586,"href":"https:\/\/appelloalpopolo.it\/index.php?rest_route=\/wp\/v2\/posts\/61584\/revisions\/61586"}],"wp:attachment":[{"href":"https:\/\/appelloalpopolo.it\/index.php?rest_route=%2Fwp%2Fv2%2Fmedia&parent=61584"}],"wp:term":[{"taxonomy":"category","embeddable":true,"href":"https:\/\/appelloalpopolo.it\/index.php?rest_route=%2Fwp%2Fv2%2Fcategories&post=61584"},{"taxonomy":"post_tag","embeddable":true,"href":"https:\/\/appelloalpopolo.it\/index.php?rest_route=%2Fwp%2Fv2%2Ftags&post=61584"}],"curies":[{"name":"wp","href":"https:\/\/api.w.org\/{rel}","templated":true}]}}