{"id":61657,"date":"2020-12-30T03:10:18","date_gmt":"2020-12-30T02:10:18","guid":{"rendered":"http:\/\/appelloalpopolo.it\/?p=61657"},"modified":"2020-12-30T07:43:02","modified_gmt":"2020-12-30T06:43:02","slug":"litalia-dei-record-e-il-capolavoro-di-conte","status":"publish","type":"post","link":"https:\/\/appelloalpopolo.it\/?p=61657","title":{"rendered":"L&#8217;Italia dei record e il capolavoro di Conte"},"content":{"rendered":"<div class=\"o9v6fnle cxmmr5t8 oygrvhab hcukyx3x c1et5uql ii04i59q\">\n<p dir=\"auto\" style=\"text-align: justify;\">di GIANLUCA BALDINI (FSI-Riconquistare l&#8217;Italia Pescara)<\/p>\n<p dir=\"auto\" style=\"text-align: justify;\">Siamo il paese che ha registrato pi\u00f9 morti pro capite al mondo sia nella prima sia nella seconda ondata.<\/p>\n<p dir=\"auto\" style=\"text-align: justify;\">Saremo il paese che registrer\u00e0 la peggiore recessione del mondo in termini assoluti e relativi e avremo nel 2021 il debito pubblico pi\u00f9 alto del mondo.<\/p>\n<p dir=\"auto\" style=\"text-align: justify;\"><span style=\"text-align: justify;\">In questo capolavoro la nostra classe dirigente &#8211; composta per lo pi\u00f9 da scappati di casa che l\u2019anno prima di entrare in parlamento dichiaravano reddito ZERO &#8211; non ha meglio da fare che organizzare la pagliacciata del vaccino trasportato col furgone dal Belgio all\u2019Italia per ricamare lo <\/span><em style=\"text-align: justify;\">storytelling<\/em><span style=\"text-align: justify;\">, mentre nel resto d\u2019Europa arrivano via aerea dal doppio (Francia) a quindici volte (Germania) le dosi pervenute in Italia.<\/span><\/p>\n<p dir=\"auto\" style=\"text-align: justify;\"><span style=\"text-align: justify;\">Ho disprezzato D\u2019Alema, Prodi, Berlusconi, Fini, Renzi e Salvini e mi ero di nuovo illuso che pi\u00f9 in basso non saremmo potuti andare, ma al solito mi sbagliavo. <\/span><\/p>\n<p dir=\"auto\" style=\"text-align: justify;\"><span style=\"text-align: justify;\">Abbiamo toccato il fondo nel 1994 e sono quasi trent\u2019anni che continuiamo a scavare.<\/span><\/p>\n<\/div>\n","protected":false},"excerpt":{"rendered":"<p>di GIANLUCA BALDINI (FSI-Riconquistare l&#8217;Italia Pescara) Siamo il paese che ha registrato pi\u00f9 morti pro capite al mondo sia nella prima sia nella seconda ondata. Saremo il paese che registrer\u00e0 la peggiore recessione del mondo in termini assoluti e relativi e avremo nel 2021 il debito pubblico pi\u00f9 alto del mondo. In questo capolavoro la nostra classe dirigente &#8211; composta per lo pi\u00f9 da scappati di casa che l\u2019anno prima di entrare in parlamento dichiaravano&#46;&#46;&#46;<\/p>\n","protected":false},"author":4,"featured_media":61666,"comment_status":"open","ping_status":"open","sticky":false,"template":"","format":"standard","meta":{"jetpack_post_was_ever_published":false,"_jetpack_newsletter_access":"","_jetpack_dont_email_post_to_subs":false,"_jetpack_newsletter_tier_id":0,"_jetpack_memberships_contains_paywalled_content":false,"_jetpack_memberships_contains_paid_content":false,"footnotes":"","jetpack_publicize_message":"","jetpack_publicize_feature_enabled":true,"jetpack_social_post_already_shared":true,"jetpack_social_options":{"image_generator_settings":{"template":"highway","enabled":false},"version":2}},"categories":[6196,6],"tags":[],"jetpack_publicize_connections":[],"jetpack_featured_media_url":"https:\/\/appelloalpopolo.it\/wp-content\/uploads\/2020\/12\/vaccino-scortato-scaled.jpg","jetpack_sharing_enabled":true,"jetpack_shortlink":"https:\/\/wp.me\/p7ZaJ4-g2t","_links":{"self":[{"href":"https:\/\/appelloalpopolo.it\/index.php?rest_route=\/wp\/v2\/posts\/61657"}],"collection":[{"href":"https:\/\/appelloalpopolo.it\/index.php?rest_route=\/wp\/v2\/posts"}],"about":[{"href":"https:\/\/appelloalpopolo.it\/index.php?rest_route=\/wp\/v2\/types\/post"}],"author":[{"embeddable":true,"href":"https:\/\/appelloalpopolo.it\/index.php?rest_route=\/wp\/v2\/users\/4"}],"replies":[{"embeddable":true,"href":"https:\/\/appelloalpopolo.it\/index.php?rest_route=%2Fwp%2Fv2%2Fcomments&post=61657"}],"version-history":[{"count":3,"href":"https:\/\/appelloalpopolo.it\/index.php?rest_route=\/wp\/v2\/posts\/61657\/revisions"}],"predecessor-version":[{"id":61668,"href":"https:\/\/appelloalpopolo.it\/index.php?rest_route=\/wp\/v2\/posts\/61657\/revisions\/61668"}],"wp:featuredmedia":[{"embeddable":true,"href":"https:\/\/appelloalpopolo.it\/index.php?rest_route=\/wp\/v2\/media\/61666"}],"wp:attachment":[{"href":"https:\/\/appelloalpopolo.it\/index.php?rest_route=%2Fwp%2Fv2%2Fmedia&parent=61657"}],"wp:term":[{"taxonomy":"category","embeddable":true,"href":"https:\/\/appelloalpopolo.it\/index.php?rest_route=%2Fwp%2Fv2%2Fcategories&post=61657"},{"taxonomy":"post_tag","embeddable":true,"href":"https:\/\/appelloalpopolo.it\/index.php?rest_route=%2Fwp%2Fv2%2Ftags&post=61657"}],"curies":[{"name":"wp","href":"https:\/\/api.w.org\/{rel}","templated":true}]}}