{"id":61720,"date":"2021-01-05T03:03:59","date_gmt":"2021-01-05T02:03:59","guid":{"rendered":"http:\/\/appelloalpopolo.it\/?p=61720"},"modified":"2021-01-05T08:42:37","modified_gmt":"2021-01-05T07:42:37","slug":"non-ce-due-senza-tre","status":"publish","type":"post","link":"https:\/\/appelloalpopolo.it\/?p=61720","title":{"rendered":"Non c&#8217;\u00e8 due senza tre"},"content":{"rendered":"<p style=\"text-align: justify;\">di DAVIDE VISIGALLI (FSI-Riconquistare l&#8217;Italia Genova)<\/p>\n<p style=\"text-align: justify;\"><span style=\"text-align: justify;\">Guardando l&#8217;indicatore pi\u00f9 predittivo al momento (variazione percentuale positivi a 7gg), che anticipa di circa un mese l&#8217;andamento dei contagi, sembra che la terza ondata (qui la Liguria) sia alle porte.<\/span><\/p>\n<p style=\"text-align: justify;\"><a href=\"https:\/\/public.flourish.studio\/story\/435616\/?fbclid=IwAR1Hsej94K6J9WBy1uRie2wxEODIeYxJhZ_azfwwdgE8WK9uA9IBnd-YEyU\" target=\"_blank\" rel=\"noopener\"><img loading=\"lazy\" decoding=\"async\" class=\"alignnone wp-image-61728 size-full\" src=\"http:\/\/appelloalpopolo.it\/wp-content\/uploads\/2021\/01\/spada-liguria.png\" alt=\"\" width=\"931\" height=\"683\" srcset=\"https:\/\/appelloalpopolo.it\/wp-content\/uploads\/2021\/01\/spada-liguria.png 931w, https:\/\/appelloalpopolo.it\/wp-content\/uploads\/2021\/01\/spada-liguria-300x220.png 300w, https:\/\/appelloalpopolo.it\/wp-content\/uploads\/2021\/01\/spada-liguria-768x563.png 768w\" sizes=\"(max-width: 931px) 100vw, 931px\" \/><\/a><\/p>\n<p style=\"text-align: justify;\"><span style=\"text-align: justify;\">Poco margine per un&#8217;eventuale fluttuazione statistica. Come si vede dai colori, le misure prese poco incidono sulla dinamica del virus. Pi\u00f9 che la generalit\u00e0 delle misure, \u00e8 il tempismo della nostra classe dirigente che lascia senza parole. Si accorgono delle recrudescenze quando se ne accorge il popolo, non prima, e corre ai ripari con la politica dello struzzo.<\/span><\/p>\n<p style=\"text-align: justify;\"><span style=\"text-align: justify;\">Questo, per i cacciatori di negazionisti, non vuol dire che un certo tipo di misure non debbano essere prese, ma chiedere un minimo di razionalit\u00e0 in pi\u00f9 non mi sembra pretendere troppo. Dopotutto \u00e8 la terza ondata. Il virus si comporta sempre uguale, e noi pure.<\/span><\/p>\n<p style=\"text-align: justify;\"><span style=\"text-align: justify;\">Speriamo nel vaccino, va. Perch\u00e9 altro non si vede all&#8217;orizzonte.<\/span><\/p>\n","protected":false},"excerpt":{"rendered":"<p>di DAVIDE VISIGALLI (FSI-Riconquistare l&#8217;Italia Genova) Guardando l&#8217;indicatore pi\u00f9 predittivo al momento (variazione percentuale positivi a 7gg), che anticipa di circa un mese l&#8217;andamento dei contagi, sembra che la terza ondata (qui la Liguria) sia alle porte. Poco margine per un&#8217;eventuale fluttuazione statistica. Come si vede dai colori, le misure prese poco incidono sulla dinamica del virus. Pi\u00f9 che la generalit\u00e0 delle misure, \u00e8 il tempismo della nostra classe dirigente che lascia senza parole. Si&#46;&#46;&#46;<\/p>\n","protected":false},"author":4,"featured_media":61728,"comment_status":"open","ping_status":"open","sticky":false,"template":"","format":"standard","meta":{"jetpack_post_was_ever_published":false,"_jetpack_newsletter_access":"","_jetpack_dont_email_post_to_subs":false,"_jetpack_newsletter_tier_id":0,"_jetpack_memberships_contains_paywalled_content":false,"_jetpack_memberships_contains_paid_content":false,"footnotes":"","jetpack_publicize_message":"","jetpack_publicize_feature_enabled":true,"jetpack_social_post_already_shared":true,"jetpack_social_options":{"image_generator_settings":{"template":"highway","enabled":false},"version":2}},"categories":[6196,6],"tags":[],"jetpack_publicize_connections":[],"jetpack_featured_media_url":"https:\/\/appelloalpopolo.it\/wp-content\/uploads\/2021\/01\/spada-liguria.png","jetpack_sharing_enabled":true,"jetpack_shortlink":"https:\/\/wp.me\/p7ZaJ4-g3u","_links":{"self":[{"href":"https:\/\/appelloalpopolo.it\/index.php?rest_route=\/wp\/v2\/posts\/61720"}],"collection":[{"href":"https:\/\/appelloalpopolo.it\/index.php?rest_route=\/wp\/v2\/posts"}],"about":[{"href":"https:\/\/appelloalpopolo.it\/index.php?rest_route=\/wp\/v2\/types\/post"}],"author":[{"embeddable":true,"href":"https:\/\/appelloalpopolo.it\/index.php?rest_route=\/wp\/v2\/users\/4"}],"replies":[{"embeddable":true,"href":"https:\/\/appelloalpopolo.it\/index.php?rest_route=%2Fwp%2Fv2%2Fcomments&post=61720"}],"version-history":[{"count":4,"href":"https:\/\/appelloalpopolo.it\/index.php?rest_route=\/wp\/v2\/posts\/61720\/revisions"}],"predecessor-version":[{"id":61729,"href":"https:\/\/appelloalpopolo.it\/index.php?rest_route=\/wp\/v2\/posts\/61720\/revisions\/61729"}],"wp:featuredmedia":[{"embeddable":true,"href":"https:\/\/appelloalpopolo.it\/index.php?rest_route=\/wp\/v2\/media\/61728"}],"wp:attachment":[{"href":"https:\/\/appelloalpopolo.it\/index.php?rest_route=%2Fwp%2Fv2%2Fmedia&parent=61720"}],"wp:term":[{"taxonomy":"category","embeddable":true,"href":"https:\/\/appelloalpopolo.it\/index.php?rest_route=%2Fwp%2Fv2%2Fcategories&post=61720"},{"taxonomy":"post_tag","embeddable":true,"href":"https:\/\/appelloalpopolo.it\/index.php?rest_route=%2Fwp%2Fv2%2Ftags&post=61720"}],"curies":[{"name":"wp","href":"https:\/\/api.w.org\/{rel}","templated":true}]}}