{"id":61744,"date":"2021-01-08T03:01:35","date_gmt":"2021-01-08T02:01:35","guid":{"rendered":"http:\/\/appelloalpopolo.it\/?p=61744"},"modified":"2021-01-07T23:18:47","modified_gmt":"2021-01-07T22:18:47","slug":"il-cammino","status":"publish","type":"post","link":"https:\/\/appelloalpopolo.it\/?p=61744","title":{"rendered":"Il cammino"},"content":{"rendered":"<div dir=\"auto\">di MICHELE DURANTE (FSI-Riconquistare l&#8217;Italia Genova)<\/div>\n<div dir=\"auto\"><\/div>\n<div dir=\"auto\" style=\"text-align: justify;\">Il fine ultimo del FSI-Riconquistare l&#8217;Italia \u00e8 quello di creare le condizioni nel paese per poter tornare ad attuare la Costituzione del 1948 e promuovere lo sviluppo e il benessere della nazione e dei suoi cittadini.<\/div>\n<div dir=\"auto\" style=\"text-align: justify;\"><\/div>\n<div dir=\"auto\" style=\"text-align: justify;\">\u00c8 un obiettivo condivisibile che molti appoggiano credendo ingenuamente o presuntuosamente che sia raggiungibile facilmente o in poco tempo e per questo motivo criticano la nostra poca incisivit\u00e0. Voglio chiarire una cosa, soprattutto ai militanti e simpatizzanti. Tutti condividiamo lo stesso fine ultimo ma \u00e8 necessario aver chiara anche la linea e la strategia del partito ed eventualmente condividere anche quella. Io credo di averla capita e la condivido, la trovo intelligente e utile.<\/div>\n<div dir=\"auto\" style=\"text-align: justify;\"><\/div>\n<div dir=\"auto\" style=\"text-align: justify;\">La linea credo sia questa: non siamo cos\u00ec ingenui o presuntuosi da credere che per il raggiungimento di un obiettivo cos\u00ec alto e rivoluzionario non sia necessario porsi prima tanti piccoli obiettivi minori ma strumentali al raggiungimento del fine ultimo. Ci muoviamo a piccoli passi perch\u00e9 per uscire dal pantano non puoi correre altrimenti affondi. Il primo piccolo passo &#8211; e quindi l&#8217;obiettivo strumentale che stiamo puntando ora e verso il quale dobbiamo concentrare tutte le nostre poche energie &#8211; \u00e8 quello di trovare e farsi apprezzare da coloro i quali condividono le nostre idee per poter crescere come numero di militanti. Solo un sufficiente numero di iscritti e militanti ci consentir\u00e0 di presentarci alle elezioni.<\/div>\n<div dir=\"auto\" style=\"text-align: justify;\"><\/div>\n<div dir=\"auto\" style=\"text-align: justify;\">Solo il presentarsi alle elezioni ci consentir\u00e0 di costruire il partito popolare. Solo il partito popolare ci consentir\u00e0 di portare le nostre idee alle masse. Solo il portare alle masse le nostre idee ci consentir\u00e0 di poterle attuare. Questa \u00e8 la dura realt\u00e0. Se ci fosse un modo o una singola azione che ci potesse consentire di raggiungere subito l&#8217;obiettivo finale in modo stabile e duraturo l&#8217;avremmo gi\u00e0 intrapresa, ma non c&#8217;\u00e8.<\/div>\n<div dir=\"auto\" style=\"text-align: justify;\"><\/div>\n<div dir=\"auto\" style=\"text-align: justify;\">Al momento c&#8217;\u00e8 il primo obiettivo strumentale, il primo piccolo passo, raggiunto quello ci domanderemo come raggiungere il prossimo e cos\u00ec via fino all&#8217;obiettivo finale. Nel frattempo possiamo solo resistere. Se per voi esiste un modo migliore vi prego di dirmelo che ne discutiamo.<\/div>\n","protected":false},"excerpt":{"rendered":"<p>di MICHELE DURANTE (FSI-Riconquistare l&#8217;Italia Genova) Il fine ultimo del FSI-Riconquistare l&#8217;Italia \u00e8 quello di creare le condizioni nel paese per poter tornare ad attuare la Costituzione del 1948 e promuovere lo sviluppo e il benessere della nazione e dei suoi cittadini. \u00c8 un obiettivo condivisibile che molti appoggiano credendo ingenuamente o presuntuosamente che sia raggiungibile facilmente o in poco tempo e per questo motivo criticano la nostra poca incisivit\u00e0. Voglio chiarire una cosa, soprattutto&#46;&#46;&#46;<\/p>\n","protected":false},"author":4,"featured_media":61745,"comment_status":"open","ping_status":"open","sticky":false,"template":"","format":"standard","meta":{"jetpack_post_was_ever_published":false,"_jetpack_newsletter_access":"","_jetpack_dont_email_post_to_subs":false,"_jetpack_newsletter_tier_id":0,"_jetpack_memberships_contains_paywalled_content":false,"_jetpack_memberships_contains_paid_content":false,"footnotes":"","jetpack_publicize_message":"","jetpack_publicize_feature_enabled":true,"jetpack_social_post_already_shared":true,"jetpack_social_options":{"image_generator_settings":{"template":"highway","enabled":false},"version":2}},"categories":[6196,6],"tags":[],"jetpack_publicize_connections":[],"jetpack_featured_media_url":"https:\/\/appelloalpopolo.it\/wp-content\/uploads\/2021\/01\/sent.jpg","jetpack_sharing_enabled":true,"jetpack_shortlink":"https:\/\/wp.me\/p7ZaJ4-g3S","_links":{"self":[{"href":"https:\/\/appelloalpopolo.it\/index.php?rest_route=\/wp\/v2\/posts\/61744"}],"collection":[{"href":"https:\/\/appelloalpopolo.it\/index.php?rest_route=\/wp\/v2\/posts"}],"about":[{"href":"https:\/\/appelloalpopolo.it\/index.php?rest_route=\/wp\/v2\/types\/post"}],"author":[{"embeddable":true,"href":"https:\/\/appelloalpopolo.it\/index.php?rest_route=\/wp\/v2\/users\/4"}],"replies":[{"embeddable":true,"href":"https:\/\/appelloalpopolo.it\/index.php?rest_route=%2Fwp%2Fv2%2Fcomments&post=61744"}],"version-history":[{"count":1,"href":"https:\/\/appelloalpopolo.it\/index.php?rest_route=\/wp\/v2\/posts\/61744\/revisions"}],"predecessor-version":[{"id":61746,"href":"https:\/\/appelloalpopolo.it\/index.php?rest_route=\/wp\/v2\/posts\/61744\/revisions\/61746"}],"wp:featuredmedia":[{"embeddable":true,"href":"https:\/\/appelloalpopolo.it\/index.php?rest_route=\/wp\/v2\/media\/61745"}],"wp:attachment":[{"href":"https:\/\/appelloalpopolo.it\/index.php?rest_route=%2Fwp%2Fv2%2Fmedia&parent=61744"}],"wp:term":[{"taxonomy":"category","embeddable":true,"href":"https:\/\/appelloalpopolo.it\/index.php?rest_route=%2Fwp%2Fv2%2Fcategories&post=61744"},{"taxonomy":"post_tag","embeddable":true,"href":"https:\/\/appelloalpopolo.it\/index.php?rest_route=%2Fwp%2Fv2%2Ftags&post=61744"}],"curies":[{"name":"wp","href":"https:\/\/api.w.org\/{rel}","templated":true}]}}