{"id":61879,"date":"2021-01-14T02:15:35","date_gmt":"2021-01-14T01:15:35","guid":{"rendered":"http:\/\/appelloalpopolo.it\/?p=61879"},"modified":"2021-01-14T07:53:20","modified_gmt":"2021-01-14T06:53:20","slug":"dovremo-avere-la-forza-di-resistere","status":"publish","type":"post","link":"https:\/\/appelloalpopolo.it\/?p=61879","title":{"rendered":"Dovremo avere la forza di resistere"},"content":{"rendered":"<p>di MATTEO MODULON (FSI-Riconquistare l&#8217;Italia Verona)<\/p>\n<div class=\"o9v6fnle cxmmr5t8 oygrvhab hcukyx3x c1et5uql ii04i59q\">\n<div dir=\"auto\" style=\"text-align: justify;\">Per capire l&#8217;inferno che ci attende considerate che in un decennio circa sono stati tagliati 37 miliardi alla sanit\u00e0 pubblica, con la conseguenze che stiamo osservando oggi. Taglio alla spesa pubblica significa meno servizi e pi\u00f9 privato.<\/div>\n<\/div>\n<div class=\"o9v6fnle cxmmr5t8 oygrvhab hcukyx3x c1et5uql ii04i59q\" style=\"text-align: justify;\">\n<div dir=\"auto\"><\/div>\n<div dir=\"auto\">Arriveremo probabilmente a toccare cosa significa avere la sanit\u00e0 privata e dover pagare per curarsi. Se ci\u00f2 avverr\u00e0, probabilmente molti ci rimetteranno la vita. In pi\u00f9 imporranno contemporaneamente nuove tasse o aumenteranno le esistenti per ripagare questo debito.<\/div>\n<\/div>\n<div class=\"o9v6fnle cxmmr5t8 oygrvhab hcukyx3x c1et5uql ii04i59q\">\n<div dir=\"auto\"><\/div>\n<div dir=\"auto\" style=\"text-align: justify;\">Dovremo avere quindi la forza di resistere, di combattere e poi di ripristinare la Costituzione, cio\u00e8 di ripristinare ci\u00f2 che \u00e8 nostro per diritto, la piena autodeterminazione di noi stessi.<\/div>\n<\/div>\n","protected":false},"excerpt":{"rendered":"<p>di MATTEO MODULON (FSI-Riconquistare l&#8217;Italia Verona) Per capire l&#8217;inferno che ci attende considerate che in un decennio circa sono stati tagliati 37 miliardi alla sanit\u00e0 pubblica, con la conseguenze che stiamo osservando oggi. Taglio alla spesa pubblica significa meno servizi e pi\u00f9 privato. Arriveremo probabilmente a toccare cosa significa avere la sanit\u00e0 privata e dover pagare per curarsi. Se ci\u00f2 avverr\u00e0, probabilmente molti ci rimetteranno la vita. In pi\u00f9 imporranno contemporaneamente nuove tasse o aumenteranno&#46;&#46;&#46;<\/p>\n","protected":false},"author":4,"featured_media":26997,"comment_status":"open","ping_status":"open","sticky":false,"template":"","format":"standard","meta":{"jetpack_post_was_ever_published":false,"_jetpack_newsletter_access":"","_jetpack_dont_email_post_to_subs":false,"_jetpack_newsletter_tier_id":0,"_jetpack_memberships_contains_paywalled_content":false,"_jetpack_memberships_contains_paid_content":false,"footnotes":"","jetpack_publicize_message":"","jetpack_publicize_feature_enabled":true,"jetpack_social_post_already_shared":true,"jetpack_social_options":{"image_generator_settings":{"template":"highway","enabled":false},"version":2}},"categories":[6196,6],"tags":[],"jetpack_publicize_connections":[],"jetpack_featured_media_url":"https:\/\/appelloalpopolo.it\/wp-content\/uploads\/2016\/12\/costituzione_italiana.jpg","jetpack_sharing_enabled":true,"jetpack_shortlink":"https:\/\/wp.me\/p7ZaJ4-g63","_links":{"self":[{"href":"https:\/\/appelloalpopolo.it\/index.php?rest_route=\/wp\/v2\/posts\/61879"}],"collection":[{"href":"https:\/\/appelloalpopolo.it\/index.php?rest_route=\/wp\/v2\/posts"}],"about":[{"href":"https:\/\/appelloalpopolo.it\/index.php?rest_route=\/wp\/v2\/types\/post"}],"author":[{"embeddable":true,"href":"https:\/\/appelloalpopolo.it\/index.php?rest_route=\/wp\/v2\/users\/4"}],"replies":[{"embeddable":true,"href":"https:\/\/appelloalpopolo.it\/index.php?rest_route=%2Fwp%2Fv2%2Fcomments&post=61879"}],"version-history":[{"count":1,"href":"https:\/\/appelloalpopolo.it\/index.php?rest_route=\/wp\/v2\/posts\/61879\/revisions"}],"predecessor-version":[{"id":61881,"href":"https:\/\/appelloalpopolo.it\/index.php?rest_route=\/wp\/v2\/posts\/61879\/revisions\/61881"}],"wp:featuredmedia":[{"embeddable":true,"href":"https:\/\/appelloalpopolo.it\/index.php?rest_route=\/wp\/v2\/media\/26997"}],"wp:attachment":[{"href":"https:\/\/appelloalpopolo.it\/index.php?rest_route=%2Fwp%2Fv2%2Fmedia&parent=61879"}],"wp:term":[{"taxonomy":"category","embeddable":true,"href":"https:\/\/appelloalpopolo.it\/index.php?rest_route=%2Fwp%2Fv2%2Fcategories&post=61879"},{"taxonomy":"post_tag","embeddable":true,"href":"https:\/\/appelloalpopolo.it\/index.php?rest_route=%2Fwp%2Fv2%2Ftags&post=61879"}],"curies":[{"name":"wp","href":"https:\/\/api.w.org\/{rel}","templated":true}]}}