{"id":61924,"date":"2021-01-15T08:30:35","date_gmt":"2021-01-15T07:30:35","guid":{"rendered":"http:\/\/appelloalpopolo.it\/?p=61924"},"modified":"2021-01-14T22:28:38","modified_gmt":"2021-01-14T21:28:38","slug":"recovery-la-presidenza-di-lisbona-scrive-ai-governi-ue-accelerare-la-ratifica-delle-risorse-proprie","status":"publish","type":"post","link":"https:\/\/appelloalpopolo.it\/?p=61924","title":{"rendered":"Recovery, la presidenza di Lisbona scrive ai governi Ue: \u201cAccelerare la ratifica delle risorse proprie\u201d"},"content":{"rendered":"<p><strong>da: EUNEWS (Luca Fabiana)<\/strong><\/p>\n<p>&nbsp;<\/p>\n<header class=\"entry-header\">\n<div class=\"article-single-excerpt\">\n<p>Il governo portoghese ha adottato la risoluzione che ora andr\u00e0 approvata dal Parlamento nazionale. \u201cUn passaggio cruciale per consentire alla Commissione Europea l\u2019emissione del debito e l\u2019attuazione dei piani nazionali di ripresa\u201d, ha ricordato il premier Costa<\/p>\n<\/div>\n<\/header>\n<div class=\"entry-content\">\n<p>Bruxelles \u2013 La presidenza di turno del Portogallo spinge per una rapida ratifica da parte di tutti i Parlamenti nazionali\u00a0sulle\u00a0risorse proprie, le entrate fiscali dell\u2019Unione Europea con cui la Commissione vuole finanziare\u00a0la ripresa del Continente dalla crisi Covid. Ieri Lisbona\u00a0ha fatto il primo passo:\u00a0il governo ha adottato in Consiglio dei ministri la risoluzione sul sistema di risorse proprie dell\u2019UE, chiedendo al Parlamento nazionale di ratificare la risoluzione quanto prima.<\/p>\n<p>Il tassello mancante per permettere alla Commissione europea di andare sui mercati a reperire i soldi del\u00a0Recovery Fund, lo strumento temporaneo per la ripresa,\u00a0senza pesare eccessivamente sulle prossime generazioni.\u00a0\u201cUn passaggio cruciale per consentire\u00a0alla Commissione Europea\u00a0l\u2019emissione del debito comune e, quindi, l\u2019avvio dell\u2019attuazione dei piani nazionali di ripresa e resilienza\u201d, ha ricordato il premier Antonio Costa su Twitter. In qualit\u00e0 di presidente di turno dell\u2019Ue, inoltre, ha scritto agli altri capi di stato e di governo di fare lo stesso e \u201cdi assicurare la rapida ratifica della decisione sulle risorse proprie, al fine di garantire che questo processo sia completato entro la fine del primo trimestre\u201d dell\u2019anno.<\/p>\n<p>La decisione prevede anche l&#8217;introduzione di un paniere di nuove risorse proprie nel corso del prossimo QFP, che dovrebbero essere almeno sufficienti a coprire i futuri costi di restituzione del debito che la Commissione emetter\u00e0 per finanziare lo strumento di ripresa.\u00a0In una prima\u00a0fase sar\u00e0\u00a0introdotta una tassa sulla plastica,\u00a0derivata da 80 centesimi per ogni chilogrammo di plastica non riciclata. Entro giugno saranno presentate dalla Commissione nuove proposte legislative relative a un meccanismo di adeguamento del carbonio alla frontiera,\u00a0sui giganti del digitale e sul sistema di scambio di quote di emissione (ETS), per essere introdotte\u00a0entro gennaio 2023. Entro giugno 2024, la Commissione presenter\u00e0 una proposta per nuove tasse probabilmente sulle transazioni finanziarie e un contributo finanziario sulle societ\u00e0, per l\u2019introduzione entro il 2026.<\/p>\n<p>Lisbona fa pressioni perch\u00e9 i Parlamenti nazionali ratifichino la decisione\u00a0sulle risorse proprie entro marzo, cos\u00ec che la Commissione possa cos\u00ec andare sul mercato per raccogliere i fondi, e far partire in concreto lo strumento di ripresa. A ciascun Paese \u00e8 richiesto entro il primo trimestre del 2021 di presentare la sua\u00a0versione finale del piano nazionale di ripresa e resilienza, cos\u00ec da sbloccare i finanziamenti di Bruxelles.<\/p>\n<\/div>\n<p>&nbsp;<\/p>\n<p><strong>FONTE: <a href=\"https:\/\/www.eunews.it\/2021\/01\/14\/recovery-la-presidenza-lisbona-scrive-ai-governi-ue-accelerare-la-ratifica-delle-risorse-proprie\/140433\">https:\/\/www.eunews.it\/2021\/01\/14\/recovery-la-presidenza-lisbona-scrive-ai-governi-ue-accelerare-la-ratifica-delle-risorse-proprie\/140433<\/a><\/strong><\/p>\n","protected":false},"excerpt":{"rendered":"<p>da: EUNEWS (Luca Fabiana) &nbsp; Il governo portoghese ha adottato la risoluzione che ora andr\u00e0 approvata dal Parlamento nazionale. \u201cUn passaggio cruciale per consentire alla Commissione Europea l\u2019emissione del debito e l\u2019attuazione dei piani nazionali di ripresa\u201d, ha ricordato il premier Costa Bruxelles \u2013 La presidenza di turno del Portogallo spinge per una rapida ratifica da parte di tutti i Parlamenti nazionali\u00a0sulle\u00a0risorse proprie, le entrate fiscali dell\u2019Unione Europea con cui la Commissione vuole finanziare\u00a0la ripresa&#46;&#46;&#46;<\/p>\n","protected":false},"author":104,"featured_media":61925,"comment_status":"open","ping_status":"open","sticky":false,"template":"","format":"standard","meta":{"jetpack_post_was_ever_published":false,"_jetpack_newsletter_access":"","_jetpack_dont_email_post_to_subs":false,"_jetpack_newsletter_tier_id":0,"_jetpack_memberships_contains_paywalled_content":false,"_jetpack_memberships_contains_paid_content":false,"footnotes":"","jetpack_publicize_message":"","jetpack_publicize_feature_enabled":true,"jetpack_social_post_already_shared":true,"jetpack_social_options":{"image_generator_settings":{"template":"highway","enabled":false},"version":2}},"categories":[32],"tags":[],"jetpack_publicize_connections":[],"jetpack_featured_media_url":"https:\/\/appelloalpopolo.it\/wp-content\/uploads\/2021\/01\/eu-news.png","jetpack_sharing_enabled":true,"jetpack_shortlink":"https:\/\/wp.me\/p7ZaJ4-g6M","_links":{"self":[{"href":"https:\/\/appelloalpopolo.it\/index.php?rest_route=\/wp\/v2\/posts\/61924"}],"collection":[{"href":"https:\/\/appelloalpopolo.it\/index.php?rest_route=\/wp\/v2\/posts"}],"about":[{"href":"https:\/\/appelloalpopolo.it\/index.php?rest_route=\/wp\/v2\/types\/post"}],"author":[{"embeddable":true,"href":"https:\/\/appelloalpopolo.it\/index.php?rest_route=\/wp\/v2\/users\/104"}],"replies":[{"embeddable":true,"href":"https:\/\/appelloalpopolo.it\/index.php?rest_route=%2Fwp%2Fv2%2Fcomments&post=61924"}],"version-history":[{"count":1,"href":"https:\/\/appelloalpopolo.it\/index.php?rest_route=\/wp\/v2\/posts\/61924\/revisions"}],"predecessor-version":[{"id":61926,"href":"https:\/\/appelloalpopolo.it\/index.php?rest_route=\/wp\/v2\/posts\/61924\/revisions\/61926"}],"wp:featuredmedia":[{"embeddable":true,"href":"https:\/\/appelloalpopolo.it\/index.php?rest_route=\/wp\/v2\/media\/61925"}],"wp:attachment":[{"href":"https:\/\/appelloalpopolo.it\/index.php?rest_route=%2Fwp%2Fv2%2Fmedia&parent=61924"}],"wp:term":[{"taxonomy":"category","embeddable":true,"href":"https:\/\/appelloalpopolo.it\/index.php?rest_route=%2Fwp%2Fv2%2Fcategories&post=61924"},{"taxonomy":"post_tag","embeddable":true,"href":"https:\/\/appelloalpopolo.it\/index.php?rest_route=%2Fwp%2Fv2%2Ftags&post=61924"}],"curies":[{"name":"wp","href":"https:\/\/api.w.org\/{rel}","templated":true}]}}