{"id":62398,"date":"2021-02-03T01:34:13","date_gmt":"2021-02-03T00:34:13","guid":{"rendered":"http:\/\/appelloalpopolo.it\/?p=62398"},"modified":"2021-02-03T07:48:32","modified_gmt":"2021-02-03T06:48:32","slug":"le-riforme-imposte-dal-vincolo-esterno","status":"publish","type":"post","link":"https:\/\/appelloalpopolo.it\/?p=62398","title":{"rendered":"Le riforme imposte dal vincolo esterno"},"content":{"rendered":"<p style=\"text-align: justify;\">di GILBERTO TROMBETTA (FSI-Riconquistare l&#8217;Italia Roma; candidato sindaco Roma 2021)<\/p>\n<p style=\"text-align: justify;\"><span style=\"text-align: justify;\">\u00abSaranno i mercati a imporci le riforme\u00bb. D\u2019altronde sono pi\u00f9 di 40 anni che le cose vanno cos\u00ec, in Italia. Dall\u2019ingresso nello SME. Uno dei primi vincoli esterni a cui ci siamo legati mani e piedi. Ma qual \u00e8 il fine del vincolo esterno ricercato quasi patologicamente dai politici italiani a partire dalla fine degli anni &#8217;70? \u00c8 presto detto. Il vincolo esterno serve a imporci le riforme. Quali? Precarizzazione, deflazione salariale, aumento della povert\u00e0, aumento delle disuguaglianze, distruzione dello stato sociale, taglio della spesa pubblica, meno Stato e pi\u00f9 mercato.<\/span><\/p>\n<p style=\"text-align: justify;\"><span style=\"text-align: justify;\">Sono queste le riforme che, da sempre, ci vengono imposte dal vincolo esterno. D\u2019altronde fu lo stesso Guido Carli, Governatore della Banca d\u2019Italia dal 1960 al 1975 e Ministro del Tesoro dal 1989 al 1992, a indicarlo nel suo libro del 1992 <\/span><a style=\"text-align: justify;\" href=\"https:\/\/www.pandorarivista.it\/articoli\/il-vincolo-esterno-tra-economia-e-politica\/?fbclid=IwAR2d5AecoWeba7-nA861eWrbfO6Rq0RfjulH7EL4DqteBQ84xGRvacvtkms\" target=\"_blank\" rel=\"noopener\"><em>Cinquant\u2019anni di vita italiana<\/em>. <\/a><span style=\"text-align: justify;\">Secondo Carli il vincolo sterno serviva a imporre quella cultura &#8211; liberale e liberista \u2013 di cui la classe politica italiana era \u2013 a suo dire \u2013 clamorosamente sprovvista e che lui reputava fondamentale per garantire il corretto funzionamento di una societ\u00e0. Una societ\u00e0 di mercato. Ovviamente. Quella cio\u00e8 in cui lo Stato non deve intervenire nell\u2019economia o deve intervenire solo a tutela del mercato stesso. Che, libero, non lo \u00e8 mai stato.<\/span><\/p>\n<p style=\"text-align: justify;\"><span style=\"text-align: justify;\">Si tratta di quel vincolo esterno che noi abbiamo imparato a riconoscere attraverso la parola d\u2019ordine dei suoi sacerdoti \u00abCe lo chiede l\u2019Europa!\u00bb. Perch\u00e9 non \u00e8 vero, come sosteneva Carli negli anni &#8217;90, che in Italia quella cultura mancasse. Purtroppo negli anni 90 erano gi\u00e0 tanti i politici che a quella vetusta concezione si rifacevano. Tanto \u00e8 vero che contro la cultura antidemocratica del vincolo esterno gi\u00e0 si scagliava <\/span><a style=\"text-align: justify;\" href=\"http:\/\/leliobasso.it\/documento.aspx?id=3eebf37bae1661b0596469776f188016&amp;fbclid=IwAR18K1tR9YRcZIdW9VoNq3JCxNBBLPQYL7gv6kBajQjDWRwPLTehpDNFIQs\" target=\"_blank\" rel=\"noopener\">Lelio Basso<\/a><span style=\"text-align: justify;\"> nel 1951: \u00abContro la concezione tedesca della \u201csovranit\u00e0 statale\u201d, di quella francese della \u201csovranit\u00e0 nazionale\u201d, noi abbiamo affermato la \u201csovranit\u00e0 popolare\u201d quindi democratica. A questo tipo di sovranit\u00e0 io tengo. E allora, quando arrivano al parlamento i \u201cregolamenti comunitari\u201d e ci si dice \u201csono obbligatori\u201d perch\u00e9 cos\u00ec prevede il Trattato di Roma, io reagisco\u00bb. La funzione del vincolo esterno era gi\u00e0 nota negli anni &#8217;70. Basta andarsi a riprendere le parole pronunciate da Massimo Gorla di Democrazia Proletaria nella seduta della Camera dei deputati del <\/span><a style=\"text-align: justify;\" href=\"https:\/\/www.camera.it\/_dati\/leg07\/lavori\/stenografici\/sed0383\/sed0383.pdf?fbclid=IwAR0yliCewyK4_4CO_kOg7d4-lgD8CBxb6hBGKu46yItrFZc91uJ4HcJ2MoU#nav\" target=\"_blank\" rel=\"noopener\">13 dicembre 1978<\/a><span style=\"text-align: justify;\">. Quella del famoso intervento di Giorgio Napolitano contro l\u2019ingresso dell\u2019Italia nello SME.<\/span><\/p>\n<p style=\"text-align: justify;\"><span style=\"text-align: justify;\">\u00ab[\u2026] Se produciamo, infatti, norme senza sanzioni, se non possiamo ottenere il rispetto delle stesse, attraverso i meccanismi legislativi e politici che autonomamente poniamo in essere, e ci affidiamo ad un nuovo vincolo internazionale per ottenere tale risultato, non credo si debba insistere molto per sottolineare quale contenuta di perdita di sovranit\u00e0 e di indipendenza, economica e politica, si celi dietro tutto questo. Eppure questo \u00e8 stato detto qui con molta chiarezza. \u00c8 vero, \u00e8 profondamente vero: succeder\u00e0 cos\u00ec, non, per\u00f2, perch\u00e9 mancher\u00e0 la volont\u00e0 del Governo di realizzare fino in fondo quei contenuti sociali impopolari presenti nel progetto del piano triennale, ma perch\u00e9, a questo punto, il Governo avr\u00e0 la possibilit\u00e0 di trincerarsi anche dietro a nuovi fattori di vincolo e di ricatto internazionali. Questo succeder\u00e0 quando si tratter\u00e0 di prendere le adeguate misure per difendere la nostra moneta -che se ne va a spasso con il marco, quando si tratter\u00e0 di lamentarsi per la mancata cooperazione da parte degli altri paesi nell\u2019affrontare i problemi del nostro sviluppo e, in particolare, delle nostre zone in condizioni di difficolt\u00e0, come il Mezzogiorno, e quando ci verranno poste condizioni per ottenere gli aiuti: allora sentiremo tutto il peso di questo vincolo\u00bb.<\/span><\/p>\n<p style=\"text-align: justify;\"><span style=\"text-align: justify;\">Com\u2019\u00e8 andata, per\u00f2, lo sappiamo tutti. L\u2019Italia nel 1979 entr\u00f2 nello SME nonostante tutti i \u2013 fondatissimi &#8211; dubbi. E, infatti, due anni dopo, nel 1981, ci fu il cosiddetto divorzio tra Banca d\u2019Italia e Tesoro. Nonostante la drammatica esperienza dello SME, i politici italiani continuarono con la ricerca dolosa e patologica del vincolo esterno. Che trovarono con l\u2019ingresso nell\u2019Unione Europea nel 1992 e col ritorno allo SME nel 1997 funzionale all\u2019adozione dell\u2019euro. Anche in quel caso, per\u00f2, a cosa stavamo andando incontro lo sapevano tutti. Lo sapeva Rampini, che nel suo libro del 1996 <\/span><em style=\"text-align: justify;\">Germanizzazione, come cambier\u00e0 l\u2019Italia<\/em><span style=\"text-align: justify;\">, ammetteva candidamente che grazie al vincolo sterno dell\u2019euro \u00abfinalmente ci libereremo dello stato sociale ed economicamente interventista, finalmente privatizzeremo tutto\u00bb.<\/span><\/p>\n<p style=\"text-align: justify;\"><span style=\"text-align: justify;\">Lo sapeva il giurista Aldo Bernardini, che nel suo libro del 1997 <\/span><em style=\"text-align: justify;\">La sovranit\u00e0 popolare violata nei processi normativi internazionali ed europei<\/em><span style=\"text-align: justify;\"> fu uno dei primi a puntare il dito sull\u2019incompatibilit\u00e0 tra Costituzione e trattati europei. Insomma, il vincolo esterno \u00e8 stato perseguito per sostituire piena la occupazione e i salari dignitosi previsti dalla nostra Costituzione con la stabilit\u00e0 dei prezzi e la deflazione salariale. Per sostituire lo Stato col mercato. Come ha spiegato Carlo Galli nel suo <\/span><em style=\"text-align: justify;\">Sovranit\u00e0<\/em><span style=\"text-align: justify;\">, \u00abnel caso italiano, l\u2019euro \u00e8 stato apertamente perseguito dalle \u00e9lite come \u201cvincolo esterno\u201d per limitare la sovranit\u00e0 economica del Parlamento, impedendone le \u201cderive sociali\u201d (lo stesso era avvenuto con il \u201cdivorzio\u201d fra Tesoro e Banca d\u2019Italia nel 1981)\u00bb.<\/span><\/p>\n","protected":false},"excerpt":{"rendered":"<p>di GILBERTO TROMBETTA (FSI-Riconquistare l&#8217;Italia Roma; candidato sindaco Roma 2021) \u00abSaranno i mercati a imporci le riforme\u00bb. D\u2019altronde sono pi\u00f9 di 40 anni che le cose vanno cos\u00ec, in Italia. Dall\u2019ingresso nello SME. Uno dei primi vincoli esterni a cui ci siamo legati mani e piedi. Ma qual \u00e8 il fine del vincolo esterno ricercato quasi patologicamente dai politici italiani a partire dalla fine degli anni &#8217;70? \u00c8 presto detto. Il vincolo esterno serve a&#46;&#46;&#46;<\/p>\n","protected":false},"author":4,"featured_media":62404,"comment_status":"open","ping_status":"open","sticky":false,"template":"","format":"standard","meta":{"jetpack_post_was_ever_published":false,"_jetpack_newsletter_access":"","_jetpack_dont_email_post_to_subs":false,"_jetpack_newsletter_tier_id":0,"_jetpack_memberships_contains_paywalled_content":false,"_jetpack_memberships_contains_paid_content":false,"footnotes":"","jetpack_publicize_message":"","jetpack_publicize_feature_enabled":true,"jetpack_social_post_already_shared":true,"jetpack_social_options":{"image_generator_settings":{"template":"highway","enabled":false},"version":2}},"categories":[6196,6],"tags":[],"jetpack_publicize_connections":[],"jetpack_featured_media_url":"https:\/\/appelloalpopolo.it\/wp-content\/uploads\/2021\/02\/146003295_3727640677460484_3340552249917365715_o.jpg","jetpack_sharing_enabled":true,"jetpack_shortlink":"https:\/\/wp.me\/p7ZaJ4-geq","_links":{"self":[{"href":"https:\/\/appelloalpopolo.it\/index.php?rest_route=\/wp\/v2\/posts\/62398"}],"collection":[{"href":"https:\/\/appelloalpopolo.it\/index.php?rest_route=\/wp\/v2\/posts"}],"about":[{"href":"https:\/\/appelloalpopolo.it\/index.php?rest_route=\/wp\/v2\/types\/post"}],"author":[{"embeddable":true,"href":"https:\/\/appelloalpopolo.it\/index.php?rest_route=\/wp\/v2\/users\/4"}],"replies":[{"embeddable":true,"href":"https:\/\/appelloalpopolo.it\/index.php?rest_route=%2Fwp%2Fv2%2Fcomments&post=62398"}],"version-history":[{"count":4,"href":"https:\/\/appelloalpopolo.it\/index.php?rest_route=\/wp\/v2\/posts\/62398\/revisions"}],"predecessor-version":[{"id":62405,"href":"https:\/\/appelloalpopolo.it\/index.php?rest_route=\/wp\/v2\/posts\/62398\/revisions\/62405"}],"wp:featuredmedia":[{"embeddable":true,"href":"https:\/\/appelloalpopolo.it\/index.php?rest_route=\/wp\/v2\/media\/62404"}],"wp:attachment":[{"href":"https:\/\/appelloalpopolo.it\/index.php?rest_route=%2Fwp%2Fv2%2Fmedia&parent=62398"}],"wp:term":[{"taxonomy":"category","embeddable":true,"href":"https:\/\/appelloalpopolo.it\/index.php?rest_route=%2Fwp%2Fv2%2Fcategories&post=62398"},{"taxonomy":"post_tag","embeddable":true,"href":"https:\/\/appelloalpopolo.it\/index.php?rest_route=%2Fwp%2Fv2%2Ftags&post=62398"}],"curies":[{"name":"wp","href":"https:\/\/api.w.org\/{rel}","templated":true}]}}