{"id":66284,"date":"2021-07-15T11:00:09","date_gmt":"2021-07-15T09:00:09","guid":{"rendered":"https:\/\/appelloalpopolo.it\/?p=66284"},"modified":"2021-07-14T15:14:05","modified_gmt":"2021-07-14T13:14:05","slug":"black-lives-matter-una-manipolazione-liberale-e-globalista","status":"publish","type":"post","link":"https:\/\/appelloalpopolo.it\/?p=66284","title":{"rendered":"Black lives matter, una manipolazione liberale e globalista"},"content":{"rendered":"<p style=\"text-align: justify\"><strong>di GEOPOLITICA.RU (S\u00e2a Fran\u00e7ois Sandouno)<\/strong><\/p>\n<p><img loading=\"lazy\" decoding=\"async\" class=\"alignnone size-medium wp-image-66285\" src=\"https:\/\/appelloalpopolo.it\/wp-content\/uploads\/2021\/07\/15-07-18-6leeds_blmdemo_0716-300x236.jpg\" alt=\"\" width=\"300\" height=\"236\" srcset=\"https:\/\/appelloalpopolo.it\/wp-content\/uploads\/2021\/07\/15-07-18-6leeds_blmdemo_0716-300x236.jpg 300w, https:\/\/appelloalpopolo.it\/wp-content\/uploads\/2021\/07\/15-07-18-6leeds_blmdemo_0716-768x605.jpg 768w, https:\/\/appelloalpopolo.it\/wp-content\/uploads\/2021\/07\/15-07-18-6leeds_blmdemo_0716.jpg 1024w\" sizes=\"(max-width: 300px) 100vw, 300px\" \/><\/p>\n<p style=\"text-align: justify\">Nell&#8217;ultimo periodo, abbiamo assistito in Occidente ad un movimento che contesta il razzismo, la negrofobia e le brutalit\u00e0 poliziesche. Sono realt\u00e0 innegabili che sono presenti nelle societ\u00e0 caucasoidi e a cui bisogna opporsi. La negrofobia \u00e8 una realt\u00e0 esistente, ma si tende spesso a criticare le conseguenze di un male, senza analizzarne la causa.<\/p>\n<p style=\"text-align: justify\">Per comprendere la negrofobia, occorre saper analizzare e decostruire un&#8217;ideologia moderna putrefatta, che si \u00e8 proliferata nello spazio e nel tempo, e da sempre cerca di ottenere consensi in seno a quelle che definisce &#8221;minoranze&#8221;, per pianificare ed attuare le sue politiche deleterie. Stiamo parlando del liberalismo. In ogni epoca, in particolare negli Stati Uniti, il liberal-progressista Bianco ha tentato di manipolare l&#8217;Uomo Nero e deviare la sua battaglia iniziale per l&#8217;emancipazione. I vari leader nazionalisti neri del 1900 (stigmatizzati ed ostracizzati dalla corrente benpensante occidentale), tra cui Marcus Mosiah Garvey, Malcolm X o Khalid Abdul Muhammad lo avevano ben capito e, difatti sottolineavano il fatto di come fosse importante e vitale per l&#8217;Uomo Nero, di distanziarsi dalla &#8221;volpe liberale&#8221; che voleva\/vuole presentarsi come un&#8217;alternativa al &#8221;lupo conservatore&#8221;. Non si tratta qui, quando si invoca ci\u00f2, di prendere come barometro o come alleato il conservatore Caucasoide nelle battaglie per l&#8217;emancipazione nera. L&#8217;Uomo Nero dev&#8217;essere nella condizione d&#8217;imporsi una terza opzione, che si basi sull&#8217;autodeterminazione comunitaria e il rifiuto dell&#8217;assimilazionismo (inclusione nel sistema borghese). Stockely Carmichael, Muhammad Al\u00ec o Khalid Muhammad, sono stati il miglior esempio di questa terza opzione che definivano &#8221;Black Power&#8221;. Questo concetto non dev&#8217;essere visto come una supremazia nera inversa. Il concetto di potere nero rimandava negli anni&#8217;60, alla consolidazione di comunit\u00e0 e alla fierezza identitaria nera panafricana.<\/p>\n<p style=\"text-align: justify\">Oggi, ci\u00f2 \u00e8 stato sostituito dal &#8221;Black Lives Matter&#8221;, che quando lo si parafrasa significherebbe &#8221;ehi, Bianchi! La vita dei neri conta!&#8221;. Si \u00e8 passati dall&#8217;autodeterminazione, la consolidazione dell&#8217;identit\u00e0 e della comunit\u00e0, rifiutando l&#8217;assimilazionismo liberale borghese al vittimismo nero e l&#8217;integrazionismo coatto. Quando si parla del movimento Black Lives Matter, \u00e8 comunque doveroso sottolineare e precisare che, alla base era un concetto interno della comunit\u00e0 nera consistente a sostenersi mutualmente. In questo caso, aveva senso. Ma da un buon periodo, il Black Lives Matter (BLM) \u00e8 diventato un hashtag recuperato dalle forze globaliste, soros-iane, e liberal-progressiste che non hanno a cuore la sorte dei Neri. L&#8217;unica direzione che si intende intraprendere \u00e8 quella di servirsi di alcune categorie serbatoio elettorale. Il neoliberalismo sul campo sociale ha quindi manipolato una sofferenza reale nella societ\u00e0 statunitense (ingiustizie sociali, disuguaglianze, negrofobia sistemica, brutalit\u00e0 poliziesche&#8230;), per disorientare una rivolta verso un&#8217;agenda che avrebbe dovuto rovesciare il regime di Trump scomodo , allora, per le forze globaliste. Anche qui, occorre precisare che, Trump in quanto personaggio politico, non \u00e8 in alcun modo l&#8217;amico degli Africani. Ma dato che la geopolitica \u00e8 anche una questione di geostrategia, Trump rappresentava il male necessario (per quanto riguarda gli Africani e gli Afrodiscendenti). Per la finanza internazionale apolide neoliberale, era necessario destabilizzare Trump con rivolte pilotate come fu il caso delle primavere arabe, che di conseguenza avrebbero dovuto far attterrare i voti verso Biden.<\/p>\n<p style=\"text-align: justify\">Analizzando questa situazione, possiamo affermare che l&#8217;anti-razzismo moderno \u00e8 un&#8217;arma creata dai nostri nemici (l&#8217;oligarchia finanziaria apolide), dagli stessi che sono alla base del razzismo esistente e dell&#8217;Umanit\u00e0 gerarchizzata nella sua globalit\u00e0. Il loro obiettivo, da sempre, consiste a deviare la rabbia dei Popoli, servendosi dei Neri pi\u00f9 fragili (afro-globalisti, progressisti neri liberali, afro-politani) e dei Bianchi pi\u00f9 estremisti (l&#8217;alt-right reazionaria e limitata), per impedire che la parte pi\u00f9 povera , sia nera che bianca, insorga contro gli agenti del Capitale, e ponga al centro del dibattito i problemi sociali e geopolitici, che sono la base e l&#8217;essenza del razzismo. Non ci si pu\u00f2 definire anti-razzisti, senza essere anti-capitalisti o anti-liberali, perch\u00e9 come diceva Stockely Carmichael :&#8221; Il razzismo non \u00e8 questione di attitudine, ma di potere.&#8221;<\/p>\n<p style=\"text-align: justify\">Sull&#8217;argomento della lotta anti-razzista, Kemi Seba (presidente-fondatore dell&#8217;ONG Urgences Panafricanistes che coordino in Italia), una delle massime figure della resistenza anti-colonialista in Africa nel XXI secolo, afferma in un&#8217;intervista: &#8216;Noi non ci siamo mai opposti alla lotta del nostro popolo negli Stati Uniti, noi siamo affianco al nostro popolo che lotta contro la discriminazione razziale, contro la violenza della polizia, saremo solidali fino alla morte con questa lotta, quello a cui ci opponiamo \u00e8 la strumentalizzazione delle forze globaliste della sofferenza del nostro popolo ai fini di un progetto intregrazionista, progressista bianco e questo per noi non ha nessun interesse. Non vogliamo progredire sulla strada dell\u2019Occidente, vogliamo la nostra autodeterminazione e vogliamo che ogni popolo possa prendere in mano il suo destino.&#8221; (fonte :https:\/\/www.laluce.news\/2020\/06\/25\/intervista-a-kemi-seba-black-lives-matter-moda-delle-elite-globaliste\/).<\/p>\n<p style=\"text-align: justify\">\n<p style=\"text-align: justify\">Per la comunit\u00e0 afro-diasporica, esistono due alternative vitali come salvezza :<\/p>\n<p style=\"text-align: justify\">\n<p style=\"text-align: justify\">Il ritorno in Africa sul modello garveyista, per lottare per la sovranit\u00e0 africana e la decolonizzazione integrale dinnanzi a forze esogene (l&#8217;imperialismo) e forze endogene (il malgoverno della classe dirigente africana);<\/p>\n<p style=\"text-align: justify\">La costruzione di una comunit\u00e0 diasporica africana forte, coesa ed unita in Occidente, sul modello cinese, pakistano, indiano etc. Non si pu\u00f2 trovare salvezza pensando di assimilarsi in un sistema putrefatto, che in Africa si sta cercando di sradicare definitivamente (ma anche in tutti i territori del mondo che resistono all&#8217;occidentalismo neoliberale per un mondo multipolare).<\/p>\n<p style=\"text-align: justify\">Il razzismo \u00e8 una questione di rapporto di forza. Radicarsi nel proprio paradigma civilizzazionale, contestando e combattendo allo stesso tempo chi alimenta questo razzismo, \u00e8 l&#8217;unico modo per contrastarlo.<\/p>\n<p style=\"text-align: justify\"><strong>Fonte:\u00a0<\/strong><strong><a href=\"https:\/\/www.geopolitica.ru\/it\/article\/black-lives-matter-una-manipolazione-liberale-e-globalista\">https:\/\/www.geopolitica.ru\/it\/article\/black-lives-matter-una-manipolazione-liberale-e-globalista<\/a><\/strong><\/p>\n","protected":false},"excerpt":{"rendered":"<p>di GEOPOLITICA.RU (S\u00e2a Fran\u00e7ois Sandouno) Nell&#8217;ultimo periodo, abbiamo assistito in Occidente ad un movimento che contesta il razzismo, la negrofobia e le brutalit\u00e0 poliziesche. Sono realt\u00e0 innegabili che sono presenti nelle societ\u00e0 caucasoidi e a cui bisogna opporsi. La negrofobia \u00e8 una realt\u00e0 esistente, ma si tende spesso a criticare le conseguenze di un male, senza analizzarne la causa. Per comprendere la negrofobia, occorre saper analizzare e decostruire un&#8217;ideologia moderna putrefatta, che si \u00e8 proliferata&#46;&#46;&#46;<\/p>\n","protected":false},"author":95,"featured_media":66286,"comment_status":"open","ping_status":"open","sticky":false,"template":"","format":"standard","meta":{"jetpack_post_was_ever_published":false,"_jetpack_newsletter_access":"","_jetpack_dont_email_post_to_subs":false,"_jetpack_newsletter_tier_id":0,"_jetpack_memberships_contains_paywalled_content":false,"_jetpack_memberships_contains_paid_content":false,"footnotes":"","jetpack_publicize_message":"","jetpack_publicize_feature_enabled":true,"jetpack_social_post_already_shared":true,"jetpack_social_options":{"image_generator_settings":{"template":"highway","enabled":false},"version":2}},"categories":[32],"tags":[],"jetpack_publicize_connections":[],"jetpack_featured_media_url":"https:\/\/appelloalpopolo.it\/wp-content\/uploads\/2021\/07\/download-4.jpeg","jetpack_sharing_enabled":true,"jetpack_shortlink":"https:\/\/wp.me\/p7ZaJ4-hf6","_links":{"self":[{"href":"https:\/\/appelloalpopolo.it\/index.php?rest_route=\/wp\/v2\/posts\/66284"}],"collection":[{"href":"https:\/\/appelloalpopolo.it\/index.php?rest_route=\/wp\/v2\/posts"}],"about":[{"href":"https:\/\/appelloalpopolo.it\/index.php?rest_route=\/wp\/v2\/types\/post"}],"author":[{"embeddable":true,"href":"https:\/\/appelloalpopolo.it\/index.php?rest_route=\/wp\/v2\/users\/95"}],"replies":[{"embeddable":true,"href":"https:\/\/appelloalpopolo.it\/index.php?rest_route=%2Fwp%2Fv2%2Fcomments&post=66284"}],"version-history":[{"count":1,"href":"https:\/\/appelloalpopolo.it\/index.php?rest_route=\/wp\/v2\/posts\/66284\/revisions"}],"predecessor-version":[{"id":66287,"href":"https:\/\/appelloalpopolo.it\/index.php?rest_route=\/wp\/v2\/posts\/66284\/revisions\/66287"}],"wp:featuredmedia":[{"embeddable":true,"href":"https:\/\/appelloalpopolo.it\/index.php?rest_route=\/wp\/v2\/media\/66286"}],"wp:attachment":[{"href":"https:\/\/appelloalpopolo.it\/index.php?rest_route=%2Fwp%2Fv2%2Fmedia&parent=66284"}],"wp:term":[{"taxonomy":"category","embeddable":true,"href":"https:\/\/appelloalpopolo.it\/index.php?rest_route=%2Fwp%2Fv2%2Fcategories&post=66284"},{"taxonomy":"post_tag","embeddable":true,"href":"https:\/\/appelloalpopolo.it\/index.php?rest_route=%2Fwp%2Fv2%2Ftags&post=66284"}],"curies":[{"name":"wp","href":"https:\/\/api.w.org\/{rel}","templated":true}]}}