{"id":68030,"date":"2021-10-22T09:00:54","date_gmt":"2021-10-22T07:00:54","guid":{"rendered":"https:\/\/appelloalpopolo.it\/?p=68030"},"modified":"2021-10-22T08:55:52","modified_gmt":"2021-10-22T06:55:52","slug":"iraq-le-sfide-immani-che-moqtada-al-sadr-ha-di-fronte","status":"publish","type":"post","link":"https:\/\/appelloalpopolo.it\/?p=68030","title":{"rendered":"Iraq: le sfide immani che Moqtada al-Sadr ha di fronte"},"content":{"rendered":"<p><strong>da ELIJAH MAGNIER<\/strong><\/p>\n<p>&nbsp;<\/p>\n<figure class=\"wp-block-image size-full\"><a href=\"https:\/\/i2.wp.com\/ejmagnier.com\/wp-content\/uploads\/2021\/10\/FBcqQeqXIAY3tQR.jpeg?ssl=1\"><img loading=\"lazy\" decoding=\"async\" class=\"wp-image-17511 jetpack-lazy-image jetpack-lazy-image--handled\" src=\"https:\/\/i2.wp.com\/ejmagnier.com\/wp-content\/uploads\/2021\/10\/FBcqQeqXIAY3tQR.jpeg?resize=1000%2C750&amp;ssl=1\" alt=\"\" width=\"1000\" height=\"750\" data-attachment-id=\"17511\" data-permalink=\"https:\/\/ejmagnier.com\/2021\/10\/22\/des-defis-extraordinaires-sur-le-plan-international-attendent-moqtada-al-sadr-en-iraq-3-3\/fbcqqeqxiay3tqr\/\" data-orig-file=\"https:\/\/i2.wp.com\/ejmagnier.com\/wp-content\/uploads\/2021\/10\/FBcqQeqXIAY3tQR.jpeg?fit=1024%2C768&amp;ssl=1\" data-orig-size=\"1024,768\" data-comments-opened=\"1\" data-image-meta=\"{&quot;aperture&quot;:&quot;0&quot;,&quot;credit&quot;:&quot;&quot;,&quot;camera&quot;:&quot;&quot;,&quot;caption&quot;:&quot;&quot;,&quot;created_timestamp&quot;:&quot;0&quot;,&quot;copyright&quot;:&quot;&quot;,&quot;focal_length&quot;:&quot;0&quot;,&quot;iso&quot;:&quot;0&quot;,&quot;shutter_speed&quot;:&quot;0&quot;,&quot;title&quot;:&quot;&quot;,&quot;orientation&quot;:&quot;0&quot;}\" data-image-title=\"FBcqQeqXIAY3tQR\" data-image-description=\"\" data-image-caption=\"\" data-medium-file=\"https:\/\/i2.wp.com\/ejmagnier.com\/wp-content\/uploads\/2021\/10\/FBcqQeqXIAY3tQR.jpeg?fit=300%2C225&amp;ssl=1\" data-large-file=\"https:\/\/i2.wp.com\/ejmagnier.com\/wp-content\/uploads\/2021\/10\/FBcqQeqXIAY3tQR.jpeg?fit=1000%2C750&amp;ssl=1\" data-recalc-dims=\"1\" data-lazy-loaded=\"1\" \/><\/a><\/figure>\n<p>&nbsp;<\/p>\n<p>Ci vorr\u00e0 un po\u2019 di tempo prima che la nuova realt\u00e0 espressa dalle elezioni parlamentari risulti evidente e porti alla luce del sole quei sorprendenti risultati che impongono di ridisegnare le alleanze che avranno il compito di definire gli obbiettivi del nuovo primo ministro. E comunque vada, indubbiamente il capo del movimento sadrista, Sayed Moqtada al-Sadr, si presenta con un piano d\u2019azione che difficilmente potr\u00e0 realizzarsi. Tutte le sue sfide comportano complicazioni non indifferenti. I prossimi quattro anni, sempre che riesca a guidare una coalizione con un sufficiente numero di membri del parlamento, potrebbero non bastare a risolverle, sia nel paese che in campo internazionale. Va inoltre ricordato che recentemente sono stati in molti quelli che hanno contestato i risultati delle elezioni senza necessariamente chiederne l\u2019annullamento. Ci\u00f2 nonostante le sfide regionali e globali non andranno molto lontano, indipendentemente dalla decisione ufficiale di riconoscere i risultati e procedere quindi con la scelta del primo ministro.<\/p>\n<p>Le sfide esterne che attendono l\u2019Iraq sono complesse e influenzano Baghdad e le citt\u00e0 vicine\u00a0\u00a0mentre si attendono gli esiti delle consultazioni. Parliamo del ritiro delle truppe da combattimento statunitensi, delle forze di occupazione turche nel Kurdistan iracheno, della ricerca di solide relazioni con l\u2019Arabia Saudita e l\u2019Iran e dello sforzo per stabilire un necessario equilibrio nelle relazioni con quei paesi in guerra che hanno influenza in Iraq.<\/p>\n<p>Ma la domanda cruciale che si impone all\u2019attenzione \u00e8: i leader mediorientali e occidentali avranno fiducia nei rapporti con il capo del movimento sadrista dominante in Parlamento? E i\u00a0\u00a0leader dell\u2019Occidente si fideranno degli accordi fatti con Moqtada se e quando diventer\u00e0 l\u2019artefice delle decisioni in Iraq?<\/p>\n<p>Al-Sadr non potr\u00e0 formare un nuovo governo senza un\u2019alleanza con gli altri gruppi sciiti (inclusi i suoi nemici politici) o con i sunniti e i curdi. In realt\u00e0 il suo desiderio e il suo progetto \u00e8 quello di\u00a0\u00a0unirsi con i gruppi che detengono la maggioranza di membri del parlamento per poter avere 165 seggi, anche se le sue aspirazioni non possono essere messe in pratica tanto facilmente. Infatti se collabora con i gruppi sciiti la sua posizione nei confronti dei sunniti e dei curdi sar\u00e0 molto pi\u00f9 forte, ma per poterlo fare dovr\u00e0 andare incontro alle loro richieste. Se invece escluder\u00e0 i gruppi sciiti il leader sadrista non potr\u00e0 contare sulla copertura dell\u2019area politica sciita, una condizione necessaria se fa un governo solo con i sunniti e i curdi. Queste sono le possibilit\u00e0 che gli assicurerebbero quella maggioranza che occorre per formare un governo ( con in pi\u00f9 una dozzina di membri di altri gruppi minori). In entrambi i casi dovr\u00e0 scendere a patti, contrariamente a quanto aveva annunciato in precedenza. Dovr\u00e0\u00a0\u00a0ammorbidire la sua posizione su questioni importanti, fare dei compromessi e avere un approccio pi\u00f9 flessibile come i suoi nuovi partners, i sunniti e i curdi o (negoziando con i gruppi sciiti) cercare di ridimensionare le loro pretese.<\/p>\n<p>Tradotto da A.C.<\/p>\n<p>&nbsp;<\/p>\n<p><strong>FONTE:\u00a0 <a href=\"https:\/\/ejmagnier.com\/2021\/10\/22\/%ef%bf%bc\/\">https:\/\/ejmagnier.com\/2021\/10\/22\/%ef%bf%bc\/<\/a><\/strong><\/p>\n","protected":false},"excerpt":{"rendered":"<p>da ELIJAH MAGNIER &nbsp; &nbsp; Ci vorr\u00e0 un po\u2019 di tempo prima che la nuova realt\u00e0 espressa dalle elezioni parlamentari risulti evidente e porti alla luce del sole quei sorprendenti risultati che impongono di ridisegnare le alleanze che avranno il compito di definire gli obbiettivi del nuovo primo ministro. E comunque vada, indubbiamente il capo del movimento sadrista, Sayed Moqtada al-Sadr, si presenta con un piano d\u2019azione che difficilmente potr\u00e0 realizzarsi. Tutte le sue sfide&#46;&#46;&#46;<\/p>\n","protected":false},"author":107,"featured_media":67493,"comment_status":"open","ping_status":"open","sticky":false,"template":"","format":"standard","meta":{"jetpack_post_was_ever_published":false,"_jetpack_newsletter_access":"","_jetpack_dont_email_post_to_subs":false,"_jetpack_newsletter_tier_id":0,"_jetpack_memberships_contains_paywalled_content":false,"_jetpack_memberships_contains_paid_content":false,"footnotes":"","jetpack_publicize_message":"","jetpack_publicize_feature_enabled":true,"jetpack_social_post_already_shared":true,"jetpack_social_options":{"image_generator_settings":{"template":"highway","enabled":false},"version":2}},"categories":[32],"tags":[],"jetpack_publicize_connections":[],"jetpack_featured_media_url":"https:\/\/appelloalpopolo.it\/wp-content\/uploads\/2021\/09\/elijah.jpg","jetpack_sharing_enabled":true,"jetpack_shortlink":"https:\/\/wp.me\/p7ZaJ4-hHg","_links":{"self":[{"href":"https:\/\/appelloalpopolo.it\/index.php?rest_route=\/wp\/v2\/posts\/68030"}],"collection":[{"href":"https:\/\/appelloalpopolo.it\/index.php?rest_route=\/wp\/v2\/posts"}],"about":[{"href":"https:\/\/appelloalpopolo.it\/index.php?rest_route=\/wp\/v2\/types\/post"}],"author":[{"embeddable":true,"href":"https:\/\/appelloalpopolo.it\/index.php?rest_route=\/wp\/v2\/users\/107"}],"replies":[{"embeddable":true,"href":"https:\/\/appelloalpopolo.it\/index.php?rest_route=%2Fwp%2Fv2%2Fcomments&post=68030"}],"version-history":[{"count":2,"href":"https:\/\/appelloalpopolo.it\/index.php?rest_route=\/wp\/v2\/posts\/68030\/revisions"}],"predecessor-version":[{"id":68032,"href":"https:\/\/appelloalpopolo.it\/index.php?rest_route=\/wp\/v2\/posts\/68030\/revisions\/68032"}],"wp:featuredmedia":[{"embeddable":true,"href":"https:\/\/appelloalpopolo.it\/index.php?rest_route=\/wp\/v2\/media\/67493"}],"wp:attachment":[{"href":"https:\/\/appelloalpopolo.it\/index.php?rest_route=%2Fwp%2Fv2%2Fmedia&parent=68030"}],"wp:term":[{"taxonomy":"category","embeddable":true,"href":"https:\/\/appelloalpopolo.it\/index.php?rest_route=%2Fwp%2Fv2%2Fcategories&post=68030"},{"taxonomy":"post_tag","embeddable":true,"href":"https:\/\/appelloalpopolo.it\/index.php?rest_route=%2Fwp%2Fv2%2Ftags&post=68030"}],"curies":[{"name":"wp","href":"https:\/\/api.w.org\/{rel}","templated":true}]}}