{"id":68388,"date":"2021-11-09T09:58:22","date_gmt":"2021-11-09T08:58:22","guid":{"rendered":"https:\/\/appelloalpopolo.it\/?p=68388"},"modified":"2021-11-08T09:59:49","modified_gmt":"2021-11-08T08:59:49","slug":"un-custode-per-la-costituzione","status":"publish","type":"post","link":"https:\/\/appelloalpopolo.it\/?p=68388","title":{"rendered":"Un custode per la Costituzione?"},"content":{"rendered":"<p><strong>Di La Fionda (Dante Valitutti)<\/strong><\/p>\n<p style=\"text-align: justify\">L\u2019attenzione crescente dei media \u2013 grande stampa e tv \u2013 nelle ultime settimane per le elezioni per il rinnovo della Presidenza con la scelta del successore di Mattarella pu\u00f2 spiegarsi solo intendendo tale attenzione non solo come mera curiosit\u00e0 giornalistica verso un rito istituzionale che si ripete, come una cerimonia laica, ogni sette anni, dalla nascita della nostra Repubblica, ma come la presa di coscienza di una fase di passaggio per molti aspetti decisiva per il nostro assetto costituzionale.<\/p>\n<p style=\"text-align: justify\">Eh s\u00ec, perch\u00e9 quello che molti, in questi giorni, ventilano, presupponendo un passaggio pi\u00f9 o meno indolore del nostro attuale presidente del consiglio verso il colle pi\u00f9 famoso di Roma, \u00e8 l\u2019antefatto possibile di un mutamento sostanziale della nostra forma di stato: da una repubblica parlamentare, in cui chiari e distinti sono i ruoli di governo e quelli di garanzia, a un semipresidenzialismo di fatto in cui al contrario ruoli di governo e ruoli di garanzia tendono a sovrapporsi in un gioco alquanto pericoloso per la tenuta degli equilibri democratici.<\/p>\n<p style=\"text-align: justify\">Non si pensi che quella indicata sia solo un\u2019esagerazione: l\u2019ascesa di una personalit\u00e0 dal carisma di Draghi alla presidenza della Repubblica potrebbe \u2013 e non siamo i soli a sostenerlo \u2013 allargare a dismisura il perimetro delle funzioni presidenziali, tale da rendere la presidenza stessa organo politicamente \u2013 e istituzionalmente \u2013 \u201cipertrofico\u201d nella trama dei poteri dello Stato.<\/p>\n<p style=\"text-align: justify\">In fondo, come alcuni un po\u2019 malignamente gi\u00e0 penseranno, quanto appena evocato altro non sarebbe che l\u2019esito conclusivo di un lungo processo di cambiamento coatto che ha investito negli ultimi 15 anni la figura del nostro presidente della Repubblica, figura sempre pi\u00f9 centrale non solo come garante della Carta fondamentale, ma anche come \u2018custode nascosto\u2019 delle funzioni di governo. Insomma, se, come insegna la scienza costituzionalistica, l\u2019inquilino del Colle finora vedeva aumentati, quasi fosse un movimento \u2018a fisarmonica\u2019, i propri poteri in virt\u00f9 delle crisi politiche che hanno via via investito il nostro sistema dei partiti, di fatto supplendo egli stesso all\u2019assenza della politica nelle fasi pi\u00f9 buie degli ultimi due decenni, ora il rischio con l\u2019ascesa di Draghi \u2013 o di una figura come Draghi \u2013 \u00e8 che dalla fisarmonica si passi direttamente al piano del solista, ovvero, fuor di metafora, che alla presidenza (della Repubblica) siano affidate (quasi) tutte le prerogative che la costituzione assegna ai nostri organi sovrani.<\/p>\n<p style=\"text-align: justify\">\u00c8 un rischio che chi scrive avverte e che \u00e8 indubbiamente sul tappeto, e per descriverlo, in qualche modo, \u2013 e volando alto \u2013 possono finanche richiamarsi le pagine schmittiane sul \u201cCustode della Costituzione\u201d, pagine tutte pensate e scritte contra Kelsen e in prospettiva della \u2018celebrazione\u2019 della figura del Presidente Hindenburg come figura centrale della repubblica di Weimar.<\/p>\n<p style=\"text-align: justify\">Ebbene, nell\u2019indicare proprio quelle pagine si vuole suggerire dopotutto prudenza: prudenza verso il pericolo di mutamenti istituzionali a costituzione invariata, prudenza verso la tenuta dell\u2019equilibrio istituzionale cos\u00ec faticosamente tratteggiato dai costituenti, prudenza verso la presa di soluzioni politiche semplici ma forse troppo liquidative della \u2018complessit\u00e0\u2019 ovvero del confronto (e del conflitto) democratico.<\/p>\n<p style=\"text-align: justify\">La prudenza \u00e8 la virt\u00f9 dei forti, dice il proverbio e questo vale ancor di pi\u00f9 per debolezza della politica e delle istituzioni in questa infinita crisi pandemica.<\/p>\n<p><strong>Fonte: https:\/\/www.lafionda.org\/2021\/11\/08\/un-monarca-per-la-repubblica\/<\/strong><\/p>\n","protected":false},"excerpt":{"rendered":"<p>Di La Fionda (Dante Valitutti) L\u2019attenzione crescente dei media \u2013 grande stampa e tv \u2013 nelle ultime settimane per le elezioni per il rinnovo della Presidenza con la scelta del successore di Mattarella pu\u00f2 spiegarsi solo intendendo tale attenzione non solo come mera curiosit\u00e0 giornalistica verso un rito istituzionale che si ripete, come una cerimonia laica, ogni sette anni, dalla nascita della nostra Repubblica, ma come la presa di coscienza di una fase di passaggio&#46;&#46;&#46;<\/p>\n","protected":false},"author":105,"featured_media":58069,"comment_status":"open","ping_status":"open","sticky":false,"template":"","format":"standard","meta":{"jetpack_post_was_ever_published":false,"_jetpack_newsletter_access":"","_jetpack_dont_email_post_to_subs":false,"_jetpack_newsletter_tier_id":0,"_jetpack_memberships_contains_paywalled_content":false,"_jetpack_memberships_contains_paid_content":false,"footnotes":"","jetpack_publicize_message":"","jetpack_publicize_feature_enabled":true,"jetpack_social_post_already_shared":true,"jetpack_social_options":{"image_generator_settings":{"template":"highway","enabled":false},"version":2}},"categories":[32],"tags":[],"jetpack_publicize_connections":[],"jetpack_featured_media_url":"https:\/\/appelloalpopolo.it\/wp-content\/uploads\/2020\/04\/La_Fionda.png","jetpack_sharing_enabled":true,"jetpack_shortlink":"https:\/\/wp.me\/p7ZaJ4-hN2","_links":{"self":[{"href":"https:\/\/appelloalpopolo.it\/index.php?rest_route=\/wp\/v2\/posts\/68388"}],"collection":[{"href":"https:\/\/appelloalpopolo.it\/index.php?rest_route=\/wp\/v2\/posts"}],"about":[{"href":"https:\/\/appelloalpopolo.it\/index.php?rest_route=\/wp\/v2\/types\/post"}],"author":[{"embeddable":true,"href":"https:\/\/appelloalpopolo.it\/index.php?rest_route=\/wp\/v2\/users\/105"}],"replies":[{"embeddable":true,"href":"https:\/\/appelloalpopolo.it\/index.php?rest_route=%2Fwp%2Fv2%2Fcomments&post=68388"}],"version-history":[{"count":1,"href":"https:\/\/appelloalpopolo.it\/index.php?rest_route=\/wp\/v2\/posts\/68388\/revisions"}],"predecessor-version":[{"id":68389,"href":"https:\/\/appelloalpopolo.it\/index.php?rest_route=\/wp\/v2\/posts\/68388\/revisions\/68389"}],"wp:featuredmedia":[{"embeddable":true,"href":"https:\/\/appelloalpopolo.it\/index.php?rest_route=\/wp\/v2\/media\/58069"}],"wp:attachment":[{"href":"https:\/\/appelloalpopolo.it\/index.php?rest_route=%2Fwp%2Fv2%2Fmedia&parent=68388"}],"wp:term":[{"taxonomy":"category","embeddable":true,"href":"https:\/\/appelloalpopolo.it\/index.php?rest_route=%2Fwp%2Fv2%2Fcategories&post=68388"},{"taxonomy":"post_tag","embeddable":true,"href":"https:\/\/appelloalpopolo.it\/index.php?rest_route=%2Fwp%2Fv2%2Ftags&post=68388"}],"curies":[{"name":"wp","href":"https:\/\/api.w.org\/{rel}","templated":true}]}}