{"id":68806,"date":"2021-11-26T08:55:41","date_gmt":"2021-11-26T07:55:41","guid":{"rendered":"https:\/\/appelloalpopolo.it\/?p=68806"},"modified":"2021-11-26T08:55:41","modified_gmt":"2021-11-26T07:55:41","slug":"elezioni-in-argentina-anche-se-i-comunisti-ci-sono-meglio-cancellarli","status":"publish","type":"post","link":"https:\/\/appelloalpopolo.it\/?p=68806","title":{"rendered":"Elezioni in Argentina: anche se i comunisti ci sono meglio cancellarli"},"content":{"rendered":"<p><strong>da LA CITTA&#8217; FUTURA (Alessandra Ciattini)<\/strong><\/p>\n<p>&nbsp;<\/p>\n<div class=\"itemImageBlock clearfix\"><span class=\"itemImage\"> <img decoding=\"async\" src=\"https:\/\/www.lacittafutura.it\/media\/k2\/items\/cache\/e054be95ee5e86d00256743563d9615d_XL.jpg\" alt=\"Elezioni in Argentina: anche se i comunisti ci sono meglio cancellarli\" \/> <\/span><\/p>\n<div class=\"clr\"><\/div>\n<\/div>\n<div class=\"itemFullText\">\n<p><b>Per i media occidentali <\/b>l\u2019opposizione in Russia \u00e8 rappresentata dallo xenofobo Alexei Navalny, attualmente in prigione, <b>l\u2019esistenza di un partito comunista che ha quasi il 20%<\/b> \u2013 in certe regioni addirittura il 30% dei voti \u2013 <b>non fa notizia<\/b>. Lo stesso vale per le recenti elezioni argentine, in cui il <b>Frente de Izquierda y de los Trabajadores Unidad <\/b>ha raccolto pi\u00f9 di un milione e 300mila voti, divenendo la <b>terza forza politica del paese<\/b>. Si tratta di una coalizione collegata alla tradizione trotskista assai forte nel paese, composta dal Partito Socialista dei Lavoratori (Pts), dal Partito Operaio (Po), dalla Sinistra Socialista (Is) e dal Mst. Per esempio, presentando le elezioni come una lotta tra il peronista Frente de Todos e il conservatore Juntos por el Cambio, legati a quel figuro di Macri, \u201c<a href=\"https:\/\/www.repubblica.it\/esteri\/2021\/11\/15\/news\/argentina_elezioni_medio_termine_governo_perde_maggioranza_al_senato-326408136\/\">la Repubblica<\/a>\u201d scrive: \u201cLe elezioni legislative di medio termine svoltesi in Argentina hanno confermato il verdetto delle \u00abprimarie\u00bb di due mesi fa, favorevoli all\u2019opposizione di centrodestra guidata da Juntos por el Cambio (Jxc), per cui il governo del presidente\u00a0Alberto Fern\u00e0ndez\u00a0ha perso la maggioranza che aveva al Senato\u201d. A mo\u2019 di commento aggiunge che: \u201cDi fronte al risultato elettorale, il presidente argentino ha invitato l\u2019opposizione al dialogo, affermando che un\u2019opposizione responsabile aperta al dialogo \u00e8 un\u2019opposizione patriottica\u201d.<\/p>\n<p>Ovviamente Fernand\u00e9z pensa al gravissimo problema del debito con il Fondo monetario e non solo, e non vuole portare avanti da solo il famoso <i>ajuste<\/i> (tagli, come del resto sta gi\u00e0 facendo), che gli alienerebbe ulteriori simpatie. Sembrerebbe che questo progetto sia condiviso anche dai dirigenti sindacali, che hanno organizzato una prossima marcia a sostegno del governo. A questa iniziativa ha risposto immediatamente il Fit-U, convocando tutte le organizzazioni operaie e popolari a mobilizzarsi per contrastare il cedimento al Fm, che aumenterebbe ancora di pi\u00f9 la povert\u00e0 che regna nel paese.<\/p>\n<p>Naturalmente il <b>Frente de Izquierda \u00e8 contro il pagamento del debito<\/b>, la cui illegittimit\u00e0 \u00e8 evidente, essendo stato usato in gran parte per la campagna elettorale di Macri, e propone politiche a vantaggio dei lavoratori, dei precari, soprattutto giovani, in un paese in cui la pandemia avanza e l\u2019inflazione supera il 50%.<\/p>\n<p>Un discorso a parte deve essere fatto per \u201c<a href=\"https:\/\/actualidad.rt.com\/opinion\/cecilia-gonzalez\/410387-resultados-elecciones-legislativas-argentina-rumbo-presidenciales\">Rt\u201d (Russia Today),<\/a> la quale fa un discorso pi\u00f9 ampio su questa vicenda che avr\u00e0 ripercussioni su tutta l\u2019America Latina, mettendo in evidenza che \u00e8 assai <b>preoccupante la quantit\u00e0 di voti ottenuti dal partito La Libertad<\/b>, i cui membri si definiscono libertari, ma sono dei veri e propri <b>fascisti <\/b>e difensori della dittatura militare. Uno di loro \u00e8 <b>Javier Milei, <\/b>economista <i>de ultraderecha de 51 a\u00f1os<\/i>, <b>ammiratore di Donald Trump <\/b><b><i>y<\/i><\/b><b> Jair Bolsonaro<\/b>, che guadagna un seggio nella Camera dei Deputati, avendo conquistato il 17 % dei voti nella Citt\u00e0 di Buenos Aires. I politici di questo partito disprezzano i diritti umani, il femminismo, combattono il ruolo dello Stato, cui contrappongono l\u2019autonomia dei mercati e l\u2019individualismo; inoltre, negano il valore positivo della scienza, sono classisti, razzisti e ostili verso gli immigrati. Insomma, una <b>destra reazionaria<\/b> classica e che non ha paura di divulgare apertamente i suoi obiettivi. Milei non nasconde neppure la volont\u00e0 di presentarsi alle elezioni presidenziali del 2023, anche se il suo partito \u00e8 scarsamente radicato nelle varie regioni del paese.<\/p>\n<p><b>\u201cRt\u201d d\u00e0 anche spazio al Frente de Izquierda y de los Trabajadores Unidad<\/b>, che \u00e8 riuscito a far eleggere quattro deputati nazionali, tra i quali emerge Alejandro Vilca (Pts), di origine <b>indigena <\/b>che fa il raccoglitore della immondizia e che nella sua provincia natale di Jujuy <b>ha raggiunto il 25% <\/b>dei voti. Un vero trionfo.<\/p>\n<p>Nella provincia di Buenos Aires sono stati eletti deputati Nicol\u00e1s del Ca\u00f1o (Pts) y Romina del Pl\u00e1 (Po), nella Citt\u00e0 di Buenos Aires, invece, ha conquistato per la prima volta un seggio Myriam Bregmam (Pts). \u00a0Pertanto, la sinistra ottiene <b>quattro deputati nazionali<\/b>, i cui seggi saranno usati per tenere alto il livello delle lotte. Inoltre, per la citt\u00e0 di Buenos Aires, sono stati eletti come deputati provinciali Gabriel Solano (Po) e Alejandrina Barry (Pts). Mentre nella provincia di Buenos Aires, Guillermo Kane e Graciela Calder\u00f3n saranno legislatori provinciali per la Terza Sezione, insieme a decine di consiglieri locali nelle varie circoscrizioni. A questo punto \u00e8 necessario aprire una parentesi, in quanto \u00e8 importante chiedersi dove condurr\u00e0 la Russia la contraddizione tra la sua politica antioccidentale simpatizzante anche con la sinistra (si veda anche il noto programma Ahi les va e la sua politica internazionale) e il suo tipo di regime capitalistico e oligarchico? Sarebbe interessante indagare anche su questo tema. Tornando alle elezioni argentine, il voto al<b> Fit-U ha riunito il malcontento <\/b>di quei settori che nel 2019 pensavano di scacciare Macri e la sua politica antipopolare, ma sono rimasti delusi. Oggi che il Fit-U costituisce la terza forza politica del paese ha certo un maggiore vigore per lottare sul piano sindacale (propone una giornata lavorativa di 6 ore per 5 giorni la settimana e un salario adeguato alla vita dignitosa di una famiglia), ambientale (contro l\u2019agro negozio e lo sfruttamento sconsiderato del suolo), per i diritti sociali e civili. In definitiva in Argentina si \u00e8 configurata una terza forza, che certo <b>deve crescere<\/b> e confliggere con le altre due forze antipopolari, <b>guadagnandosi il ruolo di alternativa ai progetti<\/b> di ulteriore ristrutturazione <b>neoliberale<\/b>.<\/p>\n<\/div>\n<p>&nbsp;<\/p>\n<p><strong>FONTE:\u00a0 <a href=\"https:\/\/www.lacittafutura.it\/esteri\/elezioni-in-argentina-anche-se-i-comunisti-ci-sono-meglio-cancellarli\">https:\/\/www.lacittafutura.it\/esteri\/elezioni-in-argentina-anche-se-i-comunisti-ci-sono-meglio-cancellarli<\/a><\/strong><\/p>\n<p>&nbsp;<\/p>\n","protected":false},"excerpt":{"rendered":"<p>da LA CITTA&#8217; FUTURA (Alessandra Ciattini) &nbsp; Per i media occidentali l\u2019opposizione in Russia \u00e8 rappresentata dallo xenofobo Alexei Navalny, attualmente in prigione, l\u2019esistenza di un partito comunista che ha quasi il 20% \u2013 in certe regioni addirittura il 30% dei voti \u2013 non fa notizia. Lo stesso vale per le recenti elezioni argentine, in cui il Frente de Izquierda y de los Trabajadores Unidad ha raccolto pi\u00f9 di un milione e 300mila voti, divenendo&#46;&#46;&#46;<\/p>\n","protected":false},"author":107,"featured_media":47798,"comment_status":"open","ping_status":"open","sticky":false,"template":"","format":"standard","meta":{"jetpack_post_was_ever_published":false,"_jetpack_newsletter_access":"","_jetpack_dont_email_post_to_subs":false,"_jetpack_newsletter_tier_id":0,"_jetpack_memberships_contains_paywalled_content":false,"_jetpack_memberships_contains_paid_content":false,"footnotes":"","jetpack_publicize_message":"","jetpack_publicize_feature_enabled":true,"jetpack_social_post_already_shared":true,"jetpack_social_options":{"image_generator_settings":{"template":"highway","enabled":false},"version":2}},"categories":[32],"tags":[],"jetpack_publicize_connections":[],"jetpack_featured_media_url":"https:\/\/appelloalpopolo.it\/wp-content\/uploads\/2019\/01\/la-citt\u00e0-futura.jpg","jetpack_sharing_enabled":true,"jetpack_shortlink":"https:\/\/wp.me\/p7ZaJ4-hTM","_links":{"self":[{"href":"https:\/\/appelloalpopolo.it\/index.php?rest_route=\/wp\/v2\/posts\/68806"}],"collection":[{"href":"https:\/\/appelloalpopolo.it\/index.php?rest_route=\/wp\/v2\/posts"}],"about":[{"href":"https:\/\/appelloalpopolo.it\/index.php?rest_route=\/wp\/v2\/types\/post"}],"author":[{"embeddable":true,"href":"https:\/\/appelloalpopolo.it\/index.php?rest_route=\/wp\/v2\/users\/107"}],"replies":[{"embeddable":true,"href":"https:\/\/appelloalpopolo.it\/index.php?rest_route=%2Fwp%2Fv2%2Fcomments&post=68806"}],"version-history":[{"count":1,"href":"https:\/\/appelloalpopolo.it\/index.php?rest_route=\/wp\/v2\/posts\/68806\/revisions"}],"predecessor-version":[{"id":68807,"href":"https:\/\/appelloalpopolo.it\/index.php?rest_route=\/wp\/v2\/posts\/68806\/revisions\/68807"}],"wp:featuredmedia":[{"embeddable":true,"href":"https:\/\/appelloalpopolo.it\/index.php?rest_route=\/wp\/v2\/media\/47798"}],"wp:attachment":[{"href":"https:\/\/appelloalpopolo.it\/index.php?rest_route=%2Fwp%2Fv2%2Fmedia&parent=68806"}],"wp:term":[{"taxonomy":"category","embeddable":true,"href":"https:\/\/appelloalpopolo.it\/index.php?rest_route=%2Fwp%2Fv2%2Fcategories&post=68806"},{"taxonomy":"post_tag","embeddable":true,"href":"https:\/\/appelloalpopolo.it\/index.php?rest_route=%2Fwp%2Fv2%2Ftags&post=68806"}],"curies":[{"name":"wp","href":"https:\/\/api.w.org\/{rel}","templated":true}]}}