{"id":68868,"date":"2021-11-30T09:00:07","date_gmt":"2021-11-30T08:00:07","guid":{"rendered":"https:\/\/appelloalpopolo.it\/?p=68868"},"modified":"2021-11-29T21:14:03","modified_gmt":"2021-11-29T20:14:03","slug":"le-storie-dei-400-ricercatori-precari-del-cnr-che-rischiano-di-essere-lasciati-a-casa-nellincertezza-da-15-anni-in-pericolo-anche-la-sfida-del-pnrr","status":"publish","type":"post","link":"https:\/\/appelloalpopolo.it\/?p=68868","title":{"rendered":"Le storie dei 400 ricercatori precari del Cnr che rischiano di essere lasciati a casa: \u201cNell\u2019incertezza da 15 anni, in pericolo anche la sfida del Pnrr\u201d"},"content":{"rendered":"<p><strong>di ILFATTOQUOTIDIANO (Alberto Sofia)<\/strong><\/p>\n<p>&nbsp;<\/p>\n<p>C\u2019\u00e8 chi \u00e8 rientrato da esperienze da ricercatore all\u2019estero, per poi finire per anni nel\u00a0<b>precariato<\/b>. Chi si \u00e8 dovuto accontentare di\u00a0<b>assegni rinnovati anno dopo anno<\/b>, a volte di mese in mese, anche da oltre dieci anni senza alcuna garanzia sul proprio futuro. Chi lavora su\u00a0<b>tematiche ambientali<\/b>, di protezione dal rischio sismico o idrogeologico. O si occupa di\u00a0<b>energie rinnovabili<\/b>\u00a0e sta gi\u00e0 lavorando su\u00a0<b>progetti del Piano nazionale di ripresa e resilienza<\/b>. Tutti,\u00a0<b>circa 400 lavoratori<\/b>, pur\u00a0<b>avendo vinto un concorso<\/b>\u00a0e risultando idonei alla stabilizzazione, condividono per\u00f2 ora il rischio di\u00a0<b>restare tagliati fuori\u00a0<\/b>dal\u00a0<b>Consiglio nazionale delle ricerche<\/b>\u00a0(<b>Cnr<\/b>), il maggiore centro di ricerca pubblico d\u2019Italia oggi presieduto dall\u2019ex ministra<strong>\u00a0Maria Chiara Carrozza<\/strong>. Da oltre dieci giorni nuovamente occupato dagli stessi ricercatori precari, oggi di fronte al Miur per un\u00a0<i>flash mob\u00a0<\/i>per chiedere che sia completato il percorso di assunzione.<\/p>\n<div>Anche perch\u00e9\u00a0<b>i soldi per le stabilizzazioni sono gi\u00e0 stati stanziati<\/b>. Ma, spiegano i lavoratori precari in mobilitazione, \u201cgli attuali vertici dell\u2019ente non vogliono utilizzarli e non ne capiamo il motivo\u201d. Tutto mentre denunciano pure un continuo\u00a0<b>rimpallo delle responsabilit\u00e0<\/b>\u00a0tra Ministero e lo stesso Consiglio Nazionale delle Ricerche. \u201cPer spendere parte dei fondi del Rilancia Italia per completare il processo di stabilizzazione non serve l\u2019autorizzazione, ma solo forza di volont\u00e0\u201d, hanno rilanciato nel corso dell\u2019iniziativa al ministero dell\u2019Istruzione, alla vigilia di un nuovo Consiglio d\u2019amministrazione dell\u2019ente.<\/div>\n<div><\/div>\n<div>Erano stati\u00a0<a href=\"https:\/\/www.ilfattoquotidiano.it\/2021\/11\/18\/cnr-i-ricercatori-precari-occupano-il-centro-i-vertici-negano-la-stabilizzazione-a-400-persone-anche-se-i-fondi-ci-sono\/6397660\/\" target=\"_blank\" rel=\"noopener noreferrer\" data-saferedirecturl=\"https:\/\/www.google.com\/url?q=https:\/\/www.ilfattoquotidiano.it\/2021\/11\/18\/cnr-i-ricercatori-precari-occupano-il-centro-i-vertici-negano-la-stabilizzazione-a-400-persone-anche-se-i-fondi-ci-sono\/6397660\/&amp;source=gmail&amp;ust=1638281364477000&amp;usg=AOvVaw3CZkDAcRr6JWOD01XsUNFJ\">i sindacati Flc Cgil, Fir Cisl e Uil Scuola Rua\u00a0<\/a>a spiegare come il direttore generale Giuseppe Colpani avesse \u201ccomunicato alle organizzazioni sindacali che\u00a0<a href=\"https:\/\/www.ilfattoquotidiano.it\/2021\/10\/19\/ricerca-la-proposta-di-legge-approda-al-senato-dopo-due-anni-i-nodi-dai-rischi-per-i-precari-alleterna-concorsopoli-servono-piu-investimenti\/6360627\/\" target=\"_blank\" rel=\"noopener noreferrer\" data-saferedirecturl=\"https:\/\/www.google.com\/url?q=https:\/\/www.ilfattoquotidiano.it\/2021\/10\/19\/ricerca-la-proposta-di-legge-approda-al-senato-dopo-due-anni-i-nodi-dai-rischi-per-i-precari-alleterna-concorsopoli-servono-piu-investimenti\/6360627\/&amp;source=gmail&amp;ust=1638281364477000&amp;usg=AOvVaw32ic_62P7svAGhdMlB0NTX\">400 precari non saranno stabilizzati<\/a>, nonostante ci siano le risorse per assumerli a tempo indeterminato\u201d. L\u2019Ente aveva comunicato di voler utilizzare soltanto\u00a0<b>poco pi\u00f9 di tre milioni di euro\u00a0<\/b>(a fronte di una\u00a0<b>disponibilit\u00e0 di circa 33 milioni<\/b>) per il processo di stabilizzazione delle lavoratrici e dei lavoratori precari, che da anni attendono, dopo aver superato \u201calmeno due procedure concorsuali\u201d. Una beffa per tanti lavoratori che dal 13 dicembre \u2013 quando scadr\u00e0 l\u2019idoneit\u00e0 acquisita con il concorso di tre anni fa, ndr \u2013 rischiano di andare a casa, vedendo svanire nel nulla gli stessi progetti nei quali avevano investito tempo, formazione, speranze. E sui quali erano stati impegnati investimenti da parte dello Stato. \u201cChe senso ha\u00a0<b>perdere le nostre competenze\u00a0<\/b>proprio adesso che con il\u00a0<b>Pnrr\u00a0<\/b>ci sarebbe\u00a0<b>bisogno della nostra professionalit\u00e0?<\/b>\u201c, rilanciano i precari. Senza dimenticare come molti si siano per anni occupati proprio di quella\u00a0<b>transizione ecologica<\/b>, tanto sbandierata, ma spesso soltanto a parole dall\u2019esecutivo: \u201cBisogna investire sul capitale umano, tanti di noi lavorano su questi temi e bisogna saper scrivere i progetti\u201d, c\u2019\u00e8 chi rilancia.<\/div>\n<div><\/div>\n<div>\u201cSto gi\u00e0 lavorando in vista dello stesso Piano nazionale su un progetto che dovr\u00f2 presentare a dicembre e che tratta dell\u2019ottenimento di idrogeno da sole e acqua. Ma \u00e8 paradossale perch\u00e9 non nemmeno se avr\u00f2 un futuro domani\u201d, spiega sconsolato uno dei ricercatori, tra i circa 700 che avevano vinto il concorso, ma non ancora assunto come altre centinaia di colleghi. \u201c<b>Non c\u2019\u00e8 volont\u00e0<\/b>\u00a0perch\u00e9 i soldi ci sono. Ma noi\u00a0<b>continueremo a mobilitarci<\/b>\u00a0finch\u00e9 non si trover\u00e0 una soluzione. Questa ingiustizia deve terminare\u201d, \u00e8 l\u2019appello rilanciato dai precari.<\/div>\n<div><\/div>\n<div><strong>FONTE:<\/strong>\u00a0<a href=\"https:\/\/www.ilfattoquotidiano.it\/2021\/11\/29\/le-storie-dei-400-ricercatori-precari-del-cnr-che-rischiano-di-essere-lasciati-a-casa-nellincertezza-da-15-anni-in-pericolo-anche-la-sfida-del-pnrr\/6409019\/\">https:\/\/www.ilfattoquotidiano.it\/2021\/11\/29\/le-storie-dei-400-ricercatori-precari-del-cnr-che-rischiano-di-essere-lasciati-a-casa-nellincertezza-da-15-anni-in-pericolo-anche-la-sfida-del-pnrr\/6409019\/<\/a><\/div>\n","protected":false},"excerpt":{"rendered":"<p>di ILFATTOQUOTIDIANO (Alberto Sofia) &nbsp; C\u2019\u00e8 chi \u00e8 rientrato da esperienze da ricercatore all\u2019estero, per poi finire per anni nel\u00a0precariato. Chi si \u00e8 dovuto accontentare di\u00a0assegni rinnovati anno dopo anno, a volte di mese in mese, anche da oltre dieci anni senza alcuna garanzia sul proprio futuro. Chi lavora su\u00a0tematiche ambientali, di protezione dal rischio sismico o idrogeologico. O si occupa di\u00a0energie rinnovabili\u00a0e sta gi\u00e0 lavorando su\u00a0progetti del Piano nazionale di ripresa e resilienza. Tutti,\u00a0circa&#46;&#46;&#46;<\/p>\n","protected":false},"author":99,"featured_media":40095,"comment_status":"open","ping_status":"open","sticky":false,"template":"","format":"standard","meta":{"jetpack_post_was_ever_published":false,"_jetpack_newsletter_access":"","_jetpack_dont_email_post_to_subs":false,"_jetpack_newsletter_tier_id":0,"_jetpack_memberships_contains_paywalled_content":false,"_jetpack_memberships_contains_paid_content":false,"footnotes":"","jetpack_publicize_message":"","jetpack_publicize_feature_enabled":true,"jetpack_social_post_already_shared":true,"jetpack_social_options":{"image_generator_settings":{"template":"highway","enabled":false},"version":2}},"categories":[32],"tags":[],"jetpack_publicize_connections":[],"jetpack_featured_media_url":"https:\/\/appelloalpopolo.it\/wp-content\/uploads\/2018\/03\/fatto-quotidiano.png","jetpack_sharing_enabled":true,"jetpack_shortlink":"https:\/\/wp.me\/p7ZaJ4-hUM","_links":{"self":[{"href":"https:\/\/appelloalpopolo.it\/index.php?rest_route=\/wp\/v2\/posts\/68868"}],"collection":[{"href":"https:\/\/appelloalpopolo.it\/index.php?rest_route=\/wp\/v2\/posts"}],"about":[{"href":"https:\/\/appelloalpopolo.it\/index.php?rest_route=\/wp\/v2\/types\/post"}],"author":[{"embeddable":true,"href":"https:\/\/appelloalpopolo.it\/index.php?rest_route=\/wp\/v2\/users\/99"}],"replies":[{"embeddable":true,"href":"https:\/\/appelloalpopolo.it\/index.php?rest_route=%2Fwp%2Fv2%2Fcomments&post=68868"}],"version-history":[{"count":1,"href":"https:\/\/appelloalpopolo.it\/index.php?rest_route=\/wp\/v2\/posts\/68868\/revisions"}],"predecessor-version":[{"id":68869,"href":"https:\/\/appelloalpopolo.it\/index.php?rest_route=\/wp\/v2\/posts\/68868\/revisions\/68869"}],"wp:featuredmedia":[{"embeddable":true,"href":"https:\/\/appelloalpopolo.it\/index.php?rest_route=\/wp\/v2\/media\/40095"}],"wp:attachment":[{"href":"https:\/\/appelloalpopolo.it\/index.php?rest_route=%2Fwp%2Fv2%2Fmedia&parent=68868"}],"wp:term":[{"taxonomy":"category","embeddable":true,"href":"https:\/\/appelloalpopolo.it\/index.php?rest_route=%2Fwp%2Fv2%2Fcategories&post=68868"},{"taxonomy":"post_tag","embeddable":true,"href":"https:\/\/appelloalpopolo.it\/index.php?rest_route=%2Fwp%2Fv2%2Ftags&post=68868"}],"curies":[{"name":"wp","href":"https:\/\/api.w.org\/{rel}","templated":true}]}}