{"id":69864,"date":"2022-01-20T02:26:54","date_gmt":"2022-01-20T01:26:54","guid":{"rendered":"https:\/\/appelloalpopolo.it\/?p=69864"},"modified":"2022-01-20T14:53:17","modified_gmt":"2022-01-20T13:53:17","slug":"il-deficit-pubblico-tra-competenza-e-ideologia-tecnici-e-politici","status":"publish","type":"post","link":"https:\/\/appelloalpopolo.it\/?p=69864","title":{"rendered":"Il deficit pubblico, tra competenza e ideologia: tecnici e politici"},"content":{"rendered":"<p style=\"text-align: justify;\">di STEFANO D&#8217;ANDREA<\/p>\n<p style=\"text-align: justify;\"><span style=\"text-align: justify;\">&#8220;<\/span><em style=\"text-align: justify;\">Esistono davvero pochi esempi, nel mondo sviluppato, in cui il deficit sia stato un peccato mortale. Se dovessi essere proprio preciso, le dir\u00f2 che in realt\u00e0 non ne conosco nessuno<\/em><span style=\"text-align: justify;\">&#8221; (Jean-Paul Fitoussi, <\/span><span style=\"text-align: justify;\">La neolingua dell&#8217;economia<\/span><span style=\"text-align: justify;\">, Torino, 2019).<\/span><\/p>\n<p style=\"text-align: justify;\"><span style=\"text-align: justify;\">Si pu\u00f2 non essere d&#8217;accordo con Fitoussi, che \u00e8 un economista o tecnico e, pronunciando questa frase, crede, ingenuamente, in quanto &#8220;tecnico&#8221; o &#8220;competente&#8221; &#8211; e con ingenuit\u00e0 identica a chi sostiene la tesi opposta &#8211; di dire una verit\u00e0, e non di esprimere una volont\u00e0. Tuttavia, si deve convenire che coloro che hanno detto nel trentennio passato &#8220;<em>non bisogna fare deficit<\/em>&#8221; oppure &#8220;<em>bisogna fare bassissimi deficit<\/em>&#8220;, non erano &#8220;tecnici&#8221; o &#8220;esperti di economia&#8221;, bens\u00ec anch&#8217;essi politici, che esprimevano una diversa e opposta ideologia, rispetto a quella di Fitoussi.<\/span><\/p>\n<p style=\"text-align: justify;\"><span style=\"text-align: justify;\">Ma a differenza dell&#8217;inconsapevole Fitoussi, gli economisti che sostengono e hanno sostenuto tesi opposte alle sue (Draghi, Ciampi, Padoa Schioppa, Monti, Visco, Saccomanni, Padoan, ecc.) erano anche disonesti, perch\u00e9 nello stabilire una regola che, in questi trenta anni, in Europa ha consentito deficit che sono stati bassi non rispetto all&#8217;ideale di chi ha l&#8217;ideologia opposta (io per esempio ma oggi, in parte, anche Fitoussi), bens\u00ec rispetto agli Stati Uniti, al Giappone o alla Corea del Sud, essi volevano anche un&#8217;alta disoccupazione, che infatti in Europa, negli ultimi 27 anni, \u00e8 stata molto pi\u00f9 alta che negli USA, in Giappone o in Corea del Sud.<\/span><\/p>\n<p style=\"text-align: justify;\"><span style=\"text-align: justify;\">Dunque i &#8220;tecnici&#8221;, nei quali ripongono le speranze un paio di decine di milioni di italiani, idiotizzati dal Corriere della Sera, da La Repubblica, da La Stampa, dal Sole 24 ore e dalle TV nazionali, pubbliche e private &#8211; Draghi, Ciampi, Padoa Schioppa, Monti, Padoan, ecc. -, per &#8220;fare l&#8217;Europa&#8221; (ossia per continuare in un processo di integrazione che non avr\u00e0 mai fine perch\u00e9 non ha un fine), e per &#8220;evitare la disintegrazione dell&#8217;Europa&#8221;, hanno voluto un&#8217;alta disoccupazione (e le conseguenze che quest&#8217;ultima comporta sui redditi da lavoro, autonomo e subordinato).<\/span><\/p>\n<p style=\"text-align: justify;\"><span style=\"text-align: justify;\">Un grande martire italiano, sia pure a proposito della scuola (allora il tema era la riforma scolastica), aveva avvertito che spetta alla politica stabilire che scuola si vuole e quali funzioni deve svolgere la scuola, non a professori che pretendono (e magari sono cos\u00ec sciocchi da credere) di essere &#8220;tecnici&#8221;: &#8220;per chi abbia dimestichezza con la storia non sono invece necessarie nuove esperienze per dimostrare l&#8217;inferiorit\u00e0 della politica dei tecnici in confronto dei tecnici della politica&#8221; (Piero Gobetti, <\/span><span style=\"text-align: justify;\">Polemica scolastica<\/span><span style=\"text-align: justify;\">, in &#8220;La rivoluzione liberale&#8221;, 10 aprile 1923).<\/span><\/p>\n<p style=\"text-align: justify;\"><span style=\"text-align: justify;\">I &#8220;tecnici&#8221; dunque fanno politica; ingannano perch\u00e9 vogliono apparire tecnici o addirittura credono di essere tecnici; ingannano perch\u00e9 dicono soltanto in parte ci\u00f2 che vogliono (non hanno detto in questi anni che volevano bassa crescita e alta disoccupazione); e sono gi\u00e0 per questo politici inferiori ai tecnici della politica. Fin quando gli italiani continueranno a odiare la politica e a credere nei tecnici, meriteranno tutto il male possibile e immaginabile e saranno responsabili del loro male.<\/span><\/p>\n","protected":false},"excerpt":{"rendered":"<p>di STEFANO D&#8217;ANDREA &#8220;Esistono davvero pochi esempi, nel mondo sviluppato, in cui il deficit sia stato un peccato mortale. Se dovessi essere proprio preciso, le dir\u00f2 che in realt\u00e0 non ne conosco nessuno&#8221; (Jean-Paul Fitoussi, La neolingua dell&#8217;economia, Torino, 2019). Si pu\u00f2 non essere d&#8217;accordo con Fitoussi, che \u00e8 un economista o tecnico e, pronunciando questa frase, crede, ingenuamente, in quanto &#8220;tecnico&#8221; o &#8220;competente&#8221; &#8211; e con ingenuit\u00e0 identica a chi sostiene la tesi opposta&#46;&#46;&#46;<\/p>\n","protected":false},"author":4,"featured_media":69867,"comment_status":"open","ping_status":"open","sticky":false,"template":"","format":"standard","meta":{"jetpack_post_was_ever_published":false,"_jetpack_newsletter_access":"","_jetpack_dont_email_post_to_subs":false,"_jetpack_newsletter_tier_id":0,"_jetpack_memberships_contains_paywalled_content":false,"_jetpack_memberships_contains_paid_content":false,"footnotes":"","jetpack_publicize_message":"","jetpack_publicize_feature_enabled":true,"jetpack_social_post_already_shared":true,"jetpack_social_options":{"image_generator_settings":{"template":"highway","enabled":false},"version":2}},"categories":[6196,6],"tags":[],"jetpack_publicize_connections":[],"jetpack_featured_media_url":"https:\/\/appelloalpopolo.it\/wp-content\/uploads\/2022\/01\/strategy_council_iv_edizione.jpeg","jetpack_sharing_enabled":true,"jetpack_shortlink":"https:\/\/wp.me\/p7ZaJ4-iaQ","_links":{"self":[{"href":"https:\/\/appelloalpopolo.it\/index.php?rest_route=\/wp\/v2\/posts\/69864"}],"collection":[{"href":"https:\/\/appelloalpopolo.it\/index.php?rest_route=\/wp\/v2\/posts"}],"about":[{"href":"https:\/\/appelloalpopolo.it\/index.php?rest_route=\/wp\/v2\/types\/post"}],"author":[{"embeddable":true,"href":"https:\/\/appelloalpopolo.it\/index.php?rest_route=\/wp\/v2\/users\/4"}],"replies":[{"embeddable":true,"href":"https:\/\/appelloalpopolo.it\/index.php?rest_route=%2Fwp%2Fv2%2Fcomments&post=69864"}],"version-history":[{"count":3,"href":"https:\/\/appelloalpopolo.it\/index.php?rest_route=\/wp\/v2\/posts\/69864\/revisions"}],"predecessor-version":[{"id":69869,"href":"https:\/\/appelloalpopolo.it\/index.php?rest_route=\/wp\/v2\/posts\/69864\/revisions\/69869"}],"wp:featuredmedia":[{"embeddable":true,"href":"https:\/\/appelloalpopolo.it\/index.php?rest_route=\/wp\/v2\/media\/69867"}],"wp:attachment":[{"href":"https:\/\/appelloalpopolo.it\/index.php?rest_route=%2Fwp%2Fv2%2Fmedia&parent=69864"}],"wp:term":[{"taxonomy":"category","embeddable":true,"href":"https:\/\/appelloalpopolo.it\/index.php?rest_route=%2Fwp%2Fv2%2Fcategories&post=69864"},{"taxonomy":"post_tag","embeddable":true,"href":"https:\/\/appelloalpopolo.it\/index.php?rest_route=%2Fwp%2Fv2%2Ftags&post=69864"}],"curies":[{"name":"wp","href":"https:\/\/api.w.org\/{rel}","templated":true}]}}