{"id":70553,"date":"2022-02-22T09:30:30","date_gmt":"2022-02-22T08:30:30","guid":{"rendered":"https:\/\/appelloalpopolo.it\/?p=70553"},"modified":"2022-02-22T07:42:16","modified_gmt":"2022-02-22T06:42:16","slug":"contro-nord-stream-2-von-der-leyen-parla-con-altri-fornitori","status":"publish","type":"post","link":"https:\/\/appelloalpopolo.it\/?p=70553","title":{"rendered":"Contro Nord Stream 2: Von der Leyen parla con altri fornitori"},"content":{"rendered":"<p style=\"text-align: justify\"><strong>di BLONDET &amp; FRIENDS (Maurizio Blondet)<\/strong><\/p>\n<p style=\"text-align: justify\">DWN:<br \/>\nLa presidente della Commissione Ue Ursula von der Leyen ha messo in dubbio la messa in servizio del Nord Stream 2.\u00a0Invece, altri fornitori dovrebbero rifornire l\u2019Europa.<\/p>\n<p style=\"text-align: justify\"><a class=\"article-author external external_icon\" href=\"https:\/\/deutsche-wirtschafts-nachrichten.de\/author?id=30111\" target=\"_blank\" rel=\"noopener\">NOTIZIE ECONOMICHE TEDESCHE<\/a><\/p>\n<p style=\"text-align: justify\">\u201cPenso che in Europa siamo gi\u00e0 troppo aperti al ricatto, dato che il 40 per cento del gas importato in Europa \u00e8 gas russo\u201d, ha affermato domenica sera ad ARD la presidente della Commissione Ue Ursula von der Leyen. \u201c.\u00a0Nelle ultime settimane, Gazprom ha \u201csempre rispettato i contratti nella fascia pi\u00f9 bassa\u201d.\u00a0I campi sono al livello pi\u00f9 basso degli ultimi dieci anni.\u00a0\u201cQuesto \u00e8 un comportamento straordinario.\u201d<\/p>\n<p style=\"text-align: justify\">Ci\u00f2 solleva la questione di cosa significherebbe per la sicurezza dell\u2019approvvigionamento europeo se il Nord Stream 2 fosse messo in funzione, ha affermato von der Leyen.\u00a0\u201cCi\u00f2 significherebbe che la fornitura dall\u2019Ucraina non \u00e8 pi\u00f9 assolutamente necessaria\u201d.\u00a0Di conseguenza, ci sarebbe un \u201cforte centraggio e dipendenza dal gas russo esclusivamente tramite il Nord Stream 2 e il Nord Stream 1\u201d.<\/p>\n<p style=\"text-align: justify\">Ma il processo per l\u2019approvazione del Nord Stream 2 \u00e8 molto chiaro, l\u2019Agenzia Federale di Rete deve rispondere a delle domande, le cui risposte vengono poi presentate alla Commissione Ue.\u00a0\u201cCi guarderemo\u201d, ha detto von der Leyen.<\/p>\n<p style=\"text-align: justify\">Ma: il dieci percento della fornitura totale di energia in Europa proviene dalla Russia, ha sottolineato il politico della CDU.\u00a0Nelle ultime settimane ha quindi parlato intensamente con altri fornitori per diversificare l\u2019offerta.\u00a0A gennaio sono sbarcate in Europa 120 navi a gas liquido.<\/p>\n<p style=\"text-align: justify\">Questo mette l\u2019Europa nella posizione di dire: \u201cSe la Russia dovesse limitare o interrompere del tutto le forniture di gas in un conflitto, ora siamo nella posizione di essere al sicuro fino alla fine dell\u2019inverno\u201d.\u00a0A lungo termine, tuttavia, l\u2019Europa deve posizionarsi diversamente.\u00a0Le reti sarebbero adatte anche per l\u2019idrogeno verde, per esempio.\u00a0Per lei, ci\u00f2 significa \u201cfuori dalla dipendenza dal gas russo e nella produzione di idrogeno verde ed energie rinnovabili\u201d.<\/p>\n<h3 class=\"font-headlines\" style=\"text-align: justify\">Von der Leyen minaccia \u2013 La Russia sar\u00e0 tagliata fuori dai mercati finanziari<\/h3>\n<p style=\"text-align: justify\">Von der Leyen ha precisato la minaccia di sanzioni occidentali contro la Russia in caso di attacco all\u2019Ucraina e ancora una volta ha avvertito delle enormi conseguenze per l\u2019economia del Paese. Le sanzioni finanziarie previste da UE e USA sono mirate<\/p>\n<p style=\"text-align: justify\">\u201cIn linea di principio, la Russia \u00e8 tagliata fuori dai mercati finanziari internazionali\u201d, ha detto domenica sera von der Leyen nel programma ARD \u201cAnne Will\u201d.\u00a0Dal punto di vista economico, tutte le sanzioni mirano ai \u201cbeni di cui la Russia ha un disperato bisogno per modernizzare e diversificare la sua economia, ma che sono prodotti da noi, dove abbiamo il dominio globale, e che la Russia non pu\u00f2 sostituire\u201d.<\/p>\n<p style=\"text-align: justify\">Tuttavia, von der Leyen si \u00e8 espressa contro l\u2019imposizione delle sanzioni ora, come richiesto dall\u2019Ucraina in vista della recente escalation.<\/p>\n<p style=\"text-align: justify\">\u201cIl passo delle sanzioni \u00e8 cos\u00ec enorme, cos\u00ec massiccio e cos\u00ec importante per la Russia che sappiamo anche che daremo sempre alla Russia un\u2019altra possibilit\u00e0 di ritrovare la strada per tornare alla diplomazia e al tavolo dei negoziati\u201d, ha affermato il politico della Cdu.\u00a0\u201cE quella finestra di opportunit\u00e0 \u00e8 ancora aperta\u201d.\u00a0La decisione ora spetta interamente al presidente Vladimir Putin, e lei presume che la Russia \u201cascolti molto attentamente ci\u00f2 che diciamo\u201d.<\/p>\n<p style=\"text-align: justify\">La Russia ha un chiaro punto debole, ed \u00e8 l\u2019economia, \u201cche in linea di principio \u00e8 quasi esclusivamente orientata verso i vecchi combustibili fossili, ovvero petrolio, carbone e gas\u201d, ha affermato von der Leyen.\u00a0\u201cDue terzi delle esportazioni sono proprio queste esportazioni e met\u00e0 del bilancio statale russo viene alimentato da esse\u201d.<\/p>\n<p style=\"text-align: justify\">La Russia ha urgente bisogno di modernizzarsi \u201ce ci\u00f2 non sarebbe pi\u00f9 possibile per la Russia\u201d in caso di ulteriori sanzioni.\u00a0L\u2019inflazione in Russia \u00e8 gi\u00e0 all\u20198,7 per cento, la banca centrale ha appena alzato i tassi di interesse al 9,5 per cento e il rublo non sta andando bene.\u00a0Non sarebbe quindi vantaggioso \u201cse questa economia russa subisse un altro duro colpo dalle sanzioni\u201d, ha affermato il presidente della Commissione.<\/p>\n<p style=\"text-align: justify\"><strong>Fonte:\u00a0<\/strong><strong><a href=\"https:\/\/www.maurizioblondet.it\/contro-nord-stream-2-von-der-leyen-parla-con-altri-fornitori\/\">https:\/\/www.maurizioblondet.it\/contro-nord-stream-2-von-der-leyen-parla-con-altri-fornitori\/<\/a><\/strong><\/p>\n","protected":false},"excerpt":{"rendered":"<p>di BLONDET &amp; FRIENDS (Maurizio Blondet) DWN: La presidente della Commissione Ue Ursula von der Leyen ha messo in dubbio la messa in servizio del Nord Stream 2.\u00a0Invece, altri fornitori dovrebbero rifornire l\u2019Europa. NOTIZIE ECONOMICHE TEDESCHE \u201cPenso che in Europa siamo gi\u00e0 troppo aperti al ricatto, dato che il 40 per cento del gas importato in Europa \u00e8 gas russo\u201d, ha affermato domenica sera ad ARD la presidente della Commissione Ue Ursula von der Leyen.&#46;&#46;&#46;<\/p>\n","protected":false},"author":95,"featured_media":45649,"comment_status":"open","ping_status":"open","sticky":false,"template":"","format":"standard","meta":{"jetpack_post_was_ever_published":false,"_jetpack_newsletter_access":"","_jetpack_dont_email_post_to_subs":false,"_jetpack_newsletter_tier_id":0,"_jetpack_memberships_contains_paywalled_content":false,"_jetpack_memberships_contains_paid_content":false,"footnotes":"","jetpack_publicize_message":"","jetpack_publicize_feature_enabled":true,"jetpack_social_post_already_shared":true,"jetpack_social_options":{"image_generator_settings":{"template":"highway","enabled":false},"version":2}},"categories":[32],"tags":[],"jetpack_publicize_connections":[],"jetpack_featured_media_url":"https:\/\/appelloalpopolo.it\/wp-content\/uploads\/2018\/11\/Blondet-and-Friends.jpg","jetpack_sharing_enabled":true,"jetpack_shortlink":"https:\/\/wp.me\/p7ZaJ4-ilX","_links":{"self":[{"href":"https:\/\/appelloalpopolo.it\/index.php?rest_route=\/wp\/v2\/posts\/70553"}],"collection":[{"href":"https:\/\/appelloalpopolo.it\/index.php?rest_route=\/wp\/v2\/posts"}],"about":[{"href":"https:\/\/appelloalpopolo.it\/index.php?rest_route=\/wp\/v2\/types\/post"}],"author":[{"embeddable":true,"href":"https:\/\/appelloalpopolo.it\/index.php?rest_route=\/wp\/v2\/users\/95"}],"replies":[{"embeddable":true,"href":"https:\/\/appelloalpopolo.it\/index.php?rest_route=%2Fwp%2Fv2%2Fcomments&post=70553"}],"version-history":[{"count":1,"href":"https:\/\/appelloalpopolo.it\/index.php?rest_route=\/wp\/v2\/posts\/70553\/revisions"}],"predecessor-version":[{"id":70554,"href":"https:\/\/appelloalpopolo.it\/index.php?rest_route=\/wp\/v2\/posts\/70553\/revisions\/70554"}],"wp:featuredmedia":[{"embeddable":true,"href":"https:\/\/appelloalpopolo.it\/index.php?rest_route=\/wp\/v2\/media\/45649"}],"wp:attachment":[{"href":"https:\/\/appelloalpopolo.it\/index.php?rest_route=%2Fwp%2Fv2%2Fmedia&parent=70553"}],"wp:term":[{"taxonomy":"category","embeddable":true,"href":"https:\/\/appelloalpopolo.it\/index.php?rest_route=%2Fwp%2Fv2%2Fcategories&post=70553"},{"taxonomy":"post_tag","embeddable":true,"href":"https:\/\/appelloalpopolo.it\/index.php?rest_route=%2Fwp%2Fv2%2Ftags&post=70553"}],"curies":[{"name":"wp","href":"https:\/\/api.w.org\/{rel}","templated":true}]}}