{"id":70612,"date":"2022-02-25T10:30:04","date_gmt":"2022-02-25T09:30:04","guid":{"rendered":"https:\/\/appelloalpopolo.it\/?p=70612"},"modified":"2022-02-24T12:48:01","modified_gmt":"2022-02-24T11:48:01","slug":"70612","status":"publish","type":"post","link":"https:\/\/appelloalpopolo.it\/?p=70612","title":{"rendered":"La campagna di Ucraina \u00e8 ufficialmente iniziata"},"content":{"rendered":"<p style=\"text-align: justify\"><strong>di TERMOMETRO GEOPOLITICO (Emanuel Pietrobon)<\/strong><\/p>\n<p style=\"text-align: justify\"><img loading=\"lazy\" decoding=\"async\" class=\"alignnone size-medium wp-image-70613\" src=\"https:\/\/appelloalpopolo.it\/wp-content\/uploads\/2022\/02\/FB_IMG_1645702858338-300x165.jpg\" alt=\"\" width=\"300\" height=\"165\" srcset=\"https:\/\/appelloalpopolo.it\/wp-content\/uploads\/2022\/02\/FB_IMG_1645702858338-300x165.jpg 300w, https:\/\/appelloalpopolo.it\/wp-content\/uploads\/2022\/02\/FB_IMG_1645702858338.jpg 720w\" sizes=\"(max-width: 300px) 100vw, 300px\" \/><\/p>\n<p style=\"text-align: justify\">Chi pensa che la Russia, cos\u00ec facendo, vincer\u00e0 questa partita, non ha capito bene n\u00e9 la posta in gioco n\u00e9 le implicazioni.<\/p>\n<p style=\"text-align: justify\">Come ho sempre scritto: la Russia vinceva non invadendo, Biden vinceva se la Russia invadeva.<\/p>\n<p style=\"text-align: justify\">\u00c8 stata spinta all&#8217;esasperazione, glielo concedo, lo so bene, ma quest&#8217;azione pecca di miopia e avr\u00e0 gravi conseguenze.<\/p>\n<p style=\"text-align: justify\">Ripeto: conseguenze primariamente per l&#8217;Europa.<\/p>\n<p style=\"text-align: justify\">Non mi ero sbagliato sullo spegnimento del Nord Stream 2, sulle sanzioni in direzione del disaccoppiamento, e non mi sbaglio neanche questa volta: Russia rimasta vittima del suo stesso inganno, aveva accumulato una forza potenziale troppo grande per essere ritirata senza aver ottenuto nulla, e Stati Uniti ne hanno approfittato non cedendo di un millimetro &#8211; intravedendo possibilit\u00e0 di scatenare un conflitto e di indebolire l&#8217;Europa.<\/p>\n<p style=\"text-align: justify\">Non Putin, ma Biden sembra che abbia letto Sun Tzu: vince senza sparare un colpo.<\/p>\n<p style=\"text-align: justify\">Putin aggredendo l&#8217;Ucraina obbliga l&#8217;Occidente a prendere atto che gli interessi nazionali della Russia non sono negoziabili. Due scenari: reazione senza negoziazione, reazione con negoziazione (velata).<\/p>\n<p style=\"text-align: justify\">Sull&#8217;operazione speciale in corso, nata per &#8220;demilitarizzare&#8221; e &#8220;denazificare&#8221; l&#8217;Ucraina, qualche nota:<\/p>\n<p style=\"text-align: justify\">&#8211; Non \u00e8 detto che i russi vogliano arrivare fino a Kiev (ma neanche \u00e8 da escludere: ormai ogni scenario \u00e8 possibile);<\/p>\n<p style=\"text-align: justify\">&#8211; Importante analizzare il fattore consenso: accoglienza della popolazione sar\u00e0 cruciale, potendo determinare scenario Afghanistan o pi\u00f9 ardua resistenza;<\/p>\n<p style=\"text-align: justify\">&#8211; Obiettivo allargamento della Novorossiya? Scrivo dall&#8217;inizio che se l&#8217;opzione guerra si fosse avverata, l&#8217;obiettivo sarebbe stato fare ci\u00f2 che non fu fatto nel 2014: allargare fasce dell&#8217;Ucraina orientale sotto controllo russo, magari creando un tutt&#8217;uno tra entroterra e Crimea.<\/p>\n<p style=\"text-align: justify\">Gli ucraini di domani ricorderanno questi eventi nello stesso modo in cui gli ungheresi guardano al 1956.<\/p>\n<p style=\"text-align: justify\">Per non parlare delle ripercussioni per l&#8217;Europa, delle ricadute a livello Nato (benvenuta Finlandia?) e della diffidenza verso il Cremlino che crescer\u00e0 tra classi politiche (e popolazioni) del resto dello spazio postsovietico &#8211; avevo parlato di ci\u00f2 il mese scorso, spiegando come la durata fugace della missione OTSC in Kazakistan fosse dovuta a volont\u00e0 di non turbare gli animi dei popoli postsovietici. Beh, se l&#8217;obiettivo era quello, do svid\u00e1nija, visto che la campagna in Ucraina avr\u00e0 un effetto cento volte opposto.<\/p>\n<p style=\"text-align: justify\">Non sono un pacifista, mai stato, ma appartengo al partito della pace, sostengo i costruttori di ponti e supporto il dialogo tra civilt\u00e0, e sono totalmente contrario a questa linea d&#8217;azione.<\/p>\n<p style=\"text-align: justify\">Ho sempre scritto dall&#8217;inizio: rischio di guerra aperta esiste, ma \u00e8 basso, perch\u00e9 Russia e Stati Uniti stanno (stavano) negoziando. In gioco? Una nuova Jalta.<\/p>\n<p style=\"text-align: justify\">Ma i negoziati sono falliti, o meglio la Russia ha parlato con un muro per mesi, e questo \u00e8 quanto: l&#8217;opzione pi\u00f9 remota \u00e8 divenuta inevitabile.<\/p>\n<p style=\"text-align: justify\">Vorrei soltanto complimentarmi, di nuovo, con Emmanuel Macron per aver capito con largo anticipo i rischi del fallimento del negoziato e per aver fatto tutto il possibile per evitare una guerra. Unico tra tutti che ha avuto l&#8217;acume e poi il coraggio di metterci la faccia.<\/p>\n<p style=\"text-align: justify\">La finlandizzazione dell&#8217;Ucraina era possibile.<\/p>\n<p style=\"text-align: justify\">Adesso \u00e8 arrivato il momento della riflessione. Passo e chiudo.<\/p>\n<p style=\"text-align: justify\"><em>#TGP #Russia #Ucraina #Usa #Geopolitica\u00a0 \u00a0 \u00a0<\/em><\/p>\n<p style=\"text-align: justify\"><em>Fonte: https:\/\/www.facebook.com\/ilgeopolitico1\/posts\/477268427278913<\/em><\/p>\n<p style=\"text-align: justify\"><strong>Fonte:\u00a0<\/strong><strong><a href=\"https:\/\/www.facebook.com\/1518147318236235\/posts\/5223519304365666\/\">https:\/\/www.facebook.com\/1518147318236235\/posts\/5223519304365666\/<\/a><\/strong><\/p>\n","protected":false},"excerpt":{"rendered":"<p>di TERMOMETRO GEOPOLITICO (Emanuel Pietrobon) Chi pensa che la Russia, cos\u00ec facendo, vincer\u00e0 questa partita, non ha capito bene n\u00e9 la posta in gioco n\u00e9 le implicazioni. Come ho sempre scritto: la Russia vinceva non invadendo, Biden vinceva se la Russia invadeva. \u00c8 stata spinta all&#8217;esasperazione, glielo concedo, lo so bene, ma quest&#8217;azione pecca di miopia e avr\u00e0 gravi conseguenze. Ripeto: conseguenze primariamente per l&#8217;Europa. Non mi ero sbagliato sullo spegnimento del Nord Stream 2,&#46;&#46;&#46;<\/p>\n","protected":false},"author":95,"featured_media":69680,"comment_status":"open","ping_status":"open","sticky":false,"template":"","format":"standard","meta":{"jetpack_post_was_ever_published":false,"_jetpack_newsletter_access":"","_jetpack_dont_email_post_to_subs":false,"_jetpack_newsletter_tier_id":0,"_jetpack_memberships_contains_paywalled_content":false,"_jetpack_memberships_contains_paid_content":false,"footnotes":"","jetpack_publicize_message":"","jetpack_publicize_feature_enabled":true,"jetpack_social_post_already_shared":true,"jetpack_social_options":{"image_generator_settings":{"template":"highway","enabled":false},"version":2}},"categories":[32],"tags":[],"jetpack_publicize_connections":[],"jetpack_featured_media_url":"https:\/\/appelloalpopolo.it\/wp-content\/uploads\/2022\/01\/FB_IMG_1641845039912.jpg","jetpack_sharing_enabled":true,"jetpack_shortlink":"https:\/\/wp.me\/s7ZaJ4-70612","_links":{"self":[{"href":"https:\/\/appelloalpopolo.it\/index.php?rest_route=\/wp\/v2\/posts\/70612"}],"collection":[{"href":"https:\/\/appelloalpopolo.it\/index.php?rest_route=\/wp\/v2\/posts"}],"about":[{"href":"https:\/\/appelloalpopolo.it\/index.php?rest_route=\/wp\/v2\/types\/post"}],"author":[{"embeddable":true,"href":"https:\/\/appelloalpopolo.it\/index.php?rest_route=\/wp\/v2\/users\/95"}],"replies":[{"embeddable":true,"href":"https:\/\/appelloalpopolo.it\/index.php?rest_route=%2Fwp%2Fv2%2Fcomments&post=70612"}],"version-history":[{"count":3,"href":"https:\/\/appelloalpopolo.it\/index.php?rest_route=\/wp\/v2\/posts\/70612\/revisions"}],"predecessor-version":[{"id":70616,"href":"https:\/\/appelloalpopolo.it\/index.php?rest_route=\/wp\/v2\/posts\/70612\/revisions\/70616"}],"wp:featuredmedia":[{"embeddable":true,"href":"https:\/\/appelloalpopolo.it\/index.php?rest_route=\/wp\/v2\/media\/69680"}],"wp:attachment":[{"href":"https:\/\/appelloalpopolo.it\/index.php?rest_route=%2Fwp%2Fv2%2Fmedia&parent=70612"}],"wp:term":[{"taxonomy":"category","embeddable":true,"href":"https:\/\/appelloalpopolo.it\/index.php?rest_route=%2Fwp%2Fv2%2Fcategories&post=70612"},{"taxonomy":"post_tag","embeddable":true,"href":"https:\/\/appelloalpopolo.it\/index.php?rest_route=%2Fwp%2Fv2%2Ftags&post=70612"}],"curies":[{"name":"wp","href":"https:\/\/api.w.org\/{rel}","templated":true}]}}