{"id":72265,"date":"2022-05-19T10:30:58","date_gmt":"2022-05-19T08:30:58","guid":{"rendered":"https:\/\/appelloalpopolo.it\/?p=72265"},"modified":"2022-05-17T20:28:58","modified_gmt":"2022-05-17T18:28:58","slug":"ucraina-sciocco-per-finlandia-e-svezia-che-aderiscono-alla-nato-di-jan-oberf","status":"publish","type":"post","link":"https:\/\/appelloalpopolo.it\/?p=72265","title":{"rendered":"Ucraina: Sciocco per Finlandia e Svezia che aderiscono alla Nato, di Jan Oberf"},"content":{"rendered":"<p style=\"text-align: justify\">di <strong>ITALIAEILMONDO<\/strong>(<strong>Giuseppe Germinario<\/strong>)<\/p>\n<p style=\"text-align: justify\"><img loading=\"lazy\" decoding=\"async\" class=\"attachment-featured_image size-featured_image wp-post-image\" src=\"http:\/\/italiaeilmondo.com\/wp-content\/uploads\/2022\/05\/31979808130_62f4b89831_o-550x280.jpg\" alt=\"\" width=\"550\" height=\"280\" \/><\/p>\n<div class=\"entry clearfix\" style=\"text-align: justify\">\n<p><strong>Non \u00e8 il momento di prendere decisioni in un momento di isteria storica e panico, scrive Jan Oberg.<\/strong><strong>\u00a0<\/strong><\/p>\n<p><em><a href=\"https:\/\/transnational.live\/2022\/05\/12\/it-is-foolish-for-finland-and-sweden-to-join-nato-and-ignore-both-the-real-causes-and-consequences\/\">La transnazionale<\/a><\/em><\/p>\n<p><strong><img loading=\"lazy\" decoding=\"async\" class=\"alignleft size-thumbnail wp-image-79316\" src=\"https:\/\/consortiumnews.com\/wp-content\/uploads\/2022\/05\/6953a9-1-100x100.jpg\" alt=\"\" width=\"100\" height=\"100\" \/>Ecco<\/strong>\u00a0cosa l\u2019Occidente \u00e8 intellettualmente incapace di vedere, nel mezzo del suo umore militarista e ipocrita:<\/p>\n<p>La politica di espansione della NATO ha creato \u2014 ed \u00e8 responsabile \u2014\u00a0<em>del conflitto.<\/em><\/p>\n<p>La Russia ha creato \u2013 ed \u00e8 responsabile \u2013\u00a0\u00a0<em>della guerra<\/em>\u00a0.\u00a0Non esiste violenza che non sia radicata nei conflitti sottostanti.\u00a0Le persone alfabetizzate in conflitto e pace, quindi, parlano di entrambi.<\/p>\n<p>E se vogliono la pace, non aumentano\u00a0<em>i sintomi \u2014 la guerra<\/em>\u00a0\u00a0\u2014 affrontano\u00a0\u00a0<em>la vera causa, il conflitto<\/em>\u00a0\u00a0e chiedono alle parti in conflitto di raccontare cosa temono e cosa vogliono e poi si muovono, passo dopo passo verso un soluzione.<em>\u00a0<\/em><\/p>\n<p>Ma n\u00e9 i media mainstream n\u00e9 i politici hanno il coraggio civile di affrontare\u00a0\u00a0<em>il conflitto.\u00a0<\/em>\u00a0Riguarda solo la guerra e solo la Russia e il presidente Vladimir Putin che devono essere puniti, indipendentemente dal prezzo che dovranno essere pagati dalle generazioni future.\u00a0Se sopravviviamo.<\/p>\n<p>\u00c8 una banalit\u00e0 sottolineare che ce ne vogliono almeno due per entrare in conflitto.\u00a0Ma questo \u00e8 il livello intellettuale e morale che i decisori, i media e gran parte del mondo accademico operano in questi tempi bui.<\/p>\n<p>Questo approccio non ha futuro e non potr\u00e0 mai portare la pace.\u00a0Periodo.<\/p>\n<p>Le decisioni prese con questo approccio irrazionale e l\u2019emotivit\u00e0 non faranno che peggiorare le cose.\u00a0Come la Svezia e la Finlandia che aderiscono alla NATO sulla base del panico isterico del momento: semplicemente non esiste uno scenario credibile e realistico che porterebbe a un attacco russo isolato e fuori dal comune su nessuno dei due se rimanessero non allineati come lo sono da decenni.<\/p>\n<p>Che alcune persone meno informate \u2013 o persone che parlano per l\u2019adesione alla NATO \u2013 abbiano parlato anche di un attacco isolato e inaspettato all\u2019isola svedese di Gotland \u00e8 una politica dei Monty Python.<\/p>\n<p>Allora perch\u00e9 la Finlandia e la Svezia ora prenderanno una decisione disastrosa e crescente di tensione di aderire alla NATO?\u00a0Ecco alcuni dei possibili motivi:<\/p>\n<p><strong>Forte pressione<\/strong><\/p>\n<p>Entrambi sono stati sottoposti a forti pressioni da parte della NATO e degli Stati Uniti in particolare.\u00a0Il primo ministro svedese, Olof Palme, \u00e8 stato assassinato, un uomo che sosteneva l\u2019obiettivo delle Nazioni Unite del disarmo internazionale, dell\u2019abolizione del nucleare e del concetto intelligente di sicurezza comune.\u00a0Gli ambasciatori statunitensi hanno tenuto incontri segreti con i parlamentari svedesi, ci sono molti canali, richieste e ricompense.<\/p>\n<p>L\u2019unica peggiore sfida per la sicurezza della Svezia \u00e8 stata il sottomarino russo U 137 Whisky on the Rocks.\u00a0Era russo, s\u00ec, ma l\u2019operazione era una PSYOP americana \u2013 operazione psicologica \u2013 condotta dall\u2019\u201cesperto di navigazione\u201d di bordo, l\u2019unico mai intervistato in Svezia e che poco dopo scomparve.<\/p>\n<div id=\"attachment_79326\" class=\"wp-caption aligncenter\"><img loading=\"lazy\" decoding=\"async\" class=\"size-full wp-image-79326\" src=\"https:\/\/consortiumnews.com\/wp-content\/uploads\/2022\/05\/MM10249-scaled.jpg\" alt=\"\" width=\"2560\" height=\"1629\" aria-describedby=\"caption-attachment-79326\" \/>&nbsp;<\/p>\n<p id=\"caption-attachment-79326\" class=\"wp-caption-text\">Il sottomarino sovietico U 137 si incagli\u00f2 il 27 ottobre 1981 sulla costa meridionale della Svezia vicino a una grande base navale.\u00a0(Marinmuseum, CC BY 4.0, Wikimedia Commons)<\/p>\n<\/div>\n<p>Era un PSYOP inteso a far riconoscere alla Svezia che l\u2019Unione Sovietica era una minaccia, che la sua difesa contro l\u2019Est era carente e che avrebbe dovuto cercare protezione dall\u2019Occidente stesso.\u00a0Questo \u00e8 estremamente ben documentato dal professore emerito, l\u2019eminente ricerca pluridecennale di Ola Tunander, l\u2019ultima pubblicata nel libro,\u00a0\u00a0<a href=\"https:\/\/www.karnevalforlag.se\/bocker\/navigationsexperten\/\"><em>Navigations-Expert<\/em>\u00a0.\u00a0<em>Hur Sverige l\u00e4t sig bedras av U 137<\/em><\/a>\u00a0\u00a0 (\u00a0<em>L\u2019esperto di navigazione. Su come la Svezia ha accettato di essere ingannata dall\u2019U 137<\/em>\u00a0).<\/p>\n<p>Passo dopo passo, la Svezia \u00e8 stata guidata nella giusta direzione.\u00a0Alcuni politici svedesi sapevano cosa stava succedendo, ma i media e la gente no.<\/p>\n<p><strong>Corteggiato da USA e NATO\u00a0<\/strong><\/p>\n<p>Entrambi i paesi si sono mossi per essere corteggiati dagli Stati Uniti e dalla NATO.\u00a0Negli ultimi 20 anni si sono impegnati con la NATO in tutti i modi \u2013 quindi, come si suol dire, perch\u00e9 non sposarsi ora?<\/p>\n<p>In altre parole, Finlandia e Svezia ora si uniscono perch\u00e9 hanno \u2013 in modo incrementale \u2013 preso una decisione sbagliata dopo l\u2019altra, si sono dipinti in\u00a0\u00a0<em>un<\/em>\u00a0angolo \u201csenza scelta tranne la NATO\u201d e hanno abdicato a ogni grammo della loro storica, indipendente mente creativa straniera pensiero politico.\u00a0E ha smesso di criticare la guerra e il militarismo.<br \/>\nCi\u00f2 \u00e8 stato possibile anche perch\u00e9 l\u2019input intellettuale critico, o alternativo, indipendente nei ministeri degli affari esteri \u00e8 stato tagliato e sostituito da vari tipi di marketing politico filoamericano.<\/p>\n<p>Per decenni, la NATO Echo Chamber ha definito il pensiero di gruppo nazionale pro-NATO.\u00a0Nessuno poteva entrare per chiedere: dove diavolo ci stiamo dirigendo, diciamo, tra 25 anni?<\/p>\n<p><strong>Complesso militare-industriale-media-accademico<\/strong><\/p>\n<p>Inoltre, Svezia e Finlandia si stanno ora unendo perch\u00e9 le \u00e9lite legate al Complesso Militare-Industriale-Media-Accademico, MIMAC, in entrambi i paesi, piuttosto che le persone, decidono questioni di sicurezza e politica estera.<\/p>\n<p>Naturalmente, c\u2019era estremamente poca\u00a0\u00a0discussione pubblica\u00a0<em>aperta\u00a0 ;\u00a0<\/em>non era voluto.\u00a0I decisori sapevano che la fondazione della NATO per le armi nucleari e le guerre di contatto dei suoi membri, in particolare in Medio Oriente, erano considerate fondamentalmente malvagie tra i cittadini.<\/p>\n<p><strong>Pressione del tempo<\/strong><\/p>\n<div id=\"attachment_78531\" class=\"wp-caption aligncenter\"><img loading=\"lazy\" decoding=\"async\" class=\" wp-image-78531\" src=\"https:\/\/consortiumnews.com\/wp-content\/uploads\/2022\/04\/51986778064_04476bf181_k.jpg\" alt=\"\" width=\"1140\" height=\"758\" aria-describedby=\"caption-attachment-78531\" \/>&nbsp;<\/p>\n<p id=\"caption-attachment-78531\" class=\"wp-caption-text\">Da sinistra: il ministro degli Esteri finlandese Pekka Haavisto, il segretario generale della NATO Jens Stoltenberg e il ministro degli Esteri svedese Ann Linde il 6 aprile. \u00a0\u00a0(NATO)<\/p>\n<\/div>\n<p>I media liberali suggeriscono che non pu\u00f2 esserci un referendum perch\u00e9 c\u2019\u00e8 una tale pressione di tempo \u2013 presumibilmente prima dell\u2019invasione russa di Svezia e Finlandia \u2013 e, quindi, prendi in fretta la pi\u00f9 importante decisione politica estera e di sicurezza dal 1945 ora che c\u2019\u00e8 oltraggio alla Russia \u2014 il nemico amato e necessario.<br \/>\nI decisori svedesi ovviamente sanno che non ci sar\u00e0 mai una maggioranza del 75% circa per la NATO, che \u00e8 ci\u00f2 che dovrebbe esserci per prendere una decisione cos\u00ec fondamentale e fatale.\u00a0Tanto, si pu\u00f2 dire, per la democrazia, ma nessun nuovo membro della NATO ha tenuto un referendum in cui la NATO e altre alternative sono state discusse liberamente e una maggioranza del 75% si \u00e8 espressa a favore.\u00a0(Secondo la svedese\u00a0<em>Svenska Dagbladet<\/em>ogni giorno del 6 maggio, il 48 per cento pensa che la Svezia si unir\u00e0, ma in una sola settimana coloro che non sanno cosa pensare sono aumentati dal 22 al 27 per cento).<br \/>\nL\u2019opinione pro-NATO della Finlandia sembra essere cresciuta dal 53% di febbraio al 76% di maggio 2022. Era il 19% nel 2017 secondo un rapporto del\u00a0<em>Wall\u00a0\u00a0<a href=\"https:\/\/www.wsj.com\/articles\/finlands-drift-toward-nato-membership-accelerated-by-russias-ukraine-invasion-11646163699\">Street Journal<\/a><\/em>\u00a0.\u00a0L\u2019Ucraina ha svolto il suo ruolo.<\/p>\n<p><strong>Disarmo intellettuale<\/strong><\/p>\n<p>Un ulteriore motivo per aderire \u00e8 il disarmo intellettuale che ha lasciato i decisori unificati attorno a un\u2019alternativa;\u00a0dimenticato di lasciare altre porte aperte e alternative deliberatamente represse.<\/p>\n<p>Il discorso della pace \u2013 nei media, nella politica e nella ricerca \u2013 \u00e8 scomparso.\u00a0La pace \u00e8 diventata sinonimo di armi, deterrenza, sempre di pi\u00f9 insieme a cieca lealt\u00e0 con ogni guerra USA\/NATO.<\/p>\n<p>Ad esempio, il governo dell\u2019allora primo ministro socialdemocratico G\u00f6ran Persson ha deciso rapidamente di disabilitare la legislazione svedese sul divieto di esportazione di armi nel 2001 per poter continuare ad esportare armi negli Stati Uniti durante l\u2019invasione dell\u2019Iraq.<br \/>\nQuesto disarmo intellettuale pluriennale \u00e8 evidente e tende sempre a favorire i mezzi militari rispetto ai civili, oltre alla diplomazia.\u00a0E non solo in questi paesi, ovviamente.<\/p>\n<p><strong>2022 Fondo Primavera 2022<\/strong><\/p>\n<p>Un istituto come il SIPRI \u2013 Stockholm International Peace Research Institute \u2013 \u00e8 decaduto intellettualmente in qualcosa che dovrebbe piuttosto essere chiamato Stockholm International Military Security Research, SIMSI \u2013\u00a0\u00a0<a href=\"https:\/\/tffblog2011-2017.transnational.live\/2016\/10\/27\/stockholm-international-peace-research-institute-sipri-at-50-now-change-it-to-simsi\/\">come ho suggerito anni fa<\/a>\u00a0.<\/p>\n<p>In altre parole, la creativit\u00e0 politica necessaria per condurre una politica indipendente di neutralit\u00e0, non allineamento e disarmo globale unita a una forte fede nel diritto internazionale \u00e8 svanita anni fa.<br \/>\n\u00c8 pi\u00f9 facile seguire il gregge, soprattutto quando, a quanto pare, il partito socialdemocratico oggi esiste solo di nome.<\/p>\n<p><strong>Media\u00a0<\/strong><\/p>\n<p>Senza esaurire tutte queste \u2013 tragiche \u2013 ragioni, un\u2019ultima ragione da menzionare \u00e8 il ruolo dei media.\u00a0Come ovunque, i media da sinistra a destra si sono uniti attorno a una politica filo-occidentale e non neutrale.\u00a0L\u2019attuale propaganda pro-NATO, non da ultimo nel liberale Dagens Nyheter, \u00e8 pervasiva.<\/p>\n<p>Le voci critiche vengono emarginate e gli \u201cspiegatori\u201d dell\u2019informazione pubblica sono ridotti ad alcuni fatti di base simili a quelli delle scuole superiori accoppiati con FOSI, Fake + Omission + Source Ignorance.\u00a0La Svezia \u00e8 in grado di organizzare tavole rotonde televisive in cui, di fatto, tutti i partecipanti sono pi\u00f9 o meno pro-NATO, escludendo cos\u00ec gran parte dell\u2019opinione pubblica.\u00a0*)<\/p>\n<p><strong>Le conseguenze<\/strong><\/p>\n<div id=\"attachment_79324\" class=\"wp-caption aligncenter\"><img loading=\"lazy\" decoding=\"async\" class=\" wp-image-79324\" src=\"https:\/\/consortiumnews.com\/wp-content\/uploads\/2022\/05\/31848720928_e1ee44c364_4k-scaled.jpg\" alt=\"\" width=\"1344\" height=\"898\" aria-describedby=\"caption-attachment-79324\" \/>&nbsp;<\/p>\n<p id=\"caption-attachment-79324\" class=\"wp-caption-text\">1 novembre 2018: esercitazione congiunta della NATO nell\u2019Atlantico settentrionale e nel Mar Baltico.\u00a0(NATO, Flickr)<\/p>\n<\/div>\n<p>Ce ne sono potenzialmente cos\u00ec tanti \u2013 alcuni pi\u00f9 probabili di altri \u2013 che non possono essere elencati tutti in un\u2019analisi breve e puntuale come questa.\u00a0Ma mi permetto di citare:<\/p>\n<ul>\n<li>Gli svedesi ei finlandesi diventeranno meno sicuri\u00a0<strong>.\u00a0<\/strong>Come mai?\u00a0Perch\u00e9 ci sar\u00e0 un confronto e una polarizzazione pi\u00f9 duri invece di confini morbidi e atteggiamenti di mediazione.\u00a0In una grave crisi, a tutti gli effetti pratici, saranno occupati e gli verr\u00e0 detto cosa fare dagli USA\/NATO.<\/li>\n<li>Nella misura in cui, ad un certo punto in futuro, ai due paesi verr\u00e0 chiesto di ospitare basi statunitensi \u2013 come la Norvegia e la Danimarca ora \u2013 non potranno dire \u201cNo!\u201d\u00a0Tali basi saranno gli obiettivi di primo ordine della Russia in una situazione di guerra.<\/li>\n<li>Da un punto di vista russo, ovviamente, la loro adesione alla NATO \u00e8 estremamente fonte di tensione e conflittuale.\u00a0La Russia ha l\u20198% (66 miliardi di dollari) delle spese militari dei 30 membri della NATO.\u00a0Ora ci sar\u00e0 un enorme riarmo in tutta la NATO.\u00a0La sola Germania prevede di aumentare fino a quasi il doppio delle spese della Russia.\u00a0L\u2019Ucraina ricever\u00e0 circa 50 miliardi di dollari.\u00a0Aggiungiamo una Svezia e una Finlandia riarmate e vedremo la Russia precipitarsi al 4% delle spese della NATO e continuare a essere definita una formidabile minaccia.<\/li>\n<li>In Europa non rimarranno praticamente pi\u00f9 meccanismi di rafforzamento della fiducia e di risoluzione dei conflitti.\u00a0Non sar\u00e0 possibile discutere su un nuovo sistema di pace e sicurezza tutto europeo.\u00a0E che venga compresa e rispettata o meno, la Russia si sentir\u00e0 ancora pi\u00f9 intimidita, isolata e, in una certa situazione, diventer\u00e0 ancora pi\u00f9 disperata.\u00a0Come fa, normalmente, la parte pi\u00f9 debole in un conflitto asimmetrico.\u00a0Stiamo vivendo tempi molto pericolosi e questi due paesi della NATO non faranno che aumentare il pericolo, non c\u2019\u00e8 modo che possa ridurlo.<\/li>\n<li>Se Finlandia e Svezia vogliono cos\u00ec fortemente essere \u201cprotette\u201d dagli Stati Uniti e\/o dalla NATO, non \u00e8 assolutamente necessario che questi due paesi si uniscano perch\u00e9, in caso di grave crisi, gli USA\/NATO arriveranno in ogni circostanza a \u201cproteggere\u201d o meglio utilizzare i propri territori per essere pi\u00f9 vicini alle repubbliche baltiche.\u00a0Ecco di cosa trattano gli accordi di supporto per la nazione ospitante.<br \/>\nL\u2019unico motivo per aderire sarebbe il paragrafo 5, ma lo svantaggio \u00e8 che il paragrafo 5 richiede che la Finlandia e la Svezia partecipino a guerre che non riguardano la loro difesa e forse anche in future guerre che violano il diritto internazionale come quelle in Jugoslavia , Iraq e Libia.\u00a0Quindi, i giovani finlandesi e svedesi verranno uccisi in future guerre tra paesi della NATO?\u00a0Sono pronti per questo?<\/li>\n<li>Coster\u00e0 una fortuna convertire la loro infrastruttura militare alla piena adesione alla NATO e quando si saranno uniti, pagheranno qualunque prezzo si riveler\u00e0 essere.\u00a0Inoltre, ci sar\u00e0 molto meno potere decisionale sovrano de facto \u2013 qui de jure \u00e8 quasi irrilevante.\u00a0Ed era gi\u00e0 molto autolimitante prima che si unissero.<\/li>\n<li>In quanto membri della NATO, Finlandia e Svezia non possono non condividere la responsabilit\u00e0 delle armi nucleari, la deterrenza e il loro possibile utilizzo da parte della NATO.\u00a0\u00c8 anche ovvio che le navi della NATO possono portare armi nucleari nei loro porti \u2013 ma ovviamente non lo chiederanno nemmeno \u2013 sanno che la risposta arrogante degli Stati Uniti \u00e8 che \u201cnon confermiamo n\u00e9 neghiamo questo genere di cose\u201d.<br \/>\nQuesto va contro ogni fibra del popolo svedese e la decisione della Svezia di non sviluppare armi nucleari risalente a circa 70 anni fa.<\/li>\n<li>I giorni in cui Svezia e Finlandia possono, almeno in linea di principio, lavorare per alternative sono contati. Vale a dire, per il trattato delle Nazioni Unite sull\u2019abolizione del nucleare e gli obiettivi delle Nazioni Unite di disarmo generale e completo, qualsiasi concetto politico alternativo come la sicurezza comune, la sicurezza umana , un\u2019ONU forte ecc. Non saranno in grado di fungere da mediatori, come, ad esempio, Austria e Svizzera.\u00a0Nessun membro della NATO pu\u00f2 rendere omaggio a tali nobili obiettivi.\u00a0La NATO non \u00e8 un\u2019organizzazione che incoraggia le alternative.\u00a0Invece, cerca il monopolio e il dominio regionale e globale.<\/li>\n<li>Finlandia e Svezia dicono s\u00ec al pensiero militarista, a un paradigma di \u201cpace\u201d intriso di armi, armamenti, offensivit\u00e0 (lungo raggio + grande capacit\u00e0 distruttiva), deterrenza e continue minacce: la NATO \u00e8 l\u2019organizzazione pi\u00f9 militarista della storia umana.\u00a0<a href=\"https:\/\/transnational.live\/2022\/04\/15\/the-us-has-been-at-war-225-out-of-243-years-since-1776\/\">Il suo leader, gli Stati Uniti d\u2019America, \u00e8 stato in guerra 225 su 243 anni dal 1776<\/a>\u00a0.\u00a0Ogni idea sulla nonviolenza, la disposizione della Carta delle Nazioni Unite di fare la pace con mezzi prevalentemente pacifici (articolo 1 della Carta) sar\u00e0 fuori dalla finestra.<\/li>\n<\/ul>\n<ul>\n<li>L\u2019attenzione politica, cos\u00ec come i fondi, tenderanno a spostarsi su questioni militari, lontano dal contribuire a risolvere i problemi pi\u00f9 urgenti dell\u2019umanit\u00e0.\u00a0Ma \u2013 lo sappiamo ora \u2013 la scusa sar\u00e0 l\u2019invasione dell\u2019Ucraina da parte di Putin.\u00a0C\u2019\u00e8 qualche cambiamento enorme che non pu\u00f2 essere giustificato con riferimento a questo?<\/li>\n<li>Mentre tutti sanno che l\u2019Artico sar\u00e0 una regione di sicurezza centrale e preoccupazioni per la pace nel prossimo futuro, questo problema \u00e8 stato appena discusso in relazione all\u2019adesione dei due paesi alla NATO.\u00a0Tuttavia, non richiede molta esperienza per vedere che l\u2019accesso USA\/NATO a Svezia e Finlandia \u00e8 un chiaro vantaggio nel futuro confronto con Russia e Cina l\u00ec.<\/li>\n<\/ul>\n<div id=\"attachment_79320\" class=\"wp-caption aligncenter\"><img loading=\"lazy\" decoding=\"async\" class=\" wp-image-79320\" src=\"https:\/\/consortiumnews.com\/wp-content\/uploads\/2022\/05\/31979808130_62f4b89831_o.jpg\" alt=\"\" width=\"1039\" height=\"1022\" aria-describedby=\"caption-attachment-79320\" \/>&nbsp;<\/p>\n<p id=\"caption-attachment-79320\" class=\"wp-caption-text\">(Mappa GRID-Arendal Circolo Polare Artico, Flickr, CC BY-NC-SA 2.0)<\/p>\n<\/div>\n<ul>\n<li>In quanto membri della NATO, Svezia e Finlandia non solo accettano, ma rafforzano decenni di odio nei confronti del popolo russo, di tutto ci\u00f2 che la Russia include la cultura russo-europea.\u00a0Dir\u00e0 di s\u00ec alla punizione collettiva (illegale) sconsiderata e istintiva dell\u2019Occidente di tutta la Russia, la cancellazione della Russia a tutte le dimensioni.<\/li>\n<\/ul>\n<p>Una volta, invece, il Presidente della Finlandia Urho Kekkonen sosteneva politiche di neutralit\u00e0 attiva, un ruolo di intermediario e l\u2019avvio dell\u2019OSCE.\u00a0La Finlandia era orgogliosa del fatto che la sua gente ritenesse che n\u00e9 l\u2019Oriente n\u00e9 l\u2019Occidente fossero nemici, prevalendo vari tipi di equidistanza.\u00a0E\u00a0\u00a0<em>questo<\/em>\u00a0\u00a0avvenne durante il culmine della Prima Guerra Fredda, quando il Patto di Varsavia era circa 10 volte pi\u00f9 forte nei confronti della NATO rispetto alla Russia di oggi.\u00a0Come e perch\u00e9?\u00a0Uno dei motivi era che le politiche avevano un fondamento intellettuale e i leader una consapevolezza di cosa significasse la guerra.\u00a0Non cos\u00ec oggi.<\/p>\n<div id=\"attachment_79322\" class=\"wp-caption aligncenter\"><img loading=\"lazy\" decoding=\"async\" class=\" wp-image-79322\" src=\"https:\/\/consortiumnews.com\/wp-content\/uploads\/2022\/05\/ETYK-Finland-delegation-1975-scaled.jpg\" alt=\"\" width=\"1200\" height=\"865\" aria-describedby=\"caption-attachment-79322\" \/>&nbsp;<\/p>\n<p id=\"caption-attachment-79322\" class=\"wp-caption-text\">1975: il presidente finlandese Urho Kekkonen a destra alla Conferenza sulla sicurezza e la cooperazione in Europa a Helsinki.\u00a0(Tapio Korpisaari, CC BY 4.0, Wikimedia Commons)<\/p>\n<\/div>\n<ul>\n<li>La prospettiva di cui nessun sostenitore della NATO parla \u00e8 questa: con ogni probabilit\u00e0, abbiamo visto solo il duro inizio di una guerra estremamente fredda con un rischio sempre crescente anche di una guerra calda.\u00a0\u00c8 lo scopo dichiarato degli Stati Uniti \u2013 e questo significa della NATO \u2013 indebolire militarmente la Russia in Ucraina in modo che non possa risollevarsi mai pi\u00f9 e minare la sua economia in patria attraverso le sanzioni pi\u00f9 dure, illimitate e incondizionate della storia \u2013 cio\u00e8 le sanzioni che non sar\u00e0 revocato in una vita o pi\u00f9.<\/li>\n<li>E, infine, unendosi alla NATO, i due paesi saranno costretti a schierarsi con il pi\u00f9 grande Occidente nel futuro cambiamento dell\u2019ordine mondiale in cui Cina, Medio Oriente, Africa e Sud America, nonch\u00e9 enormi associazioni regionali non occidentali acquisiranno forza .<\/li>\n<\/ul>\n<p>La priorit\u00e0 degli Stati Uniti n. 1 \u00e8 la Cina.\u00a0In quanto membri della NATO, Svezia e Finlandia non saranno in grado di camminare su due gambe in futuro \u2013 una occidentale e una non occidentale \u2013 e decadranno e cadranno con l\u2019Occidente \u2013 l\u2019Impero degli Stati Uniti e la NATO in particolare.<\/p>\n<p>Se pensi che sia uno scenario troppo audace e pessimista, non stai seguendo sviluppi e tendenze al di fuori dell\u2019Occidente stesso.\u00a0Inoltre, per favore, considera che\u00a0<em>\u00a0<\/em>gli Stati Uniti, l\u2019UE e la NATO divisi e lacerati da problemi si sono appena riuniti per un motivo: la politica negativa di odiare la Russia e coprire la sua chiara corresponsabilit\u00e0 per il conflitto che ci ha portato dove abbiamo ora sono.<\/p>\n<p>L\u2019Occidente non ha pi\u00f9 una visione positiva.\u00a0Le sue azioni riguardano il riarmo, le minacce, le sanzioni, la demonizzazione, l\u2019ipocrita \u201cnon abbiamo mai fatto niente di sbagliato\u201d e la concomitante proiezione dei propri lati oscuri sugli altri, in particolare sulla Cina.<\/p>\n<p>Per i piccoli paesi mettere tutte le uova nello stesso paniere quando hanno alternative e agire senza la minima idea dei prossimi 5-10 anni \u00e8 sempre stata una ricetta per il disastro, per la guerra.<\/p>\n<p>Sia la NATO che l\u2019UE agiscono in questi giorni come facevano i passeggeri nel ristorante dell\u2019elegante e lussuoso RMS Titanic.<\/p>\n<p>C\u2019erano enormi problemi che avrebbero dovuto essere risolti per la sopravvivenza dell\u2019umanit\u00e0: clima, ambiente, povert\u00e0, disuguaglianza, militarismo, armi nucleari, ecc. Ora sono dimenticati.\u00a0Sono seguite crisi economiche e interruzioni, poi \u00e8 arrivato il virus Corona e ha messo a dura prova tutti i tipi di risorse ed energie.\u00a0E, infine, ora questa guerra in Europa con il suo sottostante conflitto creato dalla NATO.<\/p>\n<p>Non \u00e8 il momento di prendere decisioni in un momento di isteria storica e panico.\u00a0Questo \u00e8 davvero un momento per mantenere la calma.<\/p>\n<p>Si pu\u00f2 solo deplorare che Svezia e Finlandia non abbiano il potere intellettuale per vedere il quadro pi\u00f9 ampio nel tempo e nello spazio.\u00a0La NATO ha avuto il tempo dal 1949 per dimostrare che pu\u00f2 fare la pace.\u00a0Ora sappiamo che non pu\u00f2.\u00a0Aderirvi, quindi, \u00e8 un grande dono per il militarismo e la guerra futura.<\/p>\n<p><strong><a href=\"https:\/\/janoberg.me\/\">Jan Oberg<\/a>\u00a0\u00e8 un ricercatore indipendente sulla pace e il futuro con esperienza internazionale e fotografo d\u2019arte, editorialista, commentatore e mediatore.\u00a0<\/strong><\/p>\n<p><em>Questo articolo \u00e8 di\u00a0\u00a0<\/em><a href=\"https:\/\/transnational.live\/2022\/05\/12\/it-is-foolish-for-finland-and-sweden-to-join-nato-and-ignore-both-the-real-causes-and-consequences\/\">The Transnational.<\/a><\/p>\n<\/div>\n<p style=\"text-align: justify\"><strong>Fonte<\/strong>:\u00a0<a href=\"http:\/\/italiaeilmondo.com\/2022\/05\/16\/ucraina-sciocco-per-finlandia-e-svezia-che-aderiscano-alla-nato-di-jan-oberg\/\">http:\/\/italiaeilmondo.com\/2022\/05\/16\/ucraina-sciocco-per-finlandia-e-svezia-che-aderiscano-alla-nato-di-jan-oberg\/<\/a><\/p>\n","protected":false},"excerpt":{"rendered":"<p>di ITALIAEILMONDO(Giuseppe Germinario) Non \u00e8 il momento di prendere decisioni in un momento di isteria storica e panico, scrive Jan Oberg.\u00a0 La transnazionale Ecco\u00a0cosa l\u2019Occidente \u00e8 intellettualmente incapace di vedere, nel mezzo del suo umore militarista e ipocrita: La politica di espansione della NATO ha creato \u2014 ed \u00e8 responsabile \u2014\u00a0del conflitto. La Russia ha creato \u2013 ed \u00e8 responsabile \u2013\u00a0\u00a0della guerra\u00a0.\u00a0Non esiste violenza che non sia radicata nei conflitti sottostanti.\u00a0Le persone alfabetizzate in conflitto&#46;&#46;&#46;<\/p>\n","protected":false},"author":97,"featured_media":25122,"comment_status":"open","ping_status":"open","sticky":false,"template":"","format":"standard","meta":{"jetpack_post_was_ever_published":false,"_jetpack_newsletter_access":"","_jetpack_dont_email_post_to_subs":false,"_jetpack_newsletter_tier_id":0,"_jetpack_memberships_contains_paywalled_content":false,"_jetpack_memberships_contains_paid_content":false,"footnotes":"","jetpack_publicize_message":"","jetpack_publicize_feature_enabled":true,"jetpack_social_post_already_shared":true,"jetpack_social_options":{"image_generator_settings":{"template":"highway","enabled":false},"version":2}},"categories":[32],"tags":[],"jetpack_publicize_connections":[],"jetpack_featured_media_url":"https:\/\/appelloalpopolo.it\/wp-content\/uploads\/2016\/11\/germinario-italiaeilmondo.jpg","jetpack_sharing_enabled":true,"jetpack_shortlink":"https:\/\/wp.me\/p7ZaJ4-iNz","_links":{"self":[{"href":"https:\/\/appelloalpopolo.it\/index.php?rest_route=\/wp\/v2\/posts\/72265"}],"collection":[{"href":"https:\/\/appelloalpopolo.it\/index.php?rest_route=\/wp\/v2\/posts"}],"about":[{"href":"https:\/\/appelloalpopolo.it\/index.php?rest_route=\/wp\/v2\/types\/post"}],"author":[{"embeddable":true,"href":"https:\/\/appelloalpopolo.it\/index.php?rest_route=\/wp\/v2\/users\/97"}],"replies":[{"embeddable":true,"href":"https:\/\/appelloalpopolo.it\/index.php?rest_route=%2Fwp%2Fv2%2Fcomments&post=72265"}],"version-history":[{"count":1,"href":"https:\/\/appelloalpopolo.it\/index.php?rest_route=\/wp\/v2\/posts\/72265\/revisions"}],"predecessor-version":[{"id":72266,"href":"https:\/\/appelloalpopolo.it\/index.php?rest_route=\/wp\/v2\/posts\/72265\/revisions\/72266"}],"wp:featuredmedia":[{"embeddable":true,"href":"https:\/\/appelloalpopolo.it\/index.php?rest_route=\/wp\/v2\/media\/25122"}],"wp:attachment":[{"href":"https:\/\/appelloalpopolo.it\/index.php?rest_route=%2Fwp%2Fv2%2Fmedia&parent=72265"}],"wp:term":[{"taxonomy":"category","embeddable":true,"href":"https:\/\/appelloalpopolo.it\/index.php?rest_route=%2Fwp%2Fv2%2Fcategories&post=72265"},{"taxonomy":"post_tag","embeddable":true,"href":"https:\/\/appelloalpopolo.it\/index.php?rest_route=%2Fwp%2Fv2%2Ftags&post=72265"}],"curies":[{"name":"wp","href":"https:\/\/api.w.org\/{rel}","templated":true}]}}