{"id":72267,"date":"2022-05-19T11:30:16","date_gmt":"2022-05-19T09:30:16","guid":{"rendered":"https:\/\/appelloalpopolo.it\/?p=72267"},"modified":"2022-05-17T20:33:07","modified_gmt":"2022-05-17T18:33:07","slug":"forza-e-tempi","status":"publish","type":"post","link":"https:\/\/appelloalpopolo.it\/?p=72267","title":{"rendered":"Forza e tempi"},"content":{"rendered":"<p style=\"text-align: justify\">di <strong>Pierluigi Fagan<\/strong><\/p>\n<div style=\"text-align: justify\">\n<div class=\"\" dir=\"auto\">\n<div id=\"jsc_c_dl\" class=\"ecm0bbzt hv4rvrfc ihqw7lf3 dati1w0a\" data-ad-comet-preview=\"message\" data-ad-preview=\"message\">\n<div class=\"j83agx80 cbu4d94t ew0dbk1b irj2b8pg\">\n<div class=\"qzhwtbm6 knvmm38d\">\n<div class=\"kvgmc6g5 cxmmr5t8 oygrvhab hcukyx3x c1et5uql ii04i59q\">\n<div dir=\"auto\">Nel conflitto inteso nel senso pi\u00f9 ampio, tra Occidente e Russia, giocano prevalentemente due variabili: la forza ed il tempo.<\/div>\n<\/div>\n<div class=\"cxmmr5t8 oygrvhab hcukyx3x c1et5uql o9v6fnle ii04i59q\">\n<div dir=\"auto\">Sul piano della forza, gli ucraini sarebbero tra un terzo ed un quarto dei russi, ma giocando in difesa della loro terra, hanno dalla loro senz\u2019altro pi\u00f9 intenzionalit\u00e0 dei russi. La ragione dell\u2019invasione russa in Ucraina non \u00e8 facilmente spiegabile e condivisibile nel mondo russo. Tale ragione \u00e8 ad un livello molto alto del discorso strategico (che \u00e8 quello proprio dei rapporti tra Russia ed Occidente collettivo pi\u00f9 che il Donbass ed i nazisti ucraini), livello a cui non accedono normalmente le opinioni pubbliche, ma neanche la maggioranza delle \u00e9lite stratificate. Tutta la versione russa sulle ragioni del conflitto, a livello pubblico, ha mostrato per lungo tempo un buco di ragione piuttosto ampio solo in seguito riempito di un po\u2019 di fatti e molta propaganda. Solo oggi, formatasi pi\u00f9 chiaramente la situazione macro con tutto l\u2019Occidente contro la Russia, diventano pi\u00f9 percepibili e condivisibili le ragioni della guerra dal punto di vista interno. Non a caso, gli indici di gradimento interno di Putin, fatta salva la riserva su metodi ed effettivi risultati delle indagini, sono aumentati con costanza nelle settimane.<\/div>\n<\/div>\n<div class=\"cxmmr5t8 oygrvhab hcukyx3x c1et5uql o9v6fnle ii04i59q\">\n<div dir=\"auto\">Quanto alla forza militare, quella occidentale \u00e8 sicuramente superiore e quella russa sebbene poi debba passare per il collo di bottiglia degli ucraini. Di fatto, sul campo, ci sono gli ucraini non gli \u201coccidentali\u201d.<\/div>\n<\/div>\n<div class=\"cxmmr5t8 oygrvhab hcukyx3x c1et5uql o9v6fnle ii04i59q\">\n<div dir=\"auto\">Quanto alla forza economica, di nuovo, quella occidentale \u00e8 di molto maggiore. Anche se, fino ad oggi, mentre ha destato qualche sorpresa la scarsa efficienza militare russa sul campo, ha anche destato qualche sorpresa la capacit\u00e0 di resistenza monetaria e per ora anche economica di Mosca. Quest\u2019ultimo, segno inequivocabile del fatto che quella di Mosca \u00e8 stata una decisione di conflitto lungamente preparata, proprio perch\u00e9 strategica.<\/div>\n<\/div>\n<div class=\"cxmmr5t8 oygrvhab hcukyx3x c1et5uql o9v6fnle ii04i59q\">\n<div dir=\"auto\">Infine, quella diplomatica. L\u2019Amministrazione Biden aveva gi\u00e0 in campagna elettorale annunciato la ripresa di una grande stagione diplomatica come driver per la cura della politica estera. Fino a poco tempo fa, si poteva registrare un vistoso successo nell\u2019agglutinare l\u2019intero Occidente collettivo alle intenzioni di Washington. In Medio Oriente per\u00f2, gli USA hanno registrato una altrettanto vistosa perdita di grip. Con l\u2019India, gli anglosassoni non hanno fatto passi avanti, nonostante un deciso impegno, almeno fino ad oggi. Due appuntamenti in agenda diranno di altre due aree chiave.<\/div>\n<\/div>\n<div class=\"cxmmr5t8 oygrvhab hcukyx3x c1et5uql o9v6fnle ii04i59q\">\n<div dir=\"auto\">Si \u00e8 appena tenuto a Washington il vertice USA-ASEAN che non aveva risultati chiari da raggiungere ed infatti non paiono esserci dichiarazioni di risultato. Non si incontravano da sei anni e quindi valeva come \u201capertura\u201d di dialogo. Ma gli analisti diplomatici segnalano che l\u2019elenco dei punti di divergenza \u00e8 ampio, si va dai modi diversi di intendere le relazioni con Russia e Cina, la questione Myanmar, il disordine delle catene di approvvigionamento, le incipienti crisi alimentari ed energetiche, i rapporti di prevalenza tra QUAD ed ASEAN e soprattutto le questioni commerciali, dato che gli USA si sono ritirati a loro tempo dal CPTPP e non si sono inseriti nel RECEP, n\u00e9 l\u2019amministrazione Biden mostra volont\u00e0 di cambiare tali assetti anche per contrariet\u00e0 del Congresso e forse mancanza stessa di possibile offerta commerciale reciproca. Gli americani si sono presentati con un regalino di 150 milioni di investimenti, ma la Cina ne stanzia 1,5 di miliardi e gli stessi USA ne stanziano 40 di miliardi solo per l\u2019ultima tranche per l\u2019Ucraina. Il 24 maggio dovrebbe tenersi a Tokyo il vertice QUAD (USA, India, Giappone, Australia) sempre che le elezioni in Australia il 21 maggio non diano risultati tellurici.<\/div>\n<\/div>\n<div class=\"cxmmr5t8 oygrvhab hcukyx3x c1et5uql o9v6fnle ii04i59q\">\n<div dir=\"auto\">Grande confusione c\u2019\u00e8 sul prossimo \u201cSummit of Americas\u201d indetto dagli USA a Los Angeles ai primi di giugno. Forse non verranno invitati Venezuela, Nicaragua e Cuba. Allora per\u00f2 non parteciperebbe il presidente messicano e con lui Bolivia ed Honduras e pare neanche Bolsonaro (Brasile), cos\u00ec per i 15 membri della Comunit\u00e0 caraibica (CARICOM) soprattutto se si escludesse Cuba e si invitasse Guaid\u00f2 invece di Maduro. L\u2019impressione \u00e8 che il mondo \u00e8 diventato davvero complicato, dietro ogni paese e area regionale del mondo, ci sono aspettative, timori, intenzioni, che formano complesse ragnatele di interessi potenzialmente divergenti. Dopo due anni di Covid e col pandemonio che si va dipanando con la questione Ucraina (tra cui il disastro alimentare e delle materie prime), oltrech\u00e9 l\u2019ostracismo di sfondo verso la Cina, con l\u2019economia globale in subbuglio e nessuna certezza per il futuro, in assenza di miliardi e miliardi con cui comprare amicizie, per gli Stati Uniti, divisi al loro interno, pare sia davvero difficile darsi un ruolo ancora centrale e dominante.<\/div>\n<\/div>\n<div class=\"cxmmr5t8 oygrvhab hcukyx3x c1et5uql o9v6fnle ii04i59q\">\n<div dir=\"auto\">Entro fine anno, sotto la presidenza di turno cinese, si terr\u00e0 poi il XIV meeting dei BRICS e vedremo come ci arriveranno, tenuto conto che prima c\u2019\u00e8 il G20 in Indonesia a novembre dove gli americani sarebbero in grande imbarazzo se fosse invitato Putin, anche se non si vede come non poterlo invitare visto che la Russia fa parte del G20 di diritto. N\u00e9 molti paesi sarebbero intenzionati a farlo.<\/div>\n<\/div>\n<div class=\"cxmmr5t8 oygrvhab hcukyx3x c1et5uql o9v6fnle ii04i59q\">\n<div dir=\"auto\">Detto a grandi linee della forza, vediamo il tempo. I russi, nell\u2019iniziare il conflitto, contavano sul tempo. La narrazione ufficiale occidentale vuole ci fosse una intenzione originaria si blitzkrieg su Kiev con estromissione veloce di Zelensky, suo sostituto \u201camico\u201d e quindi cosa rapida e relativamente indolore. Credo invece che i russi abbiano pianificato una guerra lunga, credendo che il tempo avrebbe giocato a loro favore. C\u2019\u00e8 infatti un dilemma strutturale nei due schieramenti. L\u2019Occidente \u00e8 molto pi\u00f9 forte ma molto pi\u00f9 plurale e la pluralit\u00e0 quando si tratta di conflitti importanti e duraturi, \u00e8 un problema.<\/div>\n<\/div>\n<div class=\"cxmmr5t8 oygrvhab hcukyx3x c1et5uql o9v6fnle ii04i59q\">\n<div dir=\"auto\">Nel tempo, vengono fuori le differenze. Cos\u00ec agli europei occidentali presi inizialmente in contropiede dagli eventi, appaiono oggi i prezzi qui da noi gi\u00e0 previsti dai primi giorni: questione energetica, questione alimentare, disordine globale, migrazioni, instabilit\u00e0, rottura della globalizzazione, inflazione, stagflazione, crisi economica, poi sociale, poi politica. Quanti giorni \u00e8 che non si riesce a varare il nuovo pacchetto delle sanzioni contro la Russia? E questo relativamente al petrolio che \u00e8 ben minore cosa del gas.<\/div>\n<\/div>\n<div class=\"cxmmr5t8 oygrvhab hcukyx3x c1et5uql o9v6fnle ii04i59q\">\n<div dir=\"auto\">Perch\u00e9 la Svezia dovrebbe entrare nella NATO e stante la contrariet\u00e0 turca estesa anche alla Finlandia? La Svezia ha avuto un longevo ruolo di vice-ONU non ufficiale, una terziet\u00e0 molto utile in un mondo complesso. La Svezia non ha semplicemente confini di terra con la Russia e non ha alcun motivo di temere una supposta invasione russa o un attacco (anche perch\u00e9 c\u2019\u00e8 la Finlandia di mezzo), per cosa poi? Apparentemente qualche ragione in pi\u00f9 l\u2019avrebbe la Finlandia, ma davvero c\u2019\u00e8 un rischio di invasione russa della Finlandia? Per cosa? Cinque milioni di persone non russofone con molti alci e nessuna materia prima di rilievo in un territorio sotto-abitato ed immenso impossibile da tenere per supposti invasori che hanno gi\u00e0 i loro problemi nel piccolo Donbass? Svezia e Finlandia servono per esser arruolate nel prossimo conflitto dell\u2019Artico e stante poi che non hanno alcun affaccio sull\u2019Artico (sebbene facciano parte del Consiglio ora sospeso per ostracizzarne la Russia), ma potrebbero all\u2019occorrenza creare attriti che distraggano Mosca dal futuro conflitto principale. E Mosca si far\u00e0 mettere i missili ad Helsinki che dista da San Pietroburgo come Roma da Bologna via strada e molto meno via aria, facendosi chiudere l\u2019accesso al Baltico? Se ne sentiva cos\u00ec forte il bisogno? Per ora Ankara s\u2019\u00e8 messa di traverso, vediamo come finir\u00e0, come nel caso dell\u2019Ungheria sul petrolio, si espone uno ma non \u00e8 detto dietro non ce ne siano altri carichi di dubbi.<\/div>\n<\/div>\n<div class=\"cxmmr5t8 oygrvhab hcukyx3x c1et5uql o9v6fnle ii04i59q\">\n<div dir=\"auto\">Cos\u00ec per l\u2019entrata dalla porta di servizio dell\u2019Ucraina in UE e dopo aver apparentemente superato il dissidio Ucraina-Germania, il nuovo Ucraina-Francia con Macron che dopo Scholz e Bennett, al solo proporre di scegliere cosa concedere a Putin, diventa nemico numero uno di Kiev. Ma la notizia del giorno \u00e8 la telefonata di Austin e Shoigu per un cessate il fuoco. Lo stanziamento dei 40 mld americani \u00e8 incappato nel Senato dove Rand Paul s\u2019\u00e8 messo di traverso contro la procedura di velocizzazione del voto, annullandola. Alla fine, verr\u00e0 approvato, ma i tempi destano preoccupazione. Austin ha detto che la prossima settimana terminano i fondi gi\u00e0 stanziati e cos\u00ec la catena di forniture agli ucraini avr\u00f2 un buco. Nel frattempo, i russi hanno finito di far affluire le truppe prima dislocate a nord nel Donbass e presumibilmente si apprestano a sferrare un grosso attacco. Ecco perch\u00e9 \u00e8 stata chiesta la tregua, rifiutata ovviamente.<\/div>\n<\/div>\n<div class=\"cxmmr5t8 oygrvhab hcukyx3x c1et5uql o9v6fnle ii04i59q\">\n<div dir=\"auto\">Di contro, anche i russi debbono fa i conti col tempo, tempo in cui lavorano le sanzioni, il degrado della forza militare, lo stato d\u2019animo dei combattenti, i dissidi interni semmai ve ne fossero (ce ne saranno senz\u2019altro anche se non ne abbiamo notizie), il continuo proliferare di minacce come quella della Finlandia.<\/div>\n<\/div>\n<div class=\"cxmmr5t8 oygrvhab hcukyx3x c1et5uql o9v6fnle ii04i59q\">\n<div dir=\"auto\">La guerra, s&#8217;\u00e9 capito, ufficialmente non finir\u00e0 mai e il traguardo realistico \u00e8 il cessate il fuoco con congelamento delle posizioni di fatto e successiva guerriglia, schermaglie e reciproche accuse e sempre che i russi non vogliano annettersi i territori presi cos\u00ec da metterli dentro i confini giuridici della prima potenza nucleare. Per arrivare alle posizioni attese dai russi, che chiss\u00e0 poi quali sono, se quelle dichiarate all\u2019inizio e nuove versioni ancora non esplicitate, ci vorr\u00e0 tempo e quindi chi la dura di pi\u00f9, la vincer\u00e0. Con un limite temporale per Biden, le elezioni di mid-term a novembre.<\/div>\n<\/div>\n<div class=\"cxmmr5t8 oygrvhab hcukyx3x c1et5uql o9v6fnle ii04i59q\">\n<div dir=\"auto\">Putin pensa che nelle questioni di strategia, nel tempo, l\u2019Uno ha vantaggio sui Molti. Anche per via dei diversi modi decisionali, la vecchia e nota questione dei sistemi c.d. &#8220;democratici&#8221; che consumano tempo e portano a mediazioni continue. Per questo gli ateniesi eleggevano ogni anno lo &#8220;stratego&#8221;. Speriamo solo non si avveri la profezia di Keynes per il quale \u201cnel lungo periodo siamo tutti morti\u201d. Il resto lo vedremo \u2026<\/div>\n<\/div>\n<\/div>\n<\/div>\n<\/div>\n<\/div>\n<div id=\"jsc_c_dm\" class=\"l9j0dhe7\">\n<div class=\"l9j0dhe7\">\n<div>\n<div class=\"bp9cbjyn cwj9ozl2 j83agx80 cbu4d94t ni8dbmo4 stjgntxs l9j0dhe7 k4urcfbm\">\n<div>\n<div class=\"do00u71z ni8dbmo4 stjgntxs l9j0dhe7\">\n<div class=\"pmk7jnqg kr520xx4\"><img loading=\"lazy\" decoding=\"async\" class=\"i09qtzwb n7fi1qx3 datstx6m pmk7jnqg j9ispegn kr520xx4 k4urcfbm bixrwtb6\" src=\"https:\/\/scontent.fbgy1-2.fna.fbcdn.net\/v\/t39.30808-6\/280547133_10226135427307760_677760326471719668_n.jpg?_nc_cat=105&amp;ccb=1-6&amp;_nc_sid=730e14&amp;_nc_ohc=gkw5W-HHPVkAX8OEado&amp;_nc_ht=scontent.fbgy1-2.fna&amp;oh=00_AT-qf0lZjmoSgH7H68ZzWM1PNdGsVnavT0qZ45nz4LMaIQ&amp;oe=62898DDE\" alt=\"Potrebbe essere un'immagine raffigurante 1 persona, scacchi e spazio al chiuso\" width=\"768\" height=\"402\" \/><\/div>\n<\/div>\n<\/div>\n<\/div>\n<\/div>\n<\/div>\n<\/div>\n<\/div>\n<p style=\"text-align: justify\"><strong>Fonte<\/strong>:\u00a0<a href=\"https:\/\/www.facebook.com\/pierluigi.fagan\/posts\/10226135427467764\">https:\/\/www.facebook.com\/pierluigi.fagan\/posts\/10226135427467764<\/a><\/p>\n","protected":false},"excerpt":{"rendered":"<p>di Pierluigi Fagan Nel conflitto inteso nel senso pi\u00f9 ampio, tra Occidente e Russia, giocano prevalentemente due variabili: la forza ed il tempo. Sul piano della forza, gli ucraini sarebbero tra un terzo ed un quarto dei russi, ma giocando in difesa della loro terra, hanno dalla loro senz\u2019altro pi\u00f9 intenzionalit\u00e0 dei russi. La ragione dell\u2019invasione russa in Ucraina non \u00e8 facilmente spiegabile e condivisibile nel mondo russo. Tale ragione \u00e8 ad un livello molto&#46;&#46;&#46;<\/p>\n","protected":false},"author":97,"featured_media":72268,"comment_status":"open","ping_status":"open","sticky":false,"template":"","format":"standard","meta":{"jetpack_post_was_ever_published":false,"_jetpack_newsletter_access":"","_jetpack_dont_email_post_to_subs":false,"_jetpack_newsletter_tier_id":0,"_jetpack_memberships_contains_paywalled_content":false,"_jetpack_memberships_contains_paid_content":false,"footnotes":"","jetpack_publicize_message":"","jetpack_publicize_feature_enabled":true,"jetpack_social_post_already_shared":true,"jetpack_social_options":{"image_generator_settings":{"template":"highway","enabled":false},"version":2}},"categories":[32],"tags":[],"jetpack_publicize_connections":[],"jetpack_featured_media_url":"https:\/\/appelloalpopolo.it\/wp-content\/uploads\/2022\/05\/cropped-les_fibres_de_la_mati_re_blanc.jpg","jetpack_sharing_enabled":true,"jetpack_shortlink":"https:\/\/wp.me\/p7ZaJ4-iNB","_links":{"self":[{"href":"https:\/\/appelloalpopolo.it\/index.php?rest_route=\/wp\/v2\/posts\/72267"}],"collection":[{"href":"https:\/\/appelloalpopolo.it\/index.php?rest_route=\/wp\/v2\/posts"}],"about":[{"href":"https:\/\/appelloalpopolo.it\/index.php?rest_route=\/wp\/v2\/types\/post"}],"author":[{"embeddable":true,"href":"https:\/\/appelloalpopolo.it\/index.php?rest_route=\/wp\/v2\/users\/97"}],"replies":[{"embeddable":true,"href":"https:\/\/appelloalpopolo.it\/index.php?rest_route=%2Fwp%2Fv2%2Fcomments&post=72267"}],"version-history":[{"count":1,"href":"https:\/\/appelloalpopolo.it\/index.php?rest_route=\/wp\/v2\/posts\/72267\/revisions"}],"predecessor-version":[{"id":72269,"href":"https:\/\/appelloalpopolo.it\/index.php?rest_route=\/wp\/v2\/posts\/72267\/revisions\/72269"}],"wp:featuredmedia":[{"embeddable":true,"href":"https:\/\/appelloalpopolo.it\/index.php?rest_route=\/wp\/v2\/media\/72268"}],"wp:attachment":[{"href":"https:\/\/appelloalpopolo.it\/index.php?rest_route=%2Fwp%2Fv2%2Fmedia&parent=72267"}],"wp:term":[{"taxonomy":"category","embeddable":true,"href":"https:\/\/appelloalpopolo.it\/index.php?rest_route=%2Fwp%2Fv2%2Fcategories&post=72267"},{"taxonomy":"post_tag","embeddable":true,"href":"https:\/\/appelloalpopolo.it\/index.php?rest_route=%2Fwp%2Fv2%2Ftags&post=72267"}],"curies":[{"name":"wp","href":"https:\/\/api.w.org\/{rel}","templated":true}]}}