{"id":72949,"date":"2022-06-17T01:40:10","date_gmt":"2022-06-16T23:40:10","guid":{"rendered":"https:\/\/appelloalpopolo.it\/?p=72949"},"modified":"2022-06-17T06:58:13","modified_gmt":"2022-06-17T04:58:13","slug":"le-possibili-cause-del-crescente-astensionismo","status":"publish","type":"post","link":"https:\/\/appelloalpopolo.it\/?p=72949","title":{"rendered":"Le possibili cause del crescente astensionismo"},"content":{"rendered":"<div>\n<p dir=\"auto\" style=\"text-align: justify;\">di GILBERTO TROMBETTA (RI Roma)<\/p>\n<p dir=\"auto\" style=\"text-align: justify;\">L&#8217;Italia \u00e8 passata da una media di partecipazione al voto del 93% tra il 1953 e il 1976 al 73% delle politiche del 2018. Tenendo conto delle tornate elettorali locali degli ultimi anni, si tratta di una percentuale destinata a calare ulteriormente. Certo, si tratta di un trend comune in molti Paesi sviluppati. Ci sono quindi alcune cause comuni e altre che dipendono da specificit\u00e0 italiane.<\/p>\n<p dir=\"auto\" style=\"text-align: justify;\">Cos&#8217;\u00e8 successo a met\u00e0 anni &#8217;70 in Italia che potrebbe spiegare l&#8217;inizio del crollo? Alcune cause, come si diceva, sono specifiche italiane. Il &#8217;68, lo stragismo, il compromesso storico, l&#8217;omicidio di Moro, la P2. Tanto per citare alcuni avvenimenti che hanno sicuramente contribuito ad allontanare i cittadini dalla politica e, quindi, dalle urne.<\/p>\n<p dir=\"auto\" style=\"text-align: justify;\">Altre cause sono intervenute poi nel corso degli anni, aggravando un processo iniziato verso la met\u00e0 degli anni 70. Le varie riforme elettorali (maggioritario, abolizione del finanziamento pubblico ai partiti, le liste bloccate), Gladio, Tangentopoli, la trattativa Stato-mafia.<\/p>\n<p dir=\"auto\" style=\"text-align: justify;\">Ma, tornando agli anni in cui \u00e8 iniziato l&#8217;inesorabile crollo della partecipazione alla vita politica del Paese, non si pu\u00f2 non notare una perfetta coincidenza di tempi con la fine del paradigma politico ed economico che ci aveva regalato il cosiddetto trentennio glorioso (1945\/75) e l&#8217;inizio della controrivoluzione neoliberista.<\/p>\n<p dir=\"auto\" style=\"text-align: justify;\">Siamo passati da un sistema in cui la lotta di classe era mediata all&#8217;interno delle Istituzioni grazie a un Parlamento funzionante, con uno Stato che puntava sul lavoro e sui salari, con una Banca Centrale al servizio dello Stato, con un grande potere contrattuale dei lavoratori rispetto al capitale, con un&#8217;economia fortemente incentrata sul mercato interno, con una sana inflazione da domanda, con una finanza fortemente regolamentata, a un sistema antitetico.<\/p>\n<p dir=\"auto\" style=\"text-align: justify;\">Un sistema cio\u00e8 in cui il Parlamento \u00e8 stato fortemente indebolito, in cui la Banca Centrale dipende dai mercati e non dall&#8217;azione di Governo, in cui i lavoratori hanno perso sempre pi\u00f9 potere a causa di una lunga serie di riforme regressive, in cui la finanza \u00e8 fortemente deregolamentata, in cui vige la libera circolazione di merci, capitali e lavoro, in cui la rendita da capitale e la quota profitti sono tornate a crescere a danno dei salari.<\/p>\n<p dir=\"auto\" style=\"text-align: justify;\">Per riavvicinare i cittadini alla politica e alle urne \u00e8 fondamentale proporre un modello diverso, antitetico, a quello degli ultimi quarant&#8217;anni. Un modello che rimetta finalmente al centro la dignit\u00e0 della persona. Iniziando ovviamente dal lavoro e dal salario. Un modello meno dipendente dall&#8217;esterno e pi\u00f9 centrato sull&#8217;indipendenza nazionale. Un modello che rimetta al centro non tanto la Costituzione in quanto tale, ma i diritti da essa sanciti. \u00abL&#8217;Italia \u00e8 una Repubblica democratica, fondata sul lavoro. La sovranit\u00e0 appartiene al popolo, che la esercita nelle forme e nei limiti della Costituzione\u00bb.<\/p>\n<p dir=\"auto\" style=\"text-align: justify;\">Per riuscirci, la prima condizione, necessaria ma non sufficiente, \u00e8 quella del recupero della sovranit\u00e0. Politica (cio\u00e8 smettere di essere una colonia), economica (riappropriarsi della nostra moneta) e popolare (riappropriarci delle Istituzioni che sono state occupate da un manipolo di ciarlatani e di traditori).<\/p>\n<p dir=\"auto\" style=\"text-align: justify;\">Non ci salver\u00e0 nessuno. Dipende tutto da noi.<\/p>\n<\/div>\n","protected":false},"excerpt":{"rendered":"<p>di GILBERTO TROMBETTA (RI Roma) L&#8217;Italia \u00e8 passata da una media di partecipazione al voto del 93% tra il 1953 e il 1976 al 73% delle politiche del 2018. Tenendo conto delle tornate elettorali locali degli ultimi anni, si tratta di una percentuale destinata a calare ulteriormente. Certo, si tratta di un trend comune in molti Paesi sviluppati. Ci sono quindi alcune cause comuni e altre che dipendono da specificit\u00e0 italiane. Cos&#8217;\u00e8 successo a met\u00e0&#46;&#46;&#46;<\/p>\n","protected":false},"author":4,"featured_media":72956,"comment_status":"open","ping_status":"open","sticky":false,"template":"","format":"standard","meta":{"jetpack_post_was_ever_published":false,"_jetpack_newsletter_access":"","_jetpack_dont_email_post_to_subs":false,"_jetpack_newsletter_tier_id":0,"_jetpack_memberships_contains_paywalled_content":false,"_jetpack_memberships_contains_paid_content":false,"footnotes":"","jetpack_publicize_message":"","jetpack_publicize_feature_enabled":true,"jetpack_social_post_already_shared":true,"jetpack_social_options":{"image_generator_settings":{"template":"highway","enabled":false},"version":2}},"categories":[6196,6],"tags":[],"jetpack_publicize_connections":[],"jetpack_featured_media_url":"https:\/\/appelloalpopolo.it\/wp-content\/uploads\/2022\/06\/FVOqyOCXwAUDkYt.jpg","jetpack_sharing_enabled":true,"jetpack_shortlink":"https:\/\/wp.me\/p7ZaJ4-iYB","_links":{"self":[{"href":"https:\/\/appelloalpopolo.it\/index.php?rest_route=\/wp\/v2\/posts\/72949"}],"collection":[{"href":"https:\/\/appelloalpopolo.it\/index.php?rest_route=\/wp\/v2\/posts"}],"about":[{"href":"https:\/\/appelloalpopolo.it\/index.php?rest_route=\/wp\/v2\/types\/post"}],"author":[{"embeddable":true,"href":"https:\/\/appelloalpopolo.it\/index.php?rest_route=\/wp\/v2\/users\/4"}],"replies":[{"embeddable":true,"href":"https:\/\/appelloalpopolo.it\/index.php?rest_route=%2Fwp%2Fv2%2Fcomments&post=72949"}],"version-history":[{"count":3,"href":"https:\/\/appelloalpopolo.it\/index.php?rest_route=\/wp\/v2\/posts\/72949\/revisions"}],"predecessor-version":[{"id":72957,"href":"https:\/\/appelloalpopolo.it\/index.php?rest_route=\/wp\/v2\/posts\/72949\/revisions\/72957"}],"wp:featuredmedia":[{"embeddable":true,"href":"https:\/\/appelloalpopolo.it\/index.php?rest_route=\/wp\/v2\/media\/72956"}],"wp:attachment":[{"href":"https:\/\/appelloalpopolo.it\/index.php?rest_route=%2Fwp%2Fv2%2Fmedia&parent=72949"}],"wp:term":[{"taxonomy":"category","embeddable":true,"href":"https:\/\/appelloalpopolo.it\/index.php?rest_route=%2Fwp%2Fv2%2Fcategories&post=72949"},{"taxonomy":"post_tag","embeddable":true,"href":"https:\/\/appelloalpopolo.it\/index.php?rest_route=%2Fwp%2Fv2%2Ftags&post=72949"}],"curies":[{"name":"wp","href":"https:\/\/api.w.org\/{rel}","templated":true}]}}