{"id":72959,"date":"2022-06-18T00:19:58","date_gmt":"2022-06-17T22:19:58","guid":{"rendered":"https:\/\/appelloalpopolo.it\/?p=72959"},"modified":"2022-06-19T09:24:10","modified_gmt":"2022-06-19T07:24:10","slug":"limportanza-del-lavoro","status":"publish","type":"post","link":"https:\/\/appelloalpopolo.it\/?p=72959","title":{"rendered":"L&#8217;importanza del lavoro"},"content":{"rendered":"<p style=\"text-align: justify;\">di MICHELE DURANTE (RI Genova)<\/p>\n<p style=\"text-align: justify;\"><span style=\"text-align: justify;\">Forse, per la prima volta da quando ho iniziato a lavorare (ho ventisette anni e ho iniziato a diciannove), ho la possibilit\u00e0 di ottenere un lavoro stabile con una retribuzione sufficiente a condurre una vita dignitosa, a comprarmi una casa e a mantenere la mia futura famiglia. Posso dire senza dubbio che anche solo la prospettiva di un lavoro stabile e dignitoso ti cambia la vita.<\/span><\/p>\n<p style=\"text-align: justify;\"><span style=\"text-align: justify;\">Ristabilire le condizioni affinch\u00e9 tutti possano beneficiare di un reddito sufficiente a condurre una vita libera che consenta di partecipare alla vita politica, economica e sociale del Paese sar\u00e0 lo scopo politico della mia vita. Non scorder\u00f2 mai questi anni di precariet\u00e0 e sofferenza per la mancanza di prospettive.<\/span><\/p>\n<p style=\"text-align: justify;\"><span style=\"text-align: justify;\">Lavorare per ristabilire la piena occupazione di qualit\u00e0 in Italia \u00e8 un dovere imposto dalla Costituzione del 1948 che non possiamo ignorare. Dobbiamo attuare il programma costituzionale a tutti i costi e per farlo dovremo cacciare i neoliberali dal potere, uscire dall&#8217;Unione europea e riportare la Costituzione al vertice dell&#8217;ordinamento italiano, stracciando i trattati europei che impongono disoccupazione, precariet\u00e0 e aumento delle tasse e tutto ci\u00f2 che impoverisce da decenni l&#8217;Italia.<\/span><\/p>\n<p style=\"text-align: justify;\"><span style=\"text-align: justify;\">Per farlo dovremo cacciare gli esecutori del programma europeista neoliberale, ossia il partito unico che ci governa e l&#8217;intera attuale classe dirigente che esso esprime. Lo faremo per le generazioni future: noi probabilmente dovremo soffrire e resistere ancora per un bel po&#8217;.<\/span><\/p>\n<p style=\"text-align: justify;\"><span style=\"text-align: justify;\">Ci libereremo.<\/span><\/p>\n","protected":false},"excerpt":{"rendered":"<p>di MICHELE DURANTE (RI Genova) Forse, per la prima volta da quando ho iniziato a lavorare (ho ventisette anni e ho iniziato a diciannove), ho la possibilit\u00e0 di ottenere un lavoro stabile con una retribuzione sufficiente a condurre una vita dignitosa, a comprarmi una casa e a mantenere la mia futura famiglia. Posso dire senza dubbio che anche solo la prospettiva di un lavoro stabile e dignitoso ti cambia la vita. Ristabilire le condizioni affinch\u00e9&#46;&#46;&#46;<\/p>\n","protected":false},"author":4,"featured_media":72976,"comment_status":"open","ping_status":"open","sticky":false,"template":"","format":"standard","meta":{"jetpack_post_was_ever_published":false,"_jetpack_newsletter_access":"","_jetpack_dont_email_post_to_subs":false,"_jetpack_newsletter_tier_id":0,"_jetpack_memberships_contains_paywalled_content":false,"_jetpack_memberships_contains_paid_content":false,"footnotes":"","jetpack_publicize_message":"","jetpack_publicize_feature_enabled":true,"jetpack_social_post_already_shared":true,"jetpack_social_options":{"image_generator_settings":{"template":"highway","enabled":false},"version":2}},"categories":[6196,6],"tags":[],"jetpack_publicize_connections":[],"jetpack_featured_media_url":"https:\/\/appelloalpopolo.it\/wp-content\/uploads\/2022\/06\/primo-diritto-il-lavoro.png","jetpack_sharing_enabled":true,"jetpack_shortlink":"https:\/\/wp.me\/p7ZaJ4-iYL","_links":{"self":[{"href":"https:\/\/appelloalpopolo.it\/index.php?rest_route=\/wp\/v2\/posts\/72959"}],"collection":[{"href":"https:\/\/appelloalpopolo.it\/index.php?rest_route=\/wp\/v2\/posts"}],"about":[{"href":"https:\/\/appelloalpopolo.it\/index.php?rest_route=\/wp\/v2\/types\/post"}],"author":[{"embeddable":true,"href":"https:\/\/appelloalpopolo.it\/index.php?rest_route=\/wp\/v2\/users\/4"}],"replies":[{"embeddable":true,"href":"https:\/\/appelloalpopolo.it\/index.php?rest_route=%2Fwp%2Fv2%2Fcomments&post=72959"}],"version-history":[{"count":2,"href":"https:\/\/appelloalpopolo.it\/index.php?rest_route=\/wp\/v2\/posts\/72959\/revisions"}],"predecessor-version":[{"id":72975,"href":"https:\/\/appelloalpopolo.it\/index.php?rest_route=\/wp\/v2\/posts\/72959\/revisions\/72975"}],"wp:featuredmedia":[{"embeddable":true,"href":"https:\/\/appelloalpopolo.it\/index.php?rest_route=\/wp\/v2\/media\/72976"}],"wp:attachment":[{"href":"https:\/\/appelloalpopolo.it\/index.php?rest_route=%2Fwp%2Fv2%2Fmedia&parent=72959"}],"wp:term":[{"taxonomy":"category","embeddable":true,"href":"https:\/\/appelloalpopolo.it\/index.php?rest_route=%2Fwp%2Fv2%2Fcategories&post=72959"},{"taxonomy":"post_tag","embeddable":true,"href":"https:\/\/appelloalpopolo.it\/index.php?rest_route=%2Fwp%2Fv2%2Ftags&post=72959"}],"curies":[{"name":"wp","href":"https:\/\/api.w.org\/{rel}","templated":true}]}}