{"id":73780,"date":"2022-08-04T09:00:30","date_gmt":"2022-08-04T07:00:30","guid":{"rendered":"https:\/\/appelloalpopolo.it\/?p=73780"},"modified":"2022-08-03T17:45:07","modified_gmt":"2022-08-03T15:45:07","slug":"gli-errori-di-al-sadr-e-al-maliki-cosa-vogliono-dalliraq","status":"publish","type":"post","link":"https:\/\/appelloalpopolo.it\/?p=73780","title":{"rendered":"Gli errori di al-Sadr e al-Maliki: cosa vogliono dall\u2019Iraq?"},"content":{"rendered":"<p><strong>da ELIJAH MAGNIER BLOG<\/strong><\/p>\n<figure class=\"wp-block-image size-full\"><a href=\"https:\/\/i0.wp.com\/ejmagnier.com\/wp-content\/uploads\/2022\/08\/1245449.jpg?ssl=1\"><img loading=\"lazy\" decoding=\"async\" class=\"wp-image-21072 jetpack-lazy-image jetpack-lazy-image--handled\" src=\"https:\/\/i0.wp.com\/ejmagnier.com\/wp-content\/uploads\/2022\/08\/1245449.jpg?resize=800%2C532&amp;ssl=1\" alt=\"\" width=\"800\" height=\"532\" data-attachment-id=\"21072\" data-permalink=\"https:\/\/ejmagnier.com\/2022\/08\/02\/%ef%bf%bcthe-mistakes-of-al-sadr-and-al-maliki-what-do-they-want-from-iraq\/attachment\/1245449\/\" data-orig-file=\"https:\/\/i0.wp.com\/ejmagnier.com\/wp-content\/uploads\/2022\/08\/1245449.jpg?fit=800%2C532&amp;ssl=1\" data-orig-size=\"800,532\" data-comments-opened=\"0\" data-image-meta=\"{&quot;aperture&quot;:&quot;0&quot;,&quot;credit&quot;:&quot;&quot;,&quot;camera&quot;:&quot;&quot;,&quot;caption&quot;:&quot;&quot;,&quot;created_timestamp&quot;:&quot;0&quot;,&quot;copyright&quot;:&quot;&quot;,&quot;focal_length&quot;:&quot;0&quot;,&quot;iso&quot;:&quot;0&quot;,&quot;shutter_speed&quot;:&quot;0&quot;,&quot;title&quot;:&quot;&quot;,&quot;orientation&quot;:&quot;0&quot;}\" data-image-title=\"1245449\" data-image-description=\"\" data-image-caption=\"\" data-medium-file=\"https:\/\/i0.wp.com\/ejmagnier.com\/wp-content\/uploads\/2022\/08\/1245449.jpg?fit=300%2C200&amp;ssl=1\" data-large-file=\"https:\/\/i0.wp.com\/ejmagnier.com\/wp-content\/uploads\/2022\/08\/1245449.jpg?fit=800%2C532&amp;ssl=1\" data-recalc-dims=\"1\" data-lazy-loaded=\"1\" \/><\/a><\/figure>\n<p>Non c\u2019\u00e8 una guerra civile in Iraq n\u00e9 una battaglia sciita-sciita al momento, nonostante la sfilata di armi, l\u2019occupazione del Parlamento e della \u201cZona Verde\u201d pi\u00f9 protetta della capitale Baghdad da parte dei manifestanti sadristi. Tuttavia, ci\u00f2 non significa che sia escluso, a un certo punto, uno scontro in strada tra i manifestanti, poich\u00e9 il \u201cmovimento sadrista\u201d invita i manifestanti a rimanere in strada e a occupare il Parlamento. Tuttavia, il \u201cquadro di coordinamento\u201d sciita (gli altri gruppi sciiti che si oppongono ai sadristi) non rimarr\u00e0 inattivo, a seconda dell\u2019evoluzione della situazione e di ci\u00f2 che vuole il gruppo sadrista. Sayyed Muqtada al-Sadr dice di voler governare il Paese o che nessun altro pu\u00f2 farlo. Sta camminando sull\u2019orlo dell\u2019abisso, probabilmente puntando inconsapevolmente a nuove elezioni parlamentari. A ci\u00f2 fa riscontro l\u2019insistenza dell\u2019ex primo ministro e vicepresidente Nuri al-Maliki a procedere con l\u2019elezione di un nuovo governo, approfittando dell\u2019errore di al-Sadr di ritirarsi dal Parlamento. Dove stanno andando le cose in Iraq e cosa vogliono le due parti? Gli sciiti saranno responsabili del caos nel Paese?<\/p>\n<p>Il movimento sadrista ha vinto le elezioni parlamentari con il maggior numero di rappresentanti ottenuti da un singolo partito (73 seggi parlamentari). La Corte federale lo ha affrontato con un\u2019interpretazione costituzionale: qualsiasi partito politico ha il diritto di accrescere i propri alleati \u2013 anche dopo l\u2019elezione del Presidente della Repubblica \u2013 e pretendere di diventare colui che elegge il Primo Ministro, a patto che riesca a raccogliere il numero pi\u00f9 significativo di parlamentari sotto un\u2019unica coalizione.<\/p>\n<p>Nonostante l\u2019interpretazione della Costituzione da parte della Corte federale, Sayyed Muqtada al-Sadr ha riunito un\u2019alleanza di curdi e sunniti ed \u00e8 diventato la coalizione pi\u00f9 grande con il diritto di scegliere i leader del Paese. Tuttavia, la Corte federale ha elaborato una nuova interpretazione che d\u00e0 a qualsiasi gruppo parlamentare che possiede il terzo di blocco la possibilit\u00e0 di impedire la sessione di elezione del Primo Ministro e del Presidente della Repubblica per mancanza del quorum.<\/p>\n<p>Sayyid Muqtada si \u00e8 trovato nell\u2019impossibilit\u00e0 di procedere da solo con i suoi alleati sunniti e curdi per formare il governo, e non era pi\u00f9 possibile scavalcare gli altri partiti sciiti. Cos\u00ec, ha annunciato la peggiore decisione che abbia mai preso, chiedendo a tutti i suoi parlamentari di dimettersi e cedendo tutti i suoi seggi ad altri partiti sciiti. Il \u201cquadro di coordinamento\u201d, prima spaventato, si \u00e8 entusiasmato e ha colto l\u2019opportunit\u00e0 di raccogliere la maggior parte dei 73 seggi e di diventare colui che elegge il Presidente e il Primo Ministro.<\/p>\n<p>Sembra che Sayyed Muqtada fosse in agguato. Ma o ha sbagliato i calcoli e si \u00e8 pentito di essersi ritirato dal Parlamento, ed ecco che si rifugia in strada per impedire al \u201cquadro di coordinamento\u201d di scegliere i nuovi leader. Oppure stava pianificando la cosa e voleva in anticipo rifare le elezioni parlamentari e crede che le manifestazioni siano questo il modo per raggiungere il suo obiettivo. Tuttavia, Al-Sadr si sbaglia nella sua decisione di indire nuove elezioni parlamentari, perch\u00e9 potrebbe guadagnare 10-20 seggi in pi\u00f9, ma non diventer\u00e0 mai l\u2019unico decisore che non ha bisogno di nessun altro partito politico per scegliere i leader dell\u2019Iraq.<\/p>\n<p>Al-Sadr non cerca di combattere la corruzione di cui \u00e8 accusato di far parte perch\u00e9 ha partecipato a tutti i governi precedenti. Inoltre, Sayyed Moqtada si \u00e8 alleato nelle ultime elezioni con Masoud Barzani, accusato di corruzione e di aver venduto il petrolio iracheno senza rendere conto a Turchia e Israele. Pertanto, l\u2019obiettivo di Sayyed Moqtada \u00e8 quello di governare l\u2019Iraq come unico leader sciita e potrebbe non esitare a ricorrere alla violenza, come ha fatto nel 2004 nella citt\u00e0 santa di Najaf.<\/p>\n<p>D\u2019altra parte, anche l\u2019ex Primo Ministro Nuri al-Malikial vuole il potere per s\u00e9. Nessuno all\u2019interno del \u201cquadro di coordinamento\u201d vuole che Al-Maliki torni di nuovo come Primo Ministro perch\u00e9 gli ultimi anni del suo governo hanno dimostrato il suo desiderio di monopolio del potere. Inoltre, la Marjaiya di Najaf ha rifiutato il suo ritorno al potere con lo slogan \u201cL\u2019Iraq non deve riportare al potere chi si \u00e8 gi\u00e0 macchiato\u201d. Il Grande Ayatollah Sayyed Ali Sistani ha scritto una lettera a tutti i partiti politici sciiti (nel 2015) chiedendo di confermare il rifiuto del ritorno di al-Maliki come Primo Ministro.Ma al-Maliki ritiene che, avendo raggiunto l\u2019et\u00e0 di 72 anni, questa sia la sua ultima possibilit\u00e0 di tornare al potere. Non vuole che le elezioni si ripetano perch\u00e9 ha ottenuto 32 seggi parlamentari e si prevede che nuove elezioni gli daranno meno seggi di quelli che ha gi\u00e0 ottenuto. Inoltre, al-Maliki non si fida dei partiti politici del \u201cquadro di coordinamento\u201d che sta guidando. Al-Maliki \u2013 che non si \u00e8 mai fidato di nessuno dei suoi alleati \u2013 ritiene che lo \u201csceicco dei mujahedeen\u201d Hadi al-Amiri possa rivoltarsi contro di lui. A meno che l\u2019Iran non intervenga con i diversi partiti del \u201ccoordinamento quadro\u201d per evitare uno scontro con Sayyed al-Sadr ed eviti di impegnarsi in un conflitto sciita-sciita, la situazione in Iraq si avvia verso l\u2019ignoto. Tuttavia, l\u2019Iran \u2013 che influenza l\u2019Iraq \u2013 non pu\u00f2 cambiare il suo percorso politico perch\u00e9 il suo potere di intervento \u00e8 limitato, anche se \u00e8 nell\u2019interesse di Teheran vedere un Iraq stabile.<\/p>\n<div class=\"wp-block-premium-content-container\">\n<div class=\"wp-block-premium-content-subscriber-view entry-content\">\n<p>Gli sciiti sono accusati di essere responsabili del caos politico e il governo non si oppone all\u2019occupazione sadrista del Parlamento e della \u201cZona Verde\u201d. Inoltre, l\u2019attacco dei sostenitori di al-Sadr agli uffici del \u201cPartito Dawa\u201d (affiliato a Maliki) e dell&#8217;\u201dHizb al-Hikma\u201d (affiliato a Sayyed Ammar al-Hakim) ricorda il 2004, quando i sostenitori di al-Sadr attaccarono gli uffici degli studiosi e della Marjaiya (tra cui Sayyed Sistani) a Najaf e presero il controllo della citt\u00e0 santa prima di scontrarsi con le forze americane.<\/p>\n<p>Sembra che Sayyed Moqtada al-Sadr non abbia una strategia. Per modificare la costituzione occorre un consenso che non c\u2019\u00e8. Secondo la costituzione, se tre province (come i curdi, ad esempio) rifiutano qualsiasi modifica della costituzione, non si pu\u00f2 fare nulla. Inoltre, come pu\u00f2 al-Sadr modificare la costituzione senza il parlamento occupato dai suoi seguaci? Solo l\u2019autorit\u00e0 legislativa ha il potere di modificare la costituzione, a seguito di intense riunioni di comitati specializzati e non in manifestazioni di piazza dove si pu\u00f2 ottenere solo il caos.<\/p>\n<p>Inoltre, l\u2019ex ministro Muhammad Shiaa al-Sudani \u00e8 stato presentato dal \u201cQuadro di coordinamento\u201d come candidato alla carica di Primo Ministro. Di solito, quando il nome di un candidato viene proposto in mezzo a un disaccordo generale, tende a durare poco e a essere sostituito con un candidato pi\u00f9 compromesso. Nuri al-Maliki aveva gi\u00e0 proposto il nome di al-Sudani quando Adel Abdul-Mahdi era stato eletto nel 2018. Ha presentato il suo nome anche nel 2019, ma \u00e8 stato respinto perch\u00e9 al-Maliki lo ha abbandonato all\u2019ultimo momento, in quanto sperava di guidare lui stesso il governo.<\/p>\n<p>Di conseguenza, proporre il nome di al-Sudani \u00e8 considerata una manovra di Al-Maliki. Tuttavia, al-Maliki non si aspettava che Sayyed al-Sadr scendesse in piazza dopo, e non prima, della formazione del governo. Al-Sudani ha solo tre deputati (ne ha ottenuti due dopo le dimissioni del movimento sadrista dal Parlamento). Di conseguenza, \u00e8 politicamente debole, e questo \u00e8 esattamente ci\u00f2 che al-Maliki vuole per controllare la premiership se Muqtada al-Sadr accetta \u2013 cosa che non \u00e8 pi\u00f9 possibile.<\/p>\n<p>Qual \u00e8 la soluzione? Non c\u2019\u00e8 soluzione se non quella che l\u2019attuale Primo Ministro, Mustafa Al-Kadhemi, continui a guidare il governo fino alla rielezione di un nuovo parlamento, perch\u00e9 al-Sadr non accetter\u00e0 alcun candidato presentato dal \u201cquadro di coordinamento\u201d. Al-Sadr non \u00e8 in grado di prendere il potere con la forza delle armi o delle manifestazioni, perch\u00e9 anche il \u201cQuadro di coordinamento\u201d ha decine di migliaia di seguaci, \u00e8 armato e pu\u00f2 opporsi a qualsiasi colpo di Stato, se questo \u00e8 ci\u00f2 che al-Sadr vuole.<\/p>\n<p>Sayyed Muqtada al-Sadr ha rinunciato ai suoi seggi parlamentari, una mossa suicida che dimostra il suo dilettantismo in politica e la sua errata convinzione di poter governare l\u2019Iraq da solo. Anche Al-Maliki credeva erroneamente di poter tornare al potere. Le due parti non si sono accorte che il mondo stava affrontando una nuova sfida, dando vita al multipolarismo, lottando con l\u2019inflazione, il deterioramento del valore d\u2019acquisto delle valute e l\u2019espansione del numero di poveri in tutto il mondo. Nessuna regione ha bisogno di un conflitto inter-sciita in Iraq, dove gli sciiti e non altre forze straniere sono gli unici responsabili.<\/p>\n<p>Di conseguenza, anche se si decidesse di rieleggere al-Sadr potrebbe ottenere 10-20 seggi in pi\u00f9 in Parlamento rispetto ai 73 ottenuti alle ultime elezioni. Questo lo costringer\u00e0 a formare pi\u00f9 o meno la stessa alleanza con i curdi e i partiti sunniti, ma dovr\u00e0 nuovamente confrontarsi con gli altri gruppi sciiti nel \u201cquadro di coordinamento\u201d, anche se \u00e8 meno popolare, poich\u00e9 potrebbe avere meno seggi parlamentari. Per tutti i partiti politici iracheni, al-Sadr ha dato prova di aggressivit\u00e0 e ha minacciato una recrudescenza della violenza se la situazione politica non dovesse volgere a suo favore. Questo atteggiamento rivela Moqtada al-Sadr come un dittatore che non riuscir\u00e0 a trovare alleati nemmeno tra i sunniti e i curdi, temendo di vedere i Sadristi al potere in qualsiasi momento del futuro.<\/p>\n<\/div>\n<\/div>\n<p>&nbsp;<\/p>\n<p><strong>FONTE: <a href=\"https:\/\/ejmagnier.com\/2022\/08\/02\/%ef%bf%bcgli-errori-di-al-sadr-e-al-maliki-cosa-vogliono-dalliraq\/\">https:\/\/ejmagnier.com\/2022\/08\/02\/%ef%bf%bcgli-errori-di-al-sadr-e-al-maliki-cosa-vogliono-dalliraq\/<\/a><\/strong><\/p>\n","protected":false},"excerpt":{"rendered":"<p>da ELIJAH MAGNIER BLOG Non c\u2019\u00e8 una guerra civile in Iraq n\u00e9 una battaglia sciita-sciita al momento, nonostante la sfilata di armi, l\u2019occupazione del Parlamento e della \u201cZona Verde\u201d pi\u00f9 protetta della capitale Baghdad da parte dei manifestanti sadristi. Tuttavia, ci\u00f2 non significa che sia escluso, a un certo punto, uno scontro in strada tra i manifestanti, poich\u00e9 il \u201cmovimento sadrista\u201d invita i manifestanti a rimanere in strada e a occupare il Parlamento. Tuttavia, il&#46;&#46;&#46;<\/p>\n","protected":false},"author":107,"featured_media":67493,"comment_status":"open","ping_status":"open","sticky":false,"template":"","format":"standard","meta":{"jetpack_post_was_ever_published":false,"_jetpack_newsletter_access":"","_jetpack_dont_email_post_to_subs":false,"_jetpack_newsletter_tier_id":0,"_jetpack_memberships_contains_paywalled_content":false,"_jetpack_memberships_contains_paid_content":false,"footnotes":"","jetpack_publicize_message":"","jetpack_publicize_feature_enabled":true,"jetpack_social_post_already_shared":true,"jetpack_social_options":{"image_generator_settings":{"template":"highway","enabled":false},"version":2}},"categories":[32],"tags":[],"jetpack_publicize_connections":[],"jetpack_featured_media_url":"https:\/\/appelloalpopolo.it\/wp-content\/uploads\/2021\/09\/elijah.jpg","jetpack_sharing_enabled":true,"jetpack_shortlink":"https:\/\/wp.me\/p7ZaJ4-jc0","_links":{"self":[{"href":"https:\/\/appelloalpopolo.it\/index.php?rest_route=\/wp\/v2\/posts\/73780"}],"collection":[{"href":"https:\/\/appelloalpopolo.it\/index.php?rest_route=\/wp\/v2\/posts"}],"about":[{"href":"https:\/\/appelloalpopolo.it\/index.php?rest_route=\/wp\/v2\/types\/post"}],"author":[{"embeddable":true,"href":"https:\/\/appelloalpopolo.it\/index.php?rest_route=\/wp\/v2\/users\/107"}],"replies":[{"embeddable":true,"href":"https:\/\/appelloalpopolo.it\/index.php?rest_route=%2Fwp%2Fv2%2Fcomments&post=73780"}],"version-history":[{"count":2,"href":"https:\/\/appelloalpopolo.it\/index.php?rest_route=\/wp\/v2\/posts\/73780\/revisions"}],"predecessor-version":[{"id":73782,"href":"https:\/\/appelloalpopolo.it\/index.php?rest_route=\/wp\/v2\/posts\/73780\/revisions\/73782"}],"wp:featuredmedia":[{"embeddable":true,"href":"https:\/\/appelloalpopolo.it\/index.php?rest_route=\/wp\/v2\/media\/67493"}],"wp:attachment":[{"href":"https:\/\/appelloalpopolo.it\/index.php?rest_route=%2Fwp%2Fv2%2Fmedia&parent=73780"}],"wp:term":[{"taxonomy":"category","embeddable":true,"href":"https:\/\/appelloalpopolo.it\/index.php?rest_route=%2Fwp%2Fv2%2Fcategories&post=73780"},{"taxonomy":"post_tag","embeddable":true,"href":"https:\/\/appelloalpopolo.it\/index.php?rest_route=%2Fwp%2Fv2%2Ftags&post=73780"}],"curies":[{"name":"wp","href":"https:\/\/api.w.org\/{rel}","templated":true}]}}