{"id":74182,"date":"2022-08-31T03:16:43","date_gmt":"2022-08-31T01:16:43","guid":{"rendered":"https:\/\/appelloalpopolo.it\/?p=74182"},"modified":"2022-08-30T23:26:02","modified_gmt":"2022-08-30T21:26:02","slug":"morire-per-maastricht-e-per-washington","status":"publish","type":"post","link":"https:\/\/appelloalpopolo.it\/?p=74182","title":{"rendered":"Morire per Maastricht (e per Washington)"},"content":{"rendered":"<p style=\"text-align: justify;\">di GILBERTO TROMBETTA<\/p>\n<div class=\"l7ghb35v kjdc1dyq kmwttqpk gh25dzvf jikcssrz n3t5jt4f\" style=\"text-align: justify;\">\n<div dir=\"auto\">Su ordine di Unione Europea e USA, l\u2019attuale classe politica italiana, la peggiore della nostra storia, ci sta mandando a schiantare a 300 chilometri all\u2019ora contro un muro. I fattori che ci hanno portati a questa disastrosa situazione non sono colpa del destino cinico e baro. Sono tutti causati da precise scelte politiche. E dipendono tutte, nessuna esclusa, da imposizioni provenienti da Unione Europea e USA.<\/div>\n<\/div>\n<div class=\"l7ghb35v kjdc1dyq kmwttqpk gh25dzvf jikcssrz n3t5jt4f\" style=\"text-align: justify;\">\n<div dir=\"auto\"><\/div>\n<div dir=\"auto\">La liberalizzazione del mercato energetico dipende dalla nostra appartenenza alla UE. Al grido di \u201cce lo chiede l\u2019Europa\u201d la nostra classe dirigente ha privatizzato le aziende energetiche e liberalizzato il mercato delle materie prime energetiche.<\/div>\n<\/div>\n<div class=\"l7ghb35v kjdc1dyq kmwttqpk gh25dzvf jikcssrz n3t5jt4f\" style=\"text-align: justify;\">\n<div dir=\"auto\"><\/div>\n<div dir=\"auto\">La prima scelta comporta che oggi ENI sia una semplice partecipata (Cassa Depositi e Prestiti detiene circa il 30% delle azioni). Non \u00e8 una vera azienda pubblica e neanche una controllata (lo Stato dovrebbe possedere pi\u00f9 del 50% delle azioni). \u00c8 inoltre quotata in borsa: quindi, pur essendo formalmente una partecipata, viene gestita come fosse un\u2019azienda privata. Pensando cio\u00e8 pi\u00f9 agli utili e ai dividendi che alla qualit\u00e0 del servizio e alla riduzione dei costi per i cittadini.<\/div>\n<\/div>\n<div class=\"l7ghb35v kjdc1dyq kmwttqpk gh25dzvf jikcssrz n3t5jt4f\" style=\"text-align: justify;\">\n<div dir=\"auto\"><\/div>\n<div dir=\"auto\">Certo, avessimo una classe politica degna di questo nome e soprattutto impegnata nel difendere gli interessi nazionali e dei cittadini italiani, anche con quel 30% CDP potrebbe fare pressioni affinch\u00e9 i mostruosi utili registrati da ENI nel primo semestre di quest\u2019anno (<a href=\"https:\/\/www.ansa.it\/...\/eni-lutile-del-semestre-sale-a...\">7,4 miliardi, il 570% in pi\u00f9 rispetto al primo semestre dello scorso anno<\/a>) vengano utilizzati per calmierare i prezzi delle bollette.<\/div>\n<div dir=\"auto\"><\/div>\n<\/div>\n<div class=\"l7ghb35v kjdc1dyq kmwttqpk gh25dzvf jikcssrz n3t5jt4f\" style=\"text-align: justify;\">\n<div dir=\"auto\">Lo Stato potrebbe ovviamente anche sospendere le imposte sulle bollette. Che pesano per il 40% sulla bolletta del gas e per il 30% su quella elettrica.<\/div>\n<\/div>\n<div class=\"l7ghb35v kjdc1dyq kmwttqpk gh25dzvf jikcssrz n3t5jt4f\" style=\"text-align: justify;\">\n<div dir=\"auto\">Ma, ci dicono dal Governo, che mancano le risorse. Peccato che nelle casse del Tesoro stazionino <a href=\"https:\/\/www.dt.mef.gov.it\/...\/Liquidita-del-Tesoro-Luglio...\">quasi 100 miliardi di euro<\/a>. La realt\u00e0 \u00e8 che l\u2019Unione Europea, sempre lei, non ci concederebbe un ulteriore scostamento di bilancio.<\/div>\n<\/div>\n<div class=\"l7ghb35v kjdc1dyq kmwttqpk gh25dzvf jikcssrz n3t5jt4f\" style=\"text-align: justify;\">\n<div dir=\"auto\"><\/div>\n<div dir=\"auto\">La seconda scelta, quella della liberalizzazione del mercato, ha fatto s\u00ec che i contratti a lungo termine, in base ai quali fino al 2013 era fissato il prezzo del gas, venissero progressivamente fatti sparire perch\u00e9 ritenuti &#8220;contrari all\u2019affermazione di una piena concorrenza dei mercati&#8221;. E cos\u00ec oggi il prezzo del gas, in mano al \u201clibero mercato\u201d dei prezzi spot, \u00e8 arrivato a circa 300 al Megawattora. <a href=\"https:\/\/www.rivistaenergia.it\/...\/la-crisi-del-gas-e...\/\">Contro i 30 circa dei contratti pluriennali<\/a>. Dieci volte di pi\u00f9, un affarone\u2026<\/div>\n<\/div>\n<div class=\"l7ghb35v kjdc1dyq kmwttqpk gh25dzvf jikcssrz n3t5jt4f\">\n<div dir=\"auto\" style=\"text-align: justify;\"><\/div>\n<div dir=\"auto\" style=\"text-align: justify;\">Sono poi iniziate le scellerate politiche di \u201ctransizione energetica\u201d imposte dalla UE che hanno portato i costi dei permessi per l\u2019emissione della CO2 &#8211; e quindi le nostre bollette &#8211; ad <a href=\"https:\/\/euractiv.it\/...\/il-prezzo-della-co2-schizza-a-75...\/\">aumentare vertiginosamente<\/a>.<\/div>\n<\/div>\n<div class=\"l7ghb35v kjdc1dyq kmwttqpk gh25dzvf jikcssrz n3t5jt4f\">\n<div dir=\"auto\"><\/div>\n<div dir=\"auto\" style=\"text-align: justify;\">Infine, come ciliegina sulla torta, la UE ha deciso su ordine degli USA di imporre delle autolesioniste sanzioni alla Russia. Solo quelli in malafede e\/o ignoranti potevano infatti pensare che quelle sanzioni avrebbero danneggiato la Russia e non chi le imponeva. Cio\u00e8 noi. E infatti <a href=\"https:\/\/www.economist.com\/...\/why-the-russian-economy...]\">anche l\u2019Economist<\/a>\u00a0ha dovuto ammetterlo.<\/div>\n<\/div>\n<div class=\"l7ghb35v kjdc1dyq kmwttqpk gh25dzvf jikcssrz n3t5jt4f\">\n<div dir=\"auto\"><\/div>\n<div dir=\"auto\" style=\"text-align: justify;\">Nazionalizzazione del settore energetico, regolamentazione del mercato dei prezzi, sospensione delle imposte energetiche, indipendenza nelle scelte di politica energetica, cancellazione delle sanzioni alla Russia. Tutto quello che l\u2019Italia dovrebbe e potrebbe fare per affrontare e risolvere la crisi energetica non \u00e8 possibile senza violare i trattati sovranazionali. Non \u00e8 possibile senza mettere radicalmente in discussione il vincolo esterno. Sia quello unionista, sia quello atlantista.<\/div>\n<\/div>\n<div class=\"l7ghb35v kjdc1dyq kmwttqpk gh25dzvf jikcssrz n3t5jt4f\">\n<div dir=\"auto\"><\/div>\n<div dir=\"auto\" style=\"text-align: justify;\">Ecco perch\u00e9 al primo punto del programma di Italia Sovrana e Popolare abbiamo messo la rottura del vincolo esterno. Perch\u00e9 siamo stanchi di morire per Maastricht. E per Washington. Vogliamo vivere per l\u2019Italia. Per un\u2019Italia Sovrana e Popolare.<\/div>\n<\/div>\n<div class=\"l7ghb35v kjdc1dyq kmwttqpk gh25dzvf jikcssrz n3t5jt4f\">\n<div dir=\"auto\"><\/div>\n<div dir=\"auto\"><\/div>\n<\/div>\n","protected":false},"excerpt":{"rendered":"<p>di GILBERTO TROMBETTA Su ordine di Unione Europea e USA, l\u2019attuale classe politica italiana, la peggiore della nostra storia, ci sta mandando a schiantare a 300 chilometri all\u2019ora contro un muro. I fattori che ci hanno portati a questa disastrosa situazione non sono colpa del destino cinico e baro. Sono tutti causati da precise scelte politiche. E dipendono tutte, nessuna esclusa, da imposizioni provenienti da Unione Europea e USA. La liberalizzazione del mercato energetico dipende&#46;&#46;&#46;<\/p>\n","protected":false},"author":110,"featured_media":74183,"comment_status":"open","ping_status":"open","sticky":false,"template":"","format":"standard","meta":{"jetpack_post_was_ever_published":false,"_jetpack_newsletter_access":"","_jetpack_dont_email_post_to_subs":false,"_jetpack_newsletter_tier_id":0,"_jetpack_memberships_contains_paywalled_content":false,"_jetpack_memberships_contains_paid_content":false,"footnotes":"","jetpack_publicize_message":"","jetpack_publicize_feature_enabled":true,"jetpack_social_post_already_shared":true,"jetpack_social_options":{"image_generator_settings":{"template":"highway","enabled":false},"version":2}},"categories":[6196,6],"tags":[],"jetpack_publicize_connections":[],"jetpack_featured_media_url":"https:\/\/appelloalpopolo.it\/wp-content\/uploads\/2022\/08\/contatore_gas_ug_in_alluminio_attacchi_x_x_mm_10066052_picture.webp","jetpack_sharing_enabled":true,"jetpack_shortlink":"https:\/\/wp.me\/p7ZaJ4-jiu","_links":{"self":[{"href":"https:\/\/appelloalpopolo.it\/index.php?rest_route=\/wp\/v2\/posts\/74182"}],"collection":[{"href":"https:\/\/appelloalpopolo.it\/index.php?rest_route=\/wp\/v2\/posts"}],"about":[{"href":"https:\/\/appelloalpopolo.it\/index.php?rest_route=\/wp\/v2\/types\/post"}],"author":[{"embeddable":true,"href":"https:\/\/appelloalpopolo.it\/index.php?rest_route=\/wp\/v2\/users\/110"}],"replies":[{"embeddable":true,"href":"https:\/\/appelloalpopolo.it\/index.php?rest_route=%2Fwp%2Fv2%2Fcomments&post=74182"}],"version-history":[{"count":1,"href":"https:\/\/appelloalpopolo.it\/index.php?rest_route=\/wp\/v2\/posts\/74182\/revisions"}],"predecessor-version":[{"id":74184,"href":"https:\/\/appelloalpopolo.it\/index.php?rest_route=\/wp\/v2\/posts\/74182\/revisions\/74184"}],"wp:featuredmedia":[{"embeddable":true,"href":"https:\/\/appelloalpopolo.it\/index.php?rest_route=\/wp\/v2\/media\/74183"}],"wp:attachment":[{"href":"https:\/\/appelloalpopolo.it\/index.php?rest_route=%2Fwp%2Fv2%2Fmedia&parent=74182"}],"wp:term":[{"taxonomy":"category","embeddable":true,"href":"https:\/\/appelloalpopolo.it\/index.php?rest_route=%2Fwp%2Fv2%2Fcategories&post=74182"},{"taxonomy":"post_tag","embeddable":true,"href":"https:\/\/appelloalpopolo.it\/index.php?rest_route=%2Fwp%2Fv2%2Ftags&post=74182"}],"curies":[{"name":"wp","href":"https:\/\/api.w.org\/{rel}","templated":true}]}}