{"id":74589,"date":"2022-09-23T15:45:24","date_gmt":"2022-09-23T13:45:24","guid":{"rendered":"https:\/\/appelloalpopolo.it\/?p=74589"},"modified":"2022-09-23T15:31:58","modified_gmt":"2022-09-23T13:31:58","slug":"non-vi-promettiamo-nulla","status":"publish","type":"post","link":"https:\/\/appelloalpopolo.it\/?p=74589","title":{"rendered":"Non vi promettiamo nulla"},"content":{"rendered":"<p>di SIMONE GARILLI<\/p>\n<p style=\"text-align: justify;\">Molti di coloro che sentono parlare per la prima volta di Italia Sovrana e Popolare si chiedono, del tutto legittimamente, a che serve un nuovo partito, partendo dal presupposto che non manterr\u00e0 le promesse.<\/p>\n<p style=\"text-align: justify;\">\u00c8 proprio per questo che abbiamo voluto mettere al primo punto del nostro programma l&#8217;uscita dell&#8217;Italia dall&#8217;Unione Europea. Senza affrontare quel nodo, che \u00e8 il nodo assolutamente fondamentale, tutte le altre promesse che sentite in campagna elettorale, da destra e da sinistra, sono fandonie, balle, prese in giro.<\/p>\n<p style=\"text-align: justify;\">Dunque la profonda diversit\u00e0 tra ISP e tutti gli altri, che dovrebbe intrigare chi \u00e8 in cerca di una rappresentanza, \u00e8 che ISP ve lo dice chiaramente: oggi in Italia, per noi lavoratori autonomi e subordinati, per noi piccole e medie imprese che vendono sul mercato interno, non si pu\u00f2 fare NULLA.<\/p>\n<p style=\"text-align: justify;\">Dobbiamo iniziare una lotta di liberazione dai vincoli giuridici e finanziari dell&#8217;Unione Europea e dai vincoli di politica estera rappresentati dalla Nato. O questo, o il NULLA.<\/p>\n","protected":false},"excerpt":{"rendered":"<p>di SIMONE GARILLI Molti di coloro che sentono parlare per la prima volta di Italia Sovrana e Popolare si chiedono, del tutto legittimamente, a che serve un nuovo partito, partendo dal presupposto che non manterr\u00e0 le promesse. \u00c8 proprio per questo che abbiamo voluto mettere al primo punto del nostro programma l&#8217;uscita dell&#8217;Italia dall&#8217;Unione Europea. Senza affrontare quel nodo, che \u00e8 il nodo assolutamente fondamentale, tutte le altre promesse che sentite in campagna elettorale, da&#46;&#46;&#46;<\/p>\n","protected":false},"author":4,"featured_media":74590,"comment_status":"open","ping_status":"open","sticky":false,"template":"","format":"standard","meta":{"jetpack_post_was_ever_published":false,"_jetpack_newsletter_access":"","_jetpack_dont_email_post_to_subs":false,"_jetpack_newsletter_tier_id":0,"_jetpack_memberships_contains_paywalled_content":false,"_jetpack_memberships_contains_paid_content":false,"footnotes":"","jetpack_publicize_message":"","jetpack_publicize_feature_enabled":true,"jetpack_social_post_already_shared":true,"jetpack_social_options":{"image_generator_settings":{"template":"highway","enabled":false},"version":2}},"categories":[6196,6],"tags":[],"jetpack_publicize_connections":[],"jetpack_featured_media_url":"https:\/\/appelloalpopolo.it\/wp-content\/uploads\/2022\/09\/Uscire-dall-euro-i-quattro-motivi-per-non-farlo1-scaled.jpg","jetpack_sharing_enabled":true,"jetpack_shortlink":"https:\/\/wp.me\/p7ZaJ4-jp3","_links":{"self":[{"href":"https:\/\/appelloalpopolo.it\/index.php?rest_route=\/wp\/v2\/posts\/74589"}],"collection":[{"href":"https:\/\/appelloalpopolo.it\/index.php?rest_route=\/wp\/v2\/posts"}],"about":[{"href":"https:\/\/appelloalpopolo.it\/index.php?rest_route=\/wp\/v2\/types\/post"}],"author":[{"embeddable":true,"href":"https:\/\/appelloalpopolo.it\/index.php?rest_route=\/wp\/v2\/users\/4"}],"replies":[{"embeddable":true,"href":"https:\/\/appelloalpopolo.it\/index.php?rest_route=%2Fwp%2Fv2%2Fcomments&post=74589"}],"version-history":[{"count":1,"href":"https:\/\/appelloalpopolo.it\/index.php?rest_route=\/wp\/v2\/posts\/74589\/revisions"}],"predecessor-version":[{"id":74591,"href":"https:\/\/appelloalpopolo.it\/index.php?rest_route=\/wp\/v2\/posts\/74589\/revisions\/74591"}],"wp:featuredmedia":[{"embeddable":true,"href":"https:\/\/appelloalpopolo.it\/index.php?rest_route=\/wp\/v2\/media\/74590"}],"wp:attachment":[{"href":"https:\/\/appelloalpopolo.it\/index.php?rest_route=%2Fwp%2Fv2%2Fmedia&parent=74589"}],"wp:term":[{"taxonomy":"category","embeddable":true,"href":"https:\/\/appelloalpopolo.it\/index.php?rest_route=%2Fwp%2Fv2%2Fcategories&post=74589"},{"taxonomy":"post_tag","embeddable":true,"href":"https:\/\/appelloalpopolo.it\/index.php?rest_route=%2Fwp%2Fv2%2Ftags&post=74589"}],"curies":[{"name":"wp","href":"https:\/\/api.w.org\/{rel}","templated":true}]}}