{"id":74729,"date":"2022-10-04T01:19:34","date_gmt":"2022-10-03T23:19:34","guid":{"rendered":"https:\/\/appelloalpopolo.it\/?p=74729"},"modified":"2022-10-03T15:33:34","modified_gmt":"2022-10-03T13:33:34","slug":"esiste-davvero-in-italia-un-dissenso-diffuso","status":"publish","type":"post","link":"https:\/\/appelloalpopolo.it\/?p=74729","title":{"rendered":"Esiste davvero in Italia un &#8220;dissenso diffuso&#8221;?"},"content":{"rendered":"<p>di STEFANO D&#8217;ANDREA<\/p>\n<p style=\"text-align: justify;\">Secondo alcuni, i partiti antisistema non avrebbero intercettato il dissenso diffuso.<\/p>\n<p style=\"text-align: justify;\">Ma esiste davvero in Italia un dissenso diffuso?<\/p>\n<p style=\"text-align: justify;\">\u00c8\u00a0diffusa l&#8217;opinione di chi vuol tornare all&#8217;economia mista, quindi al dirigismo creditizio, al controllo del tasso di indebitamento dello Stato, ai vincoli alla circolazione dei capitali, agli aiuti di Stato?<\/p>\n<p style=\"text-align: justify;\">\u00c8 diffusa l&#8217;opinione che esprime questa volont\u00e0 nella consapevolezza che per realizzarla si debba uscire dall&#8217;Unione Europea o disintegrarla?<\/p>\n<p style=\"text-align: justify;\">\u00c8 diffusa l&#8217;opinione critica sui concetti di mercato e di concorrenza?<\/p>\n<p style=\"text-align: justify;\">\u00c8\u00a0diffusa l&#8217;idea che la NATO sia un&#8217;alleanza aggressiva e guerrafondaia?<\/p>\n<p style=\"text-align: justify;\">\u00c8\u00a0diffusa l&#8217;idea che il popolo senza partiti veri e seri e quindi popolari \u00e8 disarmato?<\/p>\n<p style=\"text-align: justify;\">\u00c8\u00a0diffusa la consapevolezza che il consumatore-spettatore di TV moderno, sebbene laureato, \u00e8 mediamente ingannabile come il cafone di <em>Fontamara<\/em>?<\/p>\n<p style=\"text-align: justify;\">Io non credo. Pertanto, il dissenso non \u00e8 minimamente diffuso. \u00c8\u00a0presente, non pi\u00f9 soltanto in avanguardie, come \u00e8 accaduto per una decina di anni, bens\u00ec in minoranze che tuttavia non superano il 6% dei votanti.<\/p>\n","protected":false},"excerpt":{"rendered":"<p>di STEFANO D&#8217;ANDREA Secondo alcuni, i partiti antisistema non avrebbero intercettato il dissenso diffuso. Ma esiste davvero in Italia un dissenso diffuso? \u00c8\u00a0diffusa l&#8217;opinione di chi vuol tornare all&#8217;economia mista, quindi al dirigismo creditizio, al controllo del tasso di indebitamento dello Stato, ai vincoli alla circolazione dei capitali, agli aiuti di Stato? \u00c8 diffusa l&#8217;opinione che esprime questa volont\u00e0 nella consapevolezza che per realizzarla si debba uscire dall&#8217;Unione Europea o disintegrarla? \u00c8 diffusa l&#8217;opinione critica&#46;&#46;&#46;<\/p>\n","protected":false},"author":4,"featured_media":74730,"comment_status":"open","ping_status":"open","sticky":false,"template":"","format":"standard","meta":{"jetpack_post_was_ever_published":false,"_jetpack_newsletter_access":"","_jetpack_dont_email_post_to_subs":false,"_jetpack_newsletter_tier_id":0,"_jetpack_memberships_contains_paywalled_content":false,"_jetpack_memberships_contains_paid_content":false,"footnotes":"","jetpack_publicize_message":"","jetpack_publicize_feature_enabled":true,"jetpack_social_post_already_shared":true,"jetpack_social_options":{"image_generator_settings":{"template":"highway","enabled":false},"version":2}},"categories":[6196,6],"tags":[],"jetpack_publicize_connections":[],"jetpack_featured_media_url":"https:\/\/appelloalpopolo.it\/wp-content\/uploads\/2022\/10\/MFN-scaled.jpg","jetpack_sharing_enabled":true,"jetpack_shortlink":"https:\/\/wp.me\/p7ZaJ4-jrj","_links":{"self":[{"href":"https:\/\/appelloalpopolo.it\/index.php?rest_route=\/wp\/v2\/posts\/74729"}],"collection":[{"href":"https:\/\/appelloalpopolo.it\/index.php?rest_route=\/wp\/v2\/posts"}],"about":[{"href":"https:\/\/appelloalpopolo.it\/index.php?rest_route=\/wp\/v2\/types\/post"}],"author":[{"embeddable":true,"href":"https:\/\/appelloalpopolo.it\/index.php?rest_route=\/wp\/v2\/users\/4"}],"replies":[{"embeddable":true,"href":"https:\/\/appelloalpopolo.it\/index.php?rest_route=%2Fwp%2Fv2%2Fcomments&post=74729"}],"version-history":[{"count":1,"href":"https:\/\/appelloalpopolo.it\/index.php?rest_route=\/wp\/v2\/posts\/74729\/revisions"}],"predecessor-version":[{"id":74731,"href":"https:\/\/appelloalpopolo.it\/index.php?rest_route=\/wp\/v2\/posts\/74729\/revisions\/74731"}],"wp:featuredmedia":[{"embeddable":true,"href":"https:\/\/appelloalpopolo.it\/index.php?rest_route=\/wp\/v2\/media\/74730"}],"wp:attachment":[{"href":"https:\/\/appelloalpopolo.it\/index.php?rest_route=%2Fwp%2Fv2%2Fmedia&parent=74729"}],"wp:term":[{"taxonomy":"category","embeddable":true,"href":"https:\/\/appelloalpopolo.it\/index.php?rest_route=%2Fwp%2Fv2%2Fcategories&post=74729"},{"taxonomy":"post_tag","embeddable":true,"href":"https:\/\/appelloalpopolo.it\/index.php?rest_route=%2Fwp%2Fv2%2Ftags&post=74729"}],"curies":[{"name":"wp","href":"https:\/\/api.w.org\/{rel}","templated":true}]}}