{"id":74927,"date":"2022-10-15T00:57:32","date_gmt":"2022-10-14T22:57:32","guid":{"rendered":"https:\/\/appelloalpopolo.it\/?p=74927"},"modified":"2022-10-14T20:08:47","modified_gmt":"2022-10-14T18:08:47","slug":"i-lavoratori-di-ansaldo-lottano-anche-per-noi","status":"publish","type":"post","link":"https:\/\/appelloalpopolo.it\/?p=74927","title":{"rendered":"I lavoratori di Ansaldo lottano anche per noi"},"content":{"rendered":"<p>di MICHELE DURANTE<\/p>\n<p style=\"text-align: justify;\">I lavoratori di Ansaldo Energia non stanno difendendo legittimamente e con ogni mezzo &#8220;solo&#8221; il proprio posto di lavoro &#8211; e gi\u00e0 solo questo basta per schierarci dalla loro parte senza <em>se<\/em> e senza <em>ma<\/em> &#8211; ma anche un&#8217;importantissima azienda strategica (nel settore dell&#8217;energia) per tutto il Paese.<\/p>\n<p style=\"text-align: justify;\">Ansaldo Energia, infatti, non solo \u00e8 un&#8217;azienda storica italiana che opera nel settore dell&#8217;energia dal 1853, che ha prodotto nel 1912 la prima turbina a vapore e nel 1923 il primo impianto di generazione elettrica, ma \u00e8 anche e soprattutto un produttore di energia all&#8217;avanguardia e innovativo che fornisce centrali elettriche complete &#8220;chiavi in mano&#8221;. Non solo costruisce turbine sia a vapore sia a gas e generatori ma anche centrali elettriche nucleari e vanta una notevole esperienza nel campo dei reattori nucleari.<\/p>\n<p style=\"text-align: justify;\">Insomma, in un momento storico come questo, con la crisi energetica che ci strozza, non a caso viene attaccata questa fondamentale e strategica azienda storica italiana. Un&#8217;azienda che, qualora volessimo muoverci sempre di pi\u00f9 verso una maggiore indipendenza energetica, sarebbe fondamentale per qualsiasi sviluppo di politiche energetiche, dalla ricerca e dall&#8217;innovazione alla produzione, nonch\u00e9 per l&#8217;implementazione di collaborazioni con altri paesi, volte alla realizzazione di impianti e all&#8217;interscambio di competenze e conoscenze.<\/p>\n<p style=\"text-align: justify;\">Non a caso viene attaccata e minacciata la chiusura e la svendita, dicevo. Sottrarre Ansaldo Energia &#8211; miracolosamente ancora a maggioranza pubblica (cdp) nonostante i molti attacchi del mercato predatorio globale &#8211; dal controllo del Governo italiano equivale a togliere l&#8217;ultima e cortissima leva sostanziale di politica energetica all&#8217;Italia. I lavoratori di Ansaldo Energia stanno difendendo l&#8217;interesse nazionale pi\u00f9 dell&#8217;attuale classe politica e dirigente italiana, e noi ci schieriamo al loro fianco.<\/p>\n<p style=\"text-align: justify;\">Chi ha avuto l&#8217;ardire di definire questi lavoratori patrioti dei &#8220;teppisti&#8221; dovrebbe, oltre che vergognarsi, dimettersi dagli incarichi istituzionali che ricopre, giacch\u00e9 non \u00e8 in grado di vedere gli interessi strategici del Paese e del territorio n\u00e9 tantomeno di difenderli; inoltre, dimostra di essere totalmente privo di una qualsivoglia coscienza e conoscenza dei diritti fondamentali dei cittadini, primo su tutti quello al lavoro.<\/p>\n<p style=\"text-align: justify;\">Diritto al lavoro che giustamente i fratelli scesi in piazza per protestare stanno difendendo in ogni modo dal predatorio libero mercato globale e da una classe dirigente che, non potendo fare l&#8217;interesse nazionale e non volendo difendere i diritti dei cittadini rappresentati, dovrebbe quantomeno astenersi dall&#8217;insultare questi nostri eroi popolari e dal mettere loro i bastoni fra le ruote.<\/p>\n<p>Vi assicuro che ci libereremo di questi cialtroni. Piena solidariet\u00e0 ai lavoratori di Ansaldo Energia, scesi in piazza a Genova, anche per noi.<\/p>\n","protected":false},"excerpt":{"rendered":"<p>di MICHELE DURANTE I lavoratori di Ansaldo Energia non stanno difendendo legittimamente e con ogni mezzo &#8220;solo&#8221; il proprio posto di lavoro &#8211; e gi\u00e0 solo questo basta per schierarci dalla loro parte senza se e senza ma &#8211; ma anche un&#8217;importantissima azienda strategica (nel settore dell&#8217;energia) per tutto il Paese. Ansaldo Energia, infatti, non solo \u00e8 un&#8217;azienda storica italiana che opera nel settore dell&#8217;energia dal 1853, che ha prodotto nel 1912 la prima turbina&#46;&#46;&#46;<\/p>\n","protected":false},"author":4,"featured_media":74928,"comment_status":"open","ping_status":"open","sticky":false,"template":"","format":"standard","meta":{"jetpack_post_was_ever_published":false,"_jetpack_newsletter_access":"","_jetpack_dont_email_post_to_subs":false,"_jetpack_newsletter_tier_id":0,"_jetpack_memberships_contains_paywalled_content":false,"_jetpack_memberships_contains_paid_content":false,"footnotes":"","jetpack_publicize_message":"","jetpack_publicize_feature_enabled":true,"jetpack_social_post_already_shared":true,"jetpack_social_options":{"image_generator_settings":{"template":"highway","enabled":false},"version":2}},"categories":[6196,6],"tags":[],"jetpack_publicize_connections":[],"jetpack_featured_media_url":"https:\/\/appelloalpopolo.it\/wp-content\/uploads\/2022\/10\/ansal.jpg","jetpack_sharing_enabled":true,"jetpack_shortlink":"https:\/\/wp.me\/p7ZaJ4-juv","_links":{"self":[{"href":"https:\/\/appelloalpopolo.it\/index.php?rest_route=\/wp\/v2\/posts\/74927"}],"collection":[{"href":"https:\/\/appelloalpopolo.it\/index.php?rest_route=\/wp\/v2\/posts"}],"about":[{"href":"https:\/\/appelloalpopolo.it\/index.php?rest_route=\/wp\/v2\/types\/post"}],"author":[{"embeddable":true,"href":"https:\/\/appelloalpopolo.it\/index.php?rest_route=\/wp\/v2\/users\/4"}],"replies":[{"embeddable":true,"href":"https:\/\/appelloalpopolo.it\/index.php?rest_route=%2Fwp%2Fv2%2Fcomments&post=74927"}],"version-history":[{"count":1,"href":"https:\/\/appelloalpopolo.it\/index.php?rest_route=\/wp\/v2\/posts\/74927\/revisions"}],"predecessor-version":[{"id":74929,"href":"https:\/\/appelloalpopolo.it\/index.php?rest_route=\/wp\/v2\/posts\/74927\/revisions\/74929"}],"wp:featuredmedia":[{"embeddable":true,"href":"https:\/\/appelloalpopolo.it\/index.php?rest_route=\/wp\/v2\/media\/74928"}],"wp:attachment":[{"href":"https:\/\/appelloalpopolo.it\/index.php?rest_route=%2Fwp%2Fv2%2Fmedia&parent=74927"}],"wp:term":[{"taxonomy":"category","embeddable":true,"href":"https:\/\/appelloalpopolo.it\/index.php?rest_route=%2Fwp%2Fv2%2Fcategories&post=74927"},{"taxonomy":"post_tag","embeddable":true,"href":"https:\/\/appelloalpopolo.it\/index.php?rest_route=%2Fwp%2Fv2%2Ftags&post=74927"}],"curies":[{"name":"wp","href":"https:\/\/api.w.org\/{rel}","templated":true}]}}