{"id":75610,"date":"2022-11-22T08:30:25","date_gmt":"2022-11-22T07:30:25","guid":{"rendered":"https:\/\/appelloalpopolo.it\/?p=75610"},"modified":"2022-11-22T00:25:45","modified_gmt":"2022-11-21T23:25:45","slug":"la-stampa-e-completamente-fuori-controllo-e-rischia-di-farci-ammazzare-tutti","status":"publish","type":"post","link":"https:\/\/appelloalpopolo.it\/?p=75610","title":{"rendered":"La stampa \u00e8 completamente fuori controllo e rischia di farci ammazzare tutti"},"content":{"rendered":"<p><strong>di DATA BASE ITALIA (Davide Donateo)<\/strong><\/p>\n<p><img loading=\"lazy\" decoding=\"async\" class=\"alignnone size-medium wp-image-75611\" src=\"https:\/\/appelloalpopolo.it\/wp-content\/uploads\/2022\/11\/BIRN-Serbia-monitoring-media-300x225.jpg\" alt=\"\" width=\"300\" height=\"225\" srcset=\"https:\/\/appelloalpopolo.it\/wp-content\/uploads\/2022\/11\/BIRN-Serbia-monitoring-media-300x225.jpg 300w, https:\/\/appelloalpopolo.it\/wp-content\/uploads\/2022\/11\/BIRN-Serbia-monitoring-media.jpg 628w\" sizes=\"(max-width: 300px) 100vw, 300px\" \/><\/p>\n<p>Ieri (16 novembre), intorno alle 15.40, un razzo \u00e8 esploso nel villaggio polacco di Przewod\u00f3w. Due persone sono morte. Il presidente ucraino Volodymyr Zelensky\u00a0 <a href=\"https:\/\/twitter.com\/ZelenskyyUa\/status\/1592629883636953090?s=20&amp;t=mXDPW1UK0-gwmo2KXWVtEg\">ha immediatamente incolpato la Russia<\/a>\u00a0, arrivando poi a definire il presunto attacco come un\u00a0\u00a0<a href=\"https:\/\/www.focus.de\/politik\/ausland\/stimmen-zum-ukraine-krieg-g20-gipfel-verabschiedet-abschlusserklaerung-mit-russland-kritik_id_57275780.html\">messaggio di Putin al vertice del G20<\/a>\u00a0.\u00a0Poi l\u2019\u00a0<em>Associated Press\u00a0<\/em>\u00a0<a href=\"https:\/\/apnews.com\/article\/nato-ap-news-alert-europe-poland-government-and-politics-ba48101fd25c86e68e57dc56fe2adf80\">ha riferito di aver sentito da \u201cun alto funzionario dell\u2019intelligence statunitense\u201d affermare che i \u201cmissili russi\u201d erano responsabili dell\u2019attacco<\/a>\u00a0, e da allora in poi i peggiori attori giornalistici tedeschi si sono imbarcati in una serata di oscure speculazioni sulla corretta risposta della NATO a un Attacco russo alla Polonia.\u00a0Gli organi di stampa di alto livello, come\u00a0<em><a href=\"https:\/\/www.zdf.de\/nachrichten\/politik\/polen-russische-raketen-tote-ukraine-krieg-100.html\">ZDF<\/a><\/em>\u00a0, si sono limitati a pubblicare titoli infiammatori sui\u00a0\u00a0<a href=\"http:\/\/nachrichten\/\">razzi russi<\/a>, con le informazioni cruciali \u2013 che i razzi erano di fabbricazione russa, mentre le loro origini immediate non erano chiare \u2013 sepolte nel corpo del pezzo.\u00a0<em>Bild<\/em>\u00a0, d\u2019altra parte, \u00e8 andata all-in,\u00a0\u00a0<a href=\"https:\/\/www.bild.de\/politik\/kolumnen\/kolumne\/kommentar-vom-bild-chefredakteur-putin-spielt-mit-dem-weltkrieg-81956188.bild.html\">con questo incredibile sproloquio del caporedattore Johannes Boie<\/a>\u00a0:<\/p>\n<blockquote class=\"wp-block-quote\"><p>L\u2019ESERCITO RUSSO HA BOMBARDATO LA POLONIA, RIFERISCE L\u2019\u00a0AGENZIA DI STAMPA\u00a0<em>AP , CITANDO UN FUNZIONARIO DELL\u2019INTELLIGENCE USA.<\/em><\/p>\n<p>DUE PERSONE SONO MORTE, ASSASSINATE!<\/p>\n<p>ACCIDENTALE O NO: QUESTO \u00c8 UN ATTACCO ARMATO AL TERRITORIO DELLA NATO!<\/p>\n<p>LE DUE POSSIBILIT\u00c0 PI\u00d9 PROBABILI SONO, IN PRIMO LUOGO, CHE I SOLDATI DI PUTIN ABBIANO COLPITO LA POLONIA PER ERRORE.\u00a0SONO SPESSO POCO ADDESTRATI E UBRIACHI.\u00a0IN QUESTO CASO, IL TIRANNO DEVE SCUSARSI FORMALMENTE, CHIEDERE PERDONO IN GINOCCHIO, PER COS\u00cc DIRE, MENTRE AEREI DA COMBATTIMENTO NATO ARMATI VOLANO INTORNO AL SUO PAESE.<\/p>\n<p>NON \u00c8 ABITUATO A QUESTO. QUANDO LE SUE TRUPPE ABBATTERONO UN AEREO PASSEGGERI NEL 2014, UCCIDENDO 298 PERSONE, NON CI FURONO CONSEGUENZE.<\/p>\n<p>OPPURE, IN ALTERNATIVA, PUTIN HA ATTACCATO DI PROPOSITO LA NATO.\u00a0IN QUESTO CASO, L\u2019ALLEANZA DEVE REAGIRE DURAMENTE, PERCH\u00c9 LA NATO NON PU\u00d2 SEMPLICEMENTE LASCIARE CHE IL SUO TERRITORIO SIA BOMBARDATO O LASCIARE CHE I SUOI CITTADINI MUOIANO SOTTO UNA PIOGGIA DI BOMBE RUSSE.\u00a0PUTIN RISPONDER\u00c0 SOLO CON LA FORZA.<\/p>\n<p>SE DOVESSE ESSERE VERA L\u2019IMPROBABILE TERZA POSSIBILIT\u00c0, CHE L\u2019ESPLOSIONE SIA STATA IL RISULTATO DELLA DIFESA AEREA UCRAINA, ALLORA \u2013 IN EFFETTI \u2013 ANCHE IN QUEL CASO LA COLPA \u00c8 DEI RUSSI.\u00a0PERCH\u00c9 STANNO GIOCANDO CON IL FUOCO AL CONFINE DELLA NATO.<\/p>\n<p>IL FOLLE TIRANNO CI STA AVVICINANDO SEMPRE DI PI\u00d9 ALLA TERZA GUERRA MONDIALE.<\/p><\/blockquote>\n<p>Questa mattina, il giornale di Boie riportava\u00a0\u00a0<a href=\"https:\/\/bildblog.de\/136445\/bild-und-die-unwahrscheinliche-dritte-moeglichkeit\/\">un titolo in prima pagina che gridava<\/a>\u00a0\u201cPutin lancia razzi contro la Polonia\u201d.<\/p>\n<p>Ora che sia\u00a0 la\u00a0<a href=\"https:\/\/www.tagesspiegel.de\/politik\/explosion-in-polen-biden-bezeichnet-abschuss-der-rakete-aus-russland-als-unwahrscheinlich-8881429.html\">Polonia<\/a>\u00a0\u00a0che\u00a0\u00a0<a href=\"https:\/\/apnews.com\/article\/g-20-summit-nato-biden-andrzej-duda-25e615909ba0d871d5092f5b3aec21c8\">gli americani<\/a>\u00a0\u00a0hanno chiarito che l\u2019esplosione \u00e8 stata causata da un missile di difesa aerea ucraino vagante, la storia \u00e8 scomparsa del tutto dai vertici\u00a0di\u00a0<em>Bild.de.\u00a0<\/em>Immagino che non siano cos\u00ec interessati a strappare scuse a uno Zelensky inginocchiato.\u00a0Nel frattempo, quell\u2019altro grande organo di Axel Springer,\u00a0<em>Welt<\/em>\u00a0, sta pubblicando pezzi per limitare i danni, come questo dell\u2019odioso mediocre Clemens Wergin, che sostiene che \u201c\u00a0<a href=\"https:\/\/www.welt.de\/politik\/ausland\/plus242155787\/Polen-Ohne-Russlands-Kriegsverbrechen-waere-es-nie-zum-Unglueck-in-Polen-gekommen.html\">Senza i crimini di guerra della Russia, non si sarebbe mai arrivati \u200b\u200ball\u2019incidente in Polonia.\u00a0<\/a>\u201c<\/p>\n<p>Ci sono alcune osservazioni da fare su questa piccola tempesta in una tazza da t\u00e8.\u00a0La prima \u00e8 che, nonostante le apparenze, non tutto il governo americano e non tutta la Nato hanno perso completamente la testa.\u00a0Scholz, Macron e altri hanno chiesto cautela ed evitato dichiarazioni di colpa aperte, e oggi abbiamo assistito a una campagna chiaramente coordinata per spostare la responsabilit\u00e0 diretta dalla Russia.\u00a0La seconda \u00e8 che ci sono, tuttavia, molte persone potenti, nella NATO e altrove, che sono davvero totalmente, stratosfericamente pazze.\u00a0Questi includono molto probabilmente quell\u2019anonimo alto funzionario dell\u2019intelligence che ha parlato con l\u2019\u00a0<em>Associated Press<\/em>, e anche gran parte dei media, che hanno preso l\u2019abitudine di stampare comunicati stampa ucraini riscaldati come notizie, e che non hanno mai recuperato del tutto i sensi da quando li hanno persi nel grande panico del Corona virus.<\/p>\n<p>Deve essere divertente infuriarsi per i mali tirannici della Russia e le virt\u00f9 democratiche dei paesi della NATO, la maggior parte dei quali ha passato gli ultimi tre anni a negare ai loro presunti cittadini liberi ogni sorta di diritti e libert\u00e0 fondamentali.\u00a0\u00c8 anche incredibilmente pericoloso.\u00a0Un attacco diretto della NATO alla Russia sarebbe una catastrofe per l\u2019Europa.\u00a0Forse qualcuno dovrebbe cercare di frenare la stampa e svezzarli dalla loro dipendenza dalle crisi prima che si imbattano in un\u2019altra pretesa di invocare l\u2019articolo 5. Non c\u2019\u00e8 alcuna garanzia che il prossimo sar\u00e0 chiarito cos\u00ec rapidamente.<\/p>\n<p><strong>FONTE:\u00a0<a href=\"https:\/\/www.databaseitalia.it\/la-stampa-e-completamente-pazza-e-rischia-di-farci-ammazzare-tutti\/?amp=1\">https:\/\/www.databaseitalia.it\/la-stampa-e-completamente-pazza-e-rischia-di-farci-ammazzare-tutti\/?amp=1<\/a><\/strong><\/p>\n","protected":false},"excerpt":{"rendered":"<p>di DATA BASE ITALIA (Davide Donateo) Ieri (16 novembre), intorno alle 15.40, un razzo \u00e8 esploso nel villaggio polacco di Przewod\u00f3w. Due persone sono morte. Il presidente ucraino Volodymyr Zelensky\u00a0 ha immediatamente incolpato la Russia\u00a0, arrivando poi a definire il presunto attacco come un\u00a0\u00a0messaggio di Putin al vertice del G20\u00a0.\u00a0Poi l\u2019\u00a0Associated Press\u00a0\u00a0ha riferito di aver sentito da \u201cun alto funzionario dell\u2019intelligence statunitense\u201d affermare che i \u201cmissili russi\u201d erano responsabili dell\u2019attacco\u00a0, e da allora in poi&#46;&#46;&#46;<\/p>\n","protected":false},"author":103,"featured_media":73039,"comment_status":"open","ping_status":"open","sticky":false,"template":"","format":"standard","meta":{"jetpack_post_was_ever_published":false,"_jetpack_newsletter_access":"","_jetpack_dont_email_post_to_subs":false,"_jetpack_newsletter_tier_id":0,"_jetpack_memberships_contains_paywalled_content":false,"_jetpack_memberships_contains_paid_content":false,"footnotes":"","jetpack_publicize_message":"","jetpack_publicize_feature_enabled":true,"jetpack_social_post_already_shared":true,"jetpack_social_options":{"image_generator_settings":{"template":"highway","enabled":false},"version":2}},"categories":[32],"tags":[],"jetpack_publicize_connections":[],"jetpack_featured_media_url":"https:\/\/appelloalpopolo.it\/wp-content\/uploads\/2022\/06\/Databaseitalia.it-logo.jpg","jetpack_sharing_enabled":true,"jetpack_shortlink":"https:\/\/wp.me\/p7ZaJ4-jFw","_links":{"self":[{"href":"https:\/\/appelloalpopolo.it\/index.php?rest_route=\/wp\/v2\/posts\/75610"}],"collection":[{"href":"https:\/\/appelloalpopolo.it\/index.php?rest_route=\/wp\/v2\/posts"}],"about":[{"href":"https:\/\/appelloalpopolo.it\/index.php?rest_route=\/wp\/v2\/types\/post"}],"author":[{"embeddable":true,"href":"https:\/\/appelloalpopolo.it\/index.php?rest_route=\/wp\/v2\/users\/103"}],"replies":[{"embeddable":true,"href":"https:\/\/appelloalpopolo.it\/index.php?rest_route=%2Fwp%2Fv2%2Fcomments&post=75610"}],"version-history":[{"count":1,"href":"https:\/\/appelloalpopolo.it\/index.php?rest_route=\/wp\/v2\/posts\/75610\/revisions"}],"predecessor-version":[{"id":75612,"href":"https:\/\/appelloalpopolo.it\/index.php?rest_route=\/wp\/v2\/posts\/75610\/revisions\/75612"}],"wp:featuredmedia":[{"embeddable":true,"href":"https:\/\/appelloalpopolo.it\/index.php?rest_route=\/wp\/v2\/media\/73039"}],"wp:attachment":[{"href":"https:\/\/appelloalpopolo.it\/index.php?rest_route=%2Fwp%2Fv2%2Fmedia&parent=75610"}],"wp:term":[{"taxonomy":"category","embeddable":true,"href":"https:\/\/appelloalpopolo.it\/index.php?rest_route=%2Fwp%2Fv2%2Fcategories&post=75610"},{"taxonomy":"post_tag","embeddable":true,"href":"https:\/\/appelloalpopolo.it\/index.php?rest_route=%2Fwp%2Fv2%2Ftags&post=75610"}],"curies":[{"name":"wp","href":"https:\/\/api.w.org\/{rel}","templated":true}]}}